{"id":65063,"date":"2019-06-20T12:01:11","date_gmt":"2019-06-20T15:01:11","guid":{"rendered":"http:\/\/portalcatolico.net\/portal\/?p=65063"},"modified":"2019-06-20T12:03:33","modified_gmt":"2019-06-20T15:03:33","slug":"solenidades-corpus-christi-acontecem-em-itabuna","status":"publish","type":"post","link":"https:\/\/portalcatolico.net\/portal\/solenidades-corpus-christi-acontecem-em-itabuna\/","title":{"rendered":"Solenidades Corpus Christi acontecem em Itabuna"},"content":{"rendered":"<p>A Solenidade de Corpus Christi foi&nbsp; celebrada nesta quinta-feira (20), na da par\u00f3quia Santa Rita de C\u00e1ssia em Itabuna (BA), por centenas de fieis e religiosos, como paroquianos, pastorais, movimentos e comunidades.<\/p>\n<p>A santa&nbsp;missa teve in\u00edcio \u00e0s 7h&nbsp; e foi presidida pelo p\u00e1roco da Igreja matriz,&nbsp;o Pe. Frei Jos\u00e9 Genilton. A concelebra\u00e7\u00e3o foi feita pelos confrades&nbsp;capuchinhos: os&nbsp;freis Anailton Brito e Carlos In\u00e1cio.&nbsp;Na oportunidade, frei Genilton falou sobre a origem dessa solenidade: &#8220;Um milagre eucar\u00edstico do s\u00e9culo XIII est\u00e1 relacionado \u00e0 origem da&nbsp;Solenidade de Corpus Christi, que a Igreja celebra na quinta-feira ap\u00f3s&nbsp;o domingo da Sant\u00edssima Trindade, embora em alguns pa\u00edses as igrejas&nbsp;locais decidem mov\u00ea-la para o domingo seguinte, por uma quest\u00e3o&nbsp;pastoral.<\/p>\n<p>Nesta Solenidade, a Igreja presta \u00e0 Eucaristia um culto&nbsp;p\u00fablico e solene de adora\u00e7\u00e3o, gratid\u00e3o e amor, sendo a prociss\u00e3o de&nbsp;Corpus Christi uma das mais importantes em toda a Igreja Universal&#8221;.<br \/>\nAp\u00f3s a missa, os fi\u00e9is tiveram um momento do Sant\u00edssimo exposto. Em&nbsp;seguida, como j\u00e1 tradi\u00e7\u00e3o,&nbsp;&nbsp;foram confeccionados os tapetes. Ap\u00f3s este momento,&nbsp;&nbsp;o padre deu&nbsp;&nbsp;a b\u00ean\u00e7\u00e3o&nbsp; final com o&nbsp;Sant\u00edssimo.<\/p>\n<p>\u00c0s 15h,a Solenidade de Corpus Christi acontece na Catedral Diocesana de&nbsp;S\u00e3o Jos\u00e9 com a presid\u00eancia do Bispo Dom Carlos Alberto dos Santos&nbsp; e&nbsp;do clero da Faronia Centro, que \u00e9 composta por 14 par\u00f3quias em Itabuna.<\/p>\n<p>Confira todas as fotos&nbsp; e v\u00eddeo em nossa p\u00e1gina oficial no Facebook: https:\/\/www.facebook.com\/portalcatolicooficial\/<\/p>\n<p><strong>Assista o v\u00eddeo<\/strong><\/p>\n<p><iframe loading=\"lazy\"  id=\"_ytid_42763\"  width=\"480\" height=\"270\"  data-origwidth=\"480\" data-origheight=\"270\" src=\"https:\/\/www.youtube.com\/embed\/LWEO8C7vfhM?enablejsapi=1&#038;autoplay=0&#038;cc_load_policy=0&#038;cc_lang_pref=&#038;iv_load_policy=1&#038;loop=0&#038;rel=1&#038;fs=1&#038;playsinline=0&#038;autohide=2&#038;theme=dark&#038;color=red&#038;controls=1&#038;disablekb=0&#038;\" class=\"__youtube_prefs__  epyt-is-override  no-lazyload\" title=\"YouTube player\"  allow=\"fullscreen; accelerometer; autoplay; clipboard-write; encrypted-media; gyroscope; picture-in-picture; web-share\" referrerpolicy=\"strict-origin-when-cross-origin\" allowfullscreen data-no-lazy=\"1\" data-skipgform_ajax_framebjll=\"\"><\/iframe><\/p>\n","protected":false},"excerpt":{"rendered":"<p>A Solenidade de Corpus Christi foi&nbsp; celebrada nesta quinta-feira (20), na da par\u00f3quia Santa Rita de C\u00e1ssia em Itabuna (BA), por centenas de fieis e religiosos, como paroquianos, pastorais, movimentos e comunidades. A santa&nbsp;missa teve in\u00edcio \u00e0s 7h&nbsp; e foi presidida pelo p\u00e1roco da Igreja matriz,&nbsp;o Pe. Frei Jos\u00e9 Genilton. A concelebra\u00e7\u00e3o foi feita pelos&nbsp;<\/p>\n<p><a class=\"btn btn-style\" href=\"https:\/\/portalcatolico.net\/portal\/solenidades-corpus-christi-acontecem-em-itabuna\/\">Continue Reading<\/a><\/p>\n","protected":false},"author":2,"featured_media":65064,"comment_status":"open","ping_status":"open","sticky":false,"template":"","format":"standard","meta":{"footnotes":""},"categories":[4],"tags":[],"class_list":["post-65063","post","type-post","status-publish","format-standard","has-post-thumbnail","hentry","category-destaques"],"_links":{"self":[{"href":"https:\/\/portalcatolico.net\/portal\/wp-json\/wp\/v2\/posts\/65063","targetHints":{"allow":["GET"]}}],"collection":[{"href":"https:\/\/portalcatolico.net\/portal\/wp-json\/wp\/v2\/posts"}],"about":[{"href":"https:\/\/portalcatolico.net\/portal\/wp-json\/wp\/v2\/types\/post"}],"author":[{"embeddable":true,"href":"https:\/\/portalcatolico.net\/portal\/wp-json\/wp\/v2\/users\/2"}],"replies":[{"embeddable":true,"href":"https:\/\/portalcatolico.net\/portal\/wp-json\/wp\/v2\/comments?post=65063"}],"version-history":[{"count":3,"href":"https:\/\/portalcatolico.net\/portal\/wp-json\/wp\/v2\/posts\/65063\/revisions"}],"predecessor-version":[{"id":65067,"href":"https:\/\/portalcatolico.net\/portal\/wp-json\/wp\/v2\/posts\/65063\/revisions\/65067"}],"wp:featuredmedia":[{"embeddable":true,"href":"https:\/\/portalcatolico.net\/portal\/wp-json\/wp\/v2\/media\/65064"}],"wp:attachment":[{"href":"https:\/\/portalcatolico.net\/portal\/wp-json\/wp\/v2\/media?parent=65063"}],"wp:term":[{"taxonomy":"category","embeddable":true,"href":"https:\/\/portalcatolico.net\/portal\/wp-json\/wp\/v2\/categories?post=65063"},{"taxonomy":"post_tag","embeddable":true,"href":"https:\/\/portalcatolico.net\/portal\/wp-json\/wp\/v2\/tags?post=65063"}],"curies":[{"name":"wp","href":"https:\/\/api.w.org\/{rel}","templated":true}]}}