{"id":64990,"date":"2019-06-14T20:08:49","date_gmt":"2019-06-14T23:08:49","guid":{"rendered":"http:\/\/portalcatolico.net\/portal\/?p=64990"},"modified":"2019-06-14T20:08:49","modified_gmt":"2019-06-14T23:08:49","slug":"semana-do-migrante-na-paroquia-ascensao-do-senhor","status":"publish","type":"post","link":"https:\/\/portalcatolico.net\/portal\/semana-do-migrante-na-paroquia-ascensao-do-senhor\/","title":{"rendered":"Semana do Migrante na Par\u00f3quia Ascens\u00e3o do Senhor"},"content":{"rendered":"<p><em>Em 2018, a Pastoral acolheu 50 migrantes e refugiados vindos da Venezuela, Haiti, Paraguai, Uruguai e Senegal<\/em><\/p>\n<p>Entre os dias 16 e 23 de junho, a Igreja celebra a 34\u00aa Semana do Migrante. Este ano, o tema escolhido para as reflex\u00f5es \u00e9&nbsp;<em>Migra\u00e7\u00e3o e Pol\u00edticas P\u00fablicas<\/em>, ampliando as discuss\u00f5es propostas pela Campanha da Fraternidade 2019. Em Salvador, a Par\u00f3quia Ascens\u00e3o do Senhor, atrav\u00e9s da Pastoral do Migrante e do Centro Comunit\u00e1rio Monsenhor Jos\u00e9 Hamilton (CCMJH) preparou uma programa\u00e7\u00e3o especial.<\/p>\n<p>No dia&nbsp;<em>16 de junho (domingo)<\/em>&nbsp;ser\u00e1 realizada a abertura da&nbsp;<em>Semana do Migrante<\/em>&nbsp;com uma Missa \u00e0s 9h, na Matriz, localizada no Centro Administrativo da Bahia (CAB). Durante toda a manh\u00e3, os migrantes atendidos pela par\u00f3quia participam de uma feira de produtos t\u00edpicos dos seus pa\u00edses, como artesanato, bebidas e comidas. No&nbsp;<em>dia 22 de junho<\/em>&nbsp;acontecer\u00e1 o&nbsp;<em>Encontro com os Imigrantes<\/em>, a partir das 15h; e no&nbsp;<em>dia 23<\/em>, uma Missa \u00e0s 11h encerrar\u00e1 as comemora\u00e7\u00f5es.<\/p>\n<p>Em 2018, cerca de 50 migrantes e refugiados foram atendidos pela Pastoral do Migrante da Par\u00f3quia Ascens\u00e3o do Senhor. S\u00e3o venezuelanos, haitianos, paraguaios, uruguaios e senegaleses. Acolhimento e aten\u00e7\u00e3o humanizada s\u00e3o as prioridades desta a\u00e7\u00e3o que, tamb\u00e9m, ofereceu montagem de casas com o m\u00ednimo necess\u00e1rio para viver, encaminhamento para o mercado de trabalho, para m\u00e9dicos e hospitais, organiza\u00e7\u00e3o para cooperativas de trabalho, assessoria para tirar documenta\u00e7\u00e3o e todo o mais necess\u00e1rio para que eles se adaptem e possam constituir vida nova em terras brasileiras e baianas.<\/p>\n<p>Ao debater os problemas sociais brasileiros sob a \u00f3tica das migra\u00e7\u00f5es, a Pastoral do Migrante contribui para a forma\u00e7\u00e3o de seus agentes, seja para a acolhida, seja para a media\u00e7\u00e3o que visa a uma interven\u00e7\u00e3o pastoral mais eficaz, ajudando as pessoas e, sobretudo, colaborando o mundo da pol\u00edtica a entender que migrar \u00e9 um direito humano e que \u00e9 necess\u00e1rio efetivar pol\u00edticas justas que resguardem o direito de toda pessoa, independente da sua origem e destino.<\/p>\n<p>Por Sara Gomes\/Arquidiocese de Salvador (BA)<\/p>\n","protected":false},"excerpt":{"rendered":"<p>Em 2018, a Pastoral acolheu 50 migrantes e refugiados vindos da Venezuela, Haiti, Paraguai, Uruguai e Senegal Entre os dias 16 e 23 de junho, a Igreja celebra a 34\u00aa Semana do Migrante. Este ano, o tema escolhido para as reflex\u00f5es \u00e9&nbsp;Migra\u00e7\u00e3o e Pol\u00edticas P\u00fablicas, ampliando as discuss\u00f5es propostas pela Campanha da Fraternidade 2019. Em&nbsp;<\/p>\n<p><a class=\"btn btn-style\" href=\"https:\/\/portalcatolico.net\/portal\/semana-do-migrante-na-paroquia-ascensao-do-senhor\/\">Continue Reading<\/a><\/p>\n","protected":false},"author":2,"featured_media":64991,"comment_status":"open","ping_status":"open","sticky":false,"template":"","format":"standard","meta":{"footnotes":""},"categories":[1],"tags":[],"class_list":["post-64990","post","type-post","status-publish","format-standard","has-post-thumbnail","hentry","category-agenda"],"_links":{"self":[{"href":"https:\/\/portalcatolico.net\/portal\/wp-json\/wp\/v2\/posts\/64990","targetHints":{"allow":["GET"]}}],"collection":[{"href":"https:\/\/portalcatolico.net\/portal\/wp-json\/wp\/v2\/posts"}],"about":[{"href":"https:\/\/portalcatolico.net\/portal\/wp-json\/wp\/v2\/types\/post"}],"author":[{"embeddable":true,"href":"https:\/\/portalcatolico.net\/portal\/wp-json\/wp\/v2\/users\/2"}],"replies":[{"embeddable":true,"href":"https:\/\/portalcatolico.net\/portal\/wp-json\/wp\/v2\/comments?post=64990"}],"version-history":[{"count":1,"href":"https:\/\/portalcatolico.net\/portal\/wp-json\/wp\/v2\/posts\/64990\/revisions"}],"predecessor-version":[{"id":64992,"href":"https:\/\/portalcatolico.net\/portal\/wp-json\/wp\/v2\/posts\/64990\/revisions\/64992"}],"wp:featuredmedia":[{"embeddable":true,"href":"https:\/\/portalcatolico.net\/portal\/wp-json\/wp\/v2\/media\/64991"}],"wp:attachment":[{"href":"https:\/\/portalcatolico.net\/portal\/wp-json\/wp\/v2\/media?parent=64990"}],"wp:term":[{"taxonomy":"category","embeddable":true,"href":"https:\/\/portalcatolico.net\/portal\/wp-json\/wp\/v2\/categories?post=64990"},{"taxonomy":"post_tag","embeddable":true,"href":"https:\/\/portalcatolico.net\/portal\/wp-json\/wp\/v2\/tags?post=64990"}],"curies":[{"name":"wp","href":"https:\/\/api.w.org\/{rel}","templated":true}]}}