{"id":64980,"date":"2019-06-14T06:26:45","date_gmt":"2019-06-14T09:26:45","guid":{"rendered":"http:\/\/portalcatolico.net\/portal\/?p=64980"},"modified":"2019-06-14T06:27:22","modified_gmt":"2019-06-14T09:27:22","slug":"paroquias-se-preparam-para-a-solenidade-de-corpus-christi","status":"publish","type":"post","link":"https:\/\/portalcatolico.net\/portal\/paroquias-se-preparam-para-a-solenidade-de-corpus-christi\/","title":{"rendered":"Par\u00f3quias se preparam para a Solenidade de Corpus Christi!"},"content":{"rendered":"<p>A Solenidade de Corpus Christi nos convida a meditar o caminho de Cristo&nbsp;atrav\u00e9s da hist\u00f3ria, uma hist\u00f3ria escrita desde as origens por Deus e&nbsp;pelo homem.&nbsp; A Eucaristia, sacramento da morte e ressurrei\u00e7\u00e3o do Senhor,&nbsp;constitui o centro deste itiner\u00e1rio espiritual.<\/p>\n<p>No dia 20 de junho, a Igreja Cat\u00f3lica celebrar\u00e1 a Solenidade do&nbsp;Sant\u00edssimo Corpo e Sangue de Jesus Cristo (Corpus Christi). Na Diocese&nbsp;de Itabuna, no sul da Bahia, dom Carlos Alberto dos Santos, bispo&nbsp;diocesano da diocese de Itabuna, presidir\u00e1 a Missa Solene na par\u00f3quia&nbsp;Catedral de S\u00e3o Jos\u00e9, \u00e0s 15h. Logo ap\u00f3s a Celebra\u00e7\u00e3o Eucar\u00edstica, haver\u00e1&nbsp;a prociss\u00e3o com o Sant\u00edssimo Sacramento pelas principais ruas e avenida&nbsp;do centro da cidade, onde no final da prociss\u00e3o haver\u00e1 a b\u00ean\u00e7\u00e3o final.&nbsp;<\/p>\n<p>Corpo de Cristo, \u00e9 uma festa religiosa da Igreja Cat\u00f3lica que tem por&nbsp;objetivo celebrar o mist\u00e9rio da eucaristia, o sacramento do corpo e do&nbsp;sangue de Jesus Cristo.<br \/>\nVale ressaltar que neste dia, as par\u00f3quias da Faronia Centro em Itabuna&nbsp;t\u00eam programa\u00e7\u00f5es pr\u00f3prias.<\/p>\n<p>A Festa de Corpus Christi surgiu no s\u00e9c. XIII,&nbsp; na diocese de Li\u00e8ge, na&nbsp;B\u00e9lgica, por iniciativa da freira Juliana de Mont Cornillon, (\u20201258) que&nbsp;recebia vis\u00f5es nas quais o pr\u00f3prio Jesus lhe pedia uma festa lit\u00fargica&nbsp;anual em honra da Sagrada Eucaristia.<br \/>\nAconteceu que quando o padre Pedro de Praga, da Bo\u00eamia, celebrou uma&nbsp;Missa na cripta de Santa Cristina, em Bolsena, It\u00e1lia, ocorreu um&nbsp;milagre eucar\u00edstico: da h\u00f3stia consagrada come\u00e7aram a cair gotas de&nbsp;sangue sobre o corporal ap\u00f3s a consagra\u00e7\u00e3o. Dizem que isto ocorreu&nbsp;porque o padre teria duvidado da presen\u00e7a real de Cristo na Eucaristia.<br \/>\nA Solenidade de Corpus Christi teve in\u00edcio somente no ano de 1264, por&nbsp;meio da bula Transiturus de hoc mundo, institu\u00edda pelo Papa Urbano IV.&nbsp;No ano de 1269, a solenidade foi oficialmente decretada.<\/p>\n<p><strong>Tapetes, arte e religiosidade.<\/strong><br \/>\nEm muitos lugares criou-se o belo costume de enfeitar as casas com&nbsp;orat\u00f3rios e flores e as ruas com tapetes ornamentados, tudo em honra do&nbsp;Senhor que vem visitar o seu povo.<br \/>\nNo dia dedicado ao Corpo de Deus (Corpus Christi), v\u00e1rias cidades&nbsp;brasileiras, organizam prociss\u00f5es, que percorrem as ruas enfeitadas com&nbsp;tapetes. A confec\u00e7\u00e3o de tapetes de rua \u00e9 uma magn\u00edfica manifesta\u00e7\u00e3o de&nbsp;arte popular utilizando diversos tipos de materiais, como serragem colorida, borra de&nbsp;<br \/>\ncaf\u00e9, farinha, areia e alguns pequenos acess\u00f3rios, como tampinhas de&nbsp;garrafas, flores e folhas, as pessoas montam, com grande arte, um tapete&nbsp;pelas ruas, formando desenhos relacionados ao Sant\u00edssimo.<br \/>\nPor este tapete passa a prociss\u00e3o. O sacerdote vai \u00e0 frente carregando o&nbsp;ostens\u00f3rio e, em seguida, pelas pessoas que participam da festa. Tudo isto&nbsp;tem muito sentido e deve ser preservado.<\/p>\n<p>Foto\/Acervo\/Portal Cat\u00f3lico em 2018<\/p>\n","protected":false},"excerpt":{"rendered":"<p>A Solenidade de Corpus Christi nos convida a meditar o caminho de Cristo&nbsp;atrav\u00e9s da hist\u00f3ria, uma hist\u00f3ria escrita desde as origens por Deus e&nbsp;pelo homem.&nbsp; A Eucaristia, sacramento da morte e ressurrei\u00e7\u00e3o do Senhor,&nbsp;constitui o centro deste itiner\u00e1rio espiritual. No dia 20 de junho, a Igreja Cat\u00f3lica celebrar\u00e1 a Solenidade do&nbsp;Sant\u00edssimo Corpo e Sangue de&nbsp;<\/p>\n<p><a class=\"btn btn-style\" href=\"https:\/\/portalcatolico.net\/portal\/paroquias-se-preparam-para-a-solenidade-de-corpus-christi\/\">Continue Reading<\/a><\/p>\n","protected":false},"author":2,"featured_media":64981,"comment_status":"open","ping_status":"open","sticky":false,"template":"","format":"standard","meta":{"footnotes":""},"categories":[4],"tags":[],"class_list":["post-64980","post","type-post","status-publish","format-standard","has-post-thumbnail","hentry","category-destaques"],"_links":{"self":[{"href":"https:\/\/portalcatolico.net\/portal\/wp-json\/wp\/v2\/posts\/64980","targetHints":{"allow":["GET"]}}],"collection":[{"href":"https:\/\/portalcatolico.net\/portal\/wp-json\/wp\/v2\/posts"}],"about":[{"href":"https:\/\/portalcatolico.net\/portal\/wp-json\/wp\/v2\/types\/post"}],"author":[{"embeddable":true,"href":"https:\/\/portalcatolico.net\/portal\/wp-json\/wp\/v2\/users\/2"}],"replies":[{"embeddable":true,"href":"https:\/\/portalcatolico.net\/portal\/wp-json\/wp\/v2\/comments?post=64980"}],"version-history":[{"count":1,"href":"https:\/\/portalcatolico.net\/portal\/wp-json\/wp\/v2\/posts\/64980\/revisions"}],"predecessor-version":[{"id":64982,"href":"https:\/\/portalcatolico.net\/portal\/wp-json\/wp\/v2\/posts\/64980\/revisions\/64982"}],"wp:featuredmedia":[{"embeddable":true,"href":"https:\/\/portalcatolico.net\/portal\/wp-json\/wp\/v2\/media\/64981"}],"wp:attachment":[{"href":"https:\/\/portalcatolico.net\/portal\/wp-json\/wp\/v2\/media?parent=64980"}],"wp:term":[{"taxonomy":"category","embeddable":true,"href":"https:\/\/portalcatolico.net\/portal\/wp-json\/wp\/v2\/categories?post=64980"},{"taxonomy":"post_tag","embeddable":true,"href":"https:\/\/portalcatolico.net\/portal\/wp-json\/wp\/v2\/tags?post=64980"}],"curies":[{"name":"wp","href":"https:\/\/api.w.org\/{rel}","templated":true}]}}