{"id":64972,"date":"2019-06-13T18:48:27","date_gmt":"2019-06-13T21:48:27","guid":{"rendered":"http:\/\/portalcatolico.net\/portal\/?p=64972"},"modified":"2019-06-13T18:48:27","modified_gmt":"2019-06-13T21:48:27","slug":"francisco-a-nuncios-defendam-a-igreja-e-nao-se-juntem-a-blogs-e-grupos-hostis-ao-papa","status":"publish","type":"post","link":"https:\/\/portalcatolico.net\/portal\/francisco-a-nuncios-defendam-a-igreja-e-nao-se-juntem-a-blogs-e-grupos-hostis-ao-papa\/","title":{"rendered":"Francisco a N\u00fancios: defendam a Igreja e n\u00e3o se juntem a blogs e grupos hostis ao Papa"},"content":{"rendered":"<div class=\"article__subTitle\">O Pont\u00edfice encontrou os N\u00fancios no Vaticano e, em discurso escrito para a ocasi\u00e3o, compartilhou preceitos simples para a miss\u00e3o pontif\u00edcia. No dec\u00e1logo, dirigido tamb\u00e9m a bispos e sacerdotes de todo o mundo, a import\u00e2ncia do Representante Pontif\u00edcio como homem de Deus, de Igreja, de zelo apost\u00f3lico e de reconcilia\u00e7\u00e3o, de homem do Papa, de iniciativa, de obedi\u00eancia, de ora\u00e7\u00e3o, caridade e humildade.<\/div>\n<div>&nbsp;<\/div>\n<h3><strong>Ou\u00e7a a reportagem com o dec\u00e1logo do Papa aos N\u00fancios<\/strong><\/h3>\n<audio class=\"wp-audio-shortcode\" id=\"audio-64972-1\" preload=\"none\" style=\"width: 100%;\" controls=\"controls\"><source type=\"audio\/mpeg\" src=\"http:\/\/portalcatolico.net\/portal\/wp-content\/uploads\/2019\/06\/135084522_F135084522.mp3?_=1\" \/><a href=\"http:\/\/portalcatolico.net\/portal\/wp-content\/uploads\/2019\/06\/135084522_F135084522.mp3\">http:\/\/portalcatolico.net\/portal\/wp-content\/uploads\/2019\/06\/135084522_F135084522.mp3<\/a><\/audio>\n<div class=\"title__separator\">\n<p>Na manh\u00e3 desta quinta-feira (13) e pela terceira vez no Vaticano, o Papa Francisco recebeu em audi\u00eancia mais de 100 Representantes Pontif\u00edcios, dois quais 98 N\u00fancios Apost\u00f3licos. O encontro faz parte de uma reuni\u00e3o, convocada pelo pr\u00f3prio Pont\u00edfice, que termina no s\u00e1bado (15) e contempla momentos de espiritualidade e sess\u00f5es de trabalho sobre atualidade eclesial, de colabora\u00e7\u00e3o internacional e di\u00e1logo inter-religioso.<\/p>\n<p>O Papa dirigiu algumas palavras em car\u00e1ter privado e entregou o discurso escrito para a ocasi\u00e3o, que come\u00e7ava com um convite: analisar a vida da Igreja com \u201colhos de pastores\u201d e refletir sobre a \u201cmiss\u00e3o delicada e importante\u201d dos Representantes Pontif\u00edcios. Para isso, Francisco compartilhou alguns preceitos \u201csimples e elementares\u201d atrav\u00e9s de um \u201cdec\u00e1logo\u201d, dirigido tamb\u00e9m aos colaboradores, para fazer o servi\u00e7o com \u201co mesmo entusiasmo do primeiro mandato\u201d. Nas orienta\u00e7\u00f5es, escreveu o Papa, dirigidas tamb\u00e9m a bispos e sacerdotes de todo o mundo, a import\u00e2ncia do Representante Pontif\u00edcio como homem de Deus, de Igreja, de zelo apost\u00f3lico e de reconcilia\u00e7\u00e3o, de homem do Papa, de iniciativa, de obedi\u00eancia, de ora\u00e7\u00e3o, caridade e humildade.<\/p>\n<h3>1 &#8211; O N\u00fancio \u00e9 homem de Deus<\/h3>\n<p>Francisco descreveu o \u201chomem de Deus\u201d como aquele que segue \u201cDeus em tudo e para tudo\u201d, vivendo \u201cpelas coisas de Deus e n\u00e3o por aquelas do mundo. Para n\u00e3o \u201csair dos trilhos e prejudicar a Igreja\u201d, o N\u00fancio precisa saber caminhar com humildade, praticar a justi\u00e7a e manter o cora\u00e7\u00e3o aberto aos menos favorecidos da sociedade.<\/p>\n<div>\n<div class=\"article__embed article__embed--border embed_style\">\n<blockquote><p>\u201c O homem de Deus n\u00e3o ludibria e nem engana o seu pr\u00f3ximo; n\u00e3o cede a fofocas e boatos; conserva a mente e o cora\u00e7\u00e3o puros, preservando olhos e ouvidos da sujeira do mundo. N\u00e3o se deixa enganar pelos valores mundanos, mas olha para a Palavra de Deus para julgar o que for apropriado e bom. O homem de Deus procura seriamente ser \u2018santo e irrepreens\u00edvel diante dele\u2019 (Ef 1,4). \u201d<\/p><\/blockquote>\n<\/div>\n<\/div>\n<h3>2 \u2013 O N\u00fancio \u00e9 homem de Igreja<\/h3>\n<p>O Papa recordou que o N\u00fancio representa o Sucessor de Pedro e \u201co rosto, os ensinamentos e as posi\u00e7\u00f5es da Igreja\u201d. Para tanto, Francisco fez men\u00e7\u00e3o \u00e0 tenta\u00e7\u00e3o do servo mau ao falar de N\u00fancios que \u201ctratam mal os seus colaboradores\u201d e t\u00eam outras posturas:<\/p>\n<div>\n<div class=\"article__embed article__embed--border embed_style\">\n<blockquote><p>\u201c \u00c9 feio ver um N\u00fancio em busca de luxo, roupas e objetos \u2018de marca\u2019 entre pessoas que n\u00e3o t\u00eam o necess\u00e1rio. \u00c9 um contratestemunho. A maior honra para um homem de Igreja \u00e9 aquela de ser \u2018servo de todos\u2019. [\u2026] Ser homem de Igreja quer dizer defender corajosamente a Igreja diante das for\u00e7as do mal que sempre tentam desacredit\u00e1-la, difam\u00e1-la ou caluni\u00e1-la. \u201d<\/p><\/blockquote>\n<\/div>\n<\/div>\n<h3>3 &#8211; O N\u00fancio \u00e9 homem de zelo apost\u00f3lico<\/h3>\n<p>Francisco afirmou que o zelo apost\u00f3lico \u00e9 aquela for\u00e7a que \u201cnos protege do c\u00e2ncer da desilus\u00e3o\u201d e da tenta\u00e7\u00e3o de cair na \u201ctimidez e na indiferen\u00e7a dos c\u00e1lculos pol\u00edticos e diplom\u00e1ticos, ou mesmo no \u2018politicamente correto\u2019\u201d. O Pont\u00edfice, ent\u00e3o, citou a \u201cgrande figura de S\u00e3o Maximiliano Maria Kolbe\u201d, quando escreveu sobre a propaga\u00e7\u00e3o do \u201cindiferentismo\u201d, segundo o Papa, \u201cuma doen\u00e7a quase epid\u00eamica que vai se espalhando de v\u00e1rias formas, n\u00e3o s\u00f3 na generalidade dos fi\u00e9is, mas tamb\u00e9m entre os membros dos institutos religiosos\u201d.<\/p>\n<h3>4 \u2013 O N\u00fancio \u00e9 homem de reconcilia\u00e7\u00e3o<\/h3>\n<p>\u00c9 importante que o N\u00fancio, sendo um homem comunica\u00e7\u00e3o, seja tamb\u00e9m da \u201cmedia\u00e7\u00e3o, da comunh\u00e3o, do di\u00e1logo e da reconcilia\u00e7\u00e3o\u201d, acrescentou Francisco, procurando ainda ser \u201cimparcial e objetivo\u201d.<\/p>\n<p><i>\u201cSe um N\u00fancio se fechasse na Nunciatura e evitasse de encontrar as pessoas, trairia a sua miss\u00e3o e, ao inv\u00e9s de ser fator de comunh\u00e3o e de reconcilia\u00e7\u00e3o, se tornaria obst\u00e1culo e impedimento. Voc\u00eas n\u00e3o devem jamais esquecer que representam o rosto da catolicidade e a universalidade da Igreja nas igrejas locais espalhadas em todo o mundo e nos governos.\u201d<\/i><\/p>\n<h3>5 \u2013 O N\u00fancio \u00e9 homem do Papa<\/h3>\n<p>Francisco lembrou que o N\u00fancio n\u00e3o representa si pr\u00f3prio, mas o Sucessor de Pedro e, assim, \u201cconcretiza, atua e simboliza a presen\u00e7a do Papa entre os fi\u00e9is e as popula\u00e7\u00f5es. \u00c9 bonito que, em diversos pa\u00edses\u201d, disse o Pont\u00edfice, \u201ca Nunciatura \u00e9 chamada \u2018a Casa do Papa\u2019\u201d.<\/p>\n<p>Um bom N\u00fancio precisa ter uma vida de n\u00f4made, isto \u00e9, \u201cviver sempre com a mala pronta\u201d para ser enviado do Papa e da Igreja, inclusive nas comunidades onde o Pont\u00edfice n\u00e3o consegue chegar. E Francisco enfatizou:<\/p>\n<div>\n<div class=\"article__embed article__embed--border embed_style\">\n<blockquote><p>\u201c \u00c9, portanto, incompat\u00edvel o ser Representante Pontif\u00edcio com o criticar o Papa por tr\u00e1s, ter blogs ou at\u00e9 mesmo se unir a grupos hostis a Ele, \u00e0 C\u00faria e \u00e0 Igreja de Roma. \u201d<\/p><\/blockquote>\n<\/div>\n<\/div>\n<h3>6 \u2013 O N\u00fancio \u00e9 homem de iniciativa<\/h3>\n<p>O homem de iniciativa \u00e9 uma pessoa que segue as capacidades de Jesus e o modelo dos Ap\u00f3stolos, \u201c\u00e9 um mestre que sabe ensinar aos outros como se aproximar da realidade\u201d para n\u00e3o ser pego de surpresa pelas tempestades da vida.<\/p>\n<p>Al\u00e9m disso, disse o Papa, o N\u00fancio precisa \u201cadotar uma conduta adequada \u00e0s exig\u00eancias do momento, sem jamais cair nem na rigidez mental, espiritual e humana, nem na flexibilidade hip\u00f3crita e camale\u00f4nica. N\u00e3o se trata de ser oportunistas, mas de saber como passar do conceito \u00e0 implementa\u00e7\u00e3o, tendo em mente o bem comum e a lealdade ao mandato\u201d.<\/p>\n<h3>7 \u2013 O N\u00fancio \u00e9 homem de obedi\u00eancia<\/h3>\n<p>\u201cA virtude da obedi\u00eancia \u00e9 insepar\u00e1vel da liberdade\u201d, disse Francisco, e \u201ca obedi\u00eancia a Deus n\u00e3o se separa da obedi\u00eancia \u00e0 Igreja e aos Superiores\u201d. O N\u00fancio deve seguir o estilo de vida de Jesus de Nazar\u00e9 e, parafraseando tanto S\u00e3o Maximiliano Maria Kolbe como Santo Agostinho, o Papa alertou:<\/p>\n<p><i>\u201cUm N\u00fancio que n\u00e3o vive a virtude da obedi\u00eancia \u2013 mesmo quando \u00e9 dif\u00edcil e contr\u00e1rio \u00e0 pr\u00f3pria vis\u00e3o pessoal \u2013 \u00e9 como um viajante que perde a b\u00fassola, arriscando, assim, de falhar com o objetivo. Recordemos sempre o ditado \u2018Medice, cura te ipsum\u2019. \u00c9 contratestemunho chamar os outros \u00e0 obedi\u00eancia e desobedecer.\u201d<\/i><\/p>\n<h3>8 \u2013 O N\u00fancio \u00e9 homem de ora\u00e7\u00e3o<\/h3>\n<p>A rela\u00e7\u00e3o com o Senhor, a familiaridade com Jesus Cristo, deve ser alimento di\u00e1rio de um Representante Pontif\u00edcio, lembrou o Pont\u00edfice:<\/p>\n<p><i>\u201cA primeira tarefa de cada bispo, ent\u00e3o, \u00e9 aquela de se dedicar \u00e0 ora\u00e7\u00e3o e ao minist\u00e9rio da palavra. [\u2026] Sem a ora\u00e7\u00e3o nos tornamos simples funcion\u00e1rios, sempre descontentes e frustrados. A vida de ora\u00e7\u00e3o \u00e9 aquela luz que ilumina todo o resto e toda a obra do N\u00fancio e da sua miss\u00e3o\u201d.<\/i><\/p>\n<h3>9 \u2013 O N\u00fancio \u00e9 homem de caridade ativa<\/h3>\n<p>O Papa Francisco enalteceu a import\u00e2ncia do encontro com Jesus atrav\u00e9s da necessidade de \u201ctocar com as m\u00e3os a carne de Cristo\u201d, os pobres, as pessoas mais fr\u00e1geis, a inteira fam\u00edlia humana. N\u00e3o basta se limitar \u00e0s atividades pr\u00e1ticas e inerentes ao Representante Pontif\u00edcio, mas fazer render a miss\u00e3o com obras de caridade para ser realmente um pai e um pastor.<\/p>\n<p>O Pont\u00edfice, ao falar da caridade como gratuidade, tratou tamb\u00e9m do \u201cperigo permanente das regalias\u201d:<\/p>\n<div>\n<div class=\"article__embed article__embed--border embed_style\">\n<blockquote><p>\u201c A caridade ativa deve nos levar a sermos prudentes ao aceitar os presentes que s\u00e3o oferecidos para obscurecer a nossa objetividade e, em alguns casos, infelizmente comprar a nossa liberdade. Nenhum presente de qualquer valor deve nos escravizar! Recusem os presentes muito caros e, muitas vezes, in\u00fateis, ou enviem \u00e0 caridade. E recordem que receber um presente caro n\u00e3o justifica nunca o seu uso. \u201d<\/p><\/blockquote>\n<\/div>\n<\/div>\n<h3>10 &#8211; O N\u00fancio \u00e9 homem de humildade<\/h3>\n<p>O Papa conclui o discurso entregue aos Representantes Pontif\u00edcios, abordando o preceito do N\u00fancio como homem de humildade, ao repropor a ora\u00e7\u00e3o escrita por um Servo de Deus e ex-Secret\u00e1rio de Estado, o card. Rafael Merry del Val (1865-1930), que, em s\u00edntese, indica o caminho crist\u00e3o da humildade e do amor.<\/p>\n<\/div>\n<div class=\"article__text\">\n<p><b>Por: Andressa Collet\/ Vatican News<\/b><\/p>\n<p>As fotos da audi\u00eancia do Papa com os Representantes Pontif\u00edcios<\/p>\n<p><img loading=\"lazy\" decoding=\"async\" class=\"alignnone size-medium wp-image-64975\" src=\"http:\/\/portalcatolico.net\/portal\/wp-content\/uploads\/2019\/06\/cq5dam.thumbnail.cropped.750.422-1-1-300x169.jpeg\" alt=\"\" width=\"300\" height=\"169\" srcset=\"https:\/\/portalcatolico.net\/portal\/wp-content\/uploads\/2019\/06\/cq5dam.thumbnail.cropped.750.422-1-1-300x169.jpeg 300w, https:\/\/portalcatolico.net\/portal\/wp-content\/uploads\/2019\/06\/cq5dam.thumbnail.cropped.750.422-1-1.jpeg 750w\" sizes=\"auto, (max-width: 300px) 100vw, 300px\" \/> <img loading=\"lazy\" decoding=\"async\" class=\"alignnone size-medium wp-image-64976\" src=\"http:\/\/portalcatolico.net\/portal\/wp-content\/uploads\/2019\/06\/cq5dam.thumbnail.cropped.750.422-2-1-300x169.jpeg\" alt=\"\" width=\"300\" height=\"169\" srcset=\"https:\/\/portalcatolico.net\/portal\/wp-content\/uploads\/2019\/06\/cq5dam.thumbnail.cropped.750.422-2-1-300x169.jpeg 300w, https:\/\/portalcatolico.net\/portal\/wp-content\/uploads\/2019\/06\/cq5dam.thumbnail.cropped.750.422-2-1.jpeg 750w\" sizes=\"auto, (max-width: 300px) 100vw, 300px\" \/> <img loading=\"lazy\" decoding=\"async\" class=\"alignnone size-medium wp-image-64977\" src=\"http:\/\/portalcatolico.net\/portal\/wp-content\/uploads\/2019\/06\/cq5dam.thumbnail.cropped.750.422-4-300x169.jpeg\" alt=\"\" width=\"300\" height=\"169\" srcset=\"https:\/\/portalcatolico.net\/portal\/wp-content\/uploads\/2019\/06\/cq5dam.thumbnail.cropped.750.422-4-300x169.jpeg 300w, https:\/\/portalcatolico.net\/portal\/wp-content\/uploads\/2019\/06\/cq5dam.thumbnail.cropped.750.422-4.jpeg 750w\" sizes=\"auto, (max-width: 300px) 100vw, 300px\" \/> <img loading=\"lazy\" decoding=\"async\" class=\"alignnone size-medium wp-image-64978\" src=\"http:\/\/portalcatolico.net\/portal\/wp-content\/uploads\/2019\/06\/cq5dam.thumbnail.cropped.750.422-300x169.jpeg\" alt=\"\" width=\"300\" height=\"169\" srcset=\"https:\/\/portalcatolico.net\/portal\/wp-content\/uploads\/2019\/06\/cq5dam.thumbnail.cropped.750.422-300x169.jpeg 300w, https:\/\/portalcatolico.net\/portal\/wp-content\/uploads\/2019\/06\/cq5dam.thumbnail.cropped.750.422.jpeg 750w\" sizes=\"auto, (max-width: 300px) 100vw, 300px\" \/><\/p>\n<\/div>\n","protected":false},"excerpt":{"rendered":"<p>O Pont\u00edfice encontrou os N\u00fancios no Vaticano e, em discurso escrito para a ocasi\u00e3o, compartilhou preceitos simples para a miss\u00e3o pontif\u00edcia. No dec\u00e1logo, dirigido tamb\u00e9m a bispos e sacerdotes de todo o mundo, a import\u00e2ncia do Representante Pontif\u00edcio como homem de Deus, de Igreja, de zelo apost\u00f3lico e de reconcilia\u00e7\u00e3o, de homem do Papa, de&nbsp;<\/p>\n<p><a class=\"btn btn-style\" href=\"https:\/\/portalcatolico.net\/portal\/francisco-a-nuncios-defendam-a-igreja-e-nao-se-juntem-a-blogs-e-grupos-hostis-ao-papa\/\">Continue Reading<\/a><\/p>\n","protected":false},"author":2,"featured_media":64973,"comment_status":"open","ping_status":"open","sticky":false,"template":"","format":"standard","meta":{"footnotes":""},"categories":[5],"tags":[],"class_list":["post-64972","post","type-post","status-publish","format-standard","has-post-thumbnail","hentry","category-igreja_no_mundo"],"_links":{"self":[{"href":"https:\/\/portalcatolico.net\/portal\/wp-json\/wp\/v2\/posts\/64972","targetHints":{"allow":["GET"]}}],"collection":[{"href":"https:\/\/portalcatolico.net\/portal\/wp-json\/wp\/v2\/posts"}],"about":[{"href":"https:\/\/portalcatolico.net\/portal\/wp-json\/wp\/v2\/types\/post"}],"author":[{"embeddable":true,"href":"https:\/\/portalcatolico.net\/portal\/wp-json\/wp\/v2\/users\/2"}],"replies":[{"embeddable":true,"href":"https:\/\/portalcatolico.net\/portal\/wp-json\/wp\/v2\/comments?post=64972"}],"version-history":[{"count":1,"href":"https:\/\/portalcatolico.net\/portal\/wp-json\/wp\/v2\/posts\/64972\/revisions"}],"predecessor-version":[{"id":64979,"href":"https:\/\/portalcatolico.net\/portal\/wp-json\/wp\/v2\/posts\/64972\/revisions\/64979"}],"wp:featuredmedia":[{"embeddable":true,"href":"https:\/\/portalcatolico.net\/portal\/wp-json\/wp\/v2\/media\/64973"}],"wp:attachment":[{"href":"https:\/\/portalcatolico.net\/portal\/wp-json\/wp\/v2\/media?parent=64972"}],"wp:term":[{"taxonomy":"category","embeddable":true,"href":"https:\/\/portalcatolico.net\/portal\/wp-json\/wp\/v2\/categories?post=64972"},{"taxonomy":"post_tag","embeddable":true,"href":"https:\/\/portalcatolico.net\/portal\/wp-json\/wp\/v2\/tags?post=64972"}],"curies":[{"name":"wp","href":"https:\/\/api.w.org\/{rel}","templated":true}]}}