{"id":64846,"date":"2019-06-06T19:02:52","date_gmt":"2019-06-06T22:02:52","guid":{"rendered":"http:\/\/portalcatolico.net\/portal\/?p=64846"},"modified":"2019-06-06T19:02:52","modified_gmt":"2019-06-06T22:02:52","slug":"arrasta-fe-promete-animar-os-catolicos-em-itabuna","status":"publish","type":"post","link":"https:\/\/portalcatolico.net\/portal\/arrasta-fe-promete-animar-os-catolicos-em-itabuna\/","title":{"rendered":"&#8220;Arrasta- F\u00e9&#8221; promete animar os cat\u00f3licos em Itabuna!"},"content":{"rendered":"<p id=\"geom_inter_1559739726529_28_9\"><span id=\"geom_inter_1559739726528_9_8\">A Comunidade de Alian\u00e7a Rainha da Paz convida a todos para participarem do &#8220;Arrasta- F\u00e9: o forr\u00f3 do gosto de Deus&#8221;, que trata-se de um evento cat\u00f3lico que tem como objetivo resgatar o forr\u00f3 Crist\u00e3o na regi\u00e3o.&nbsp;&nbsp;O evento vai acontecer no dia 15 de junho, no Grapi\u00fana T\u00eanis Club, em Itabuna (BA) \u00e0s 19h.<\/span><\/p>\n<p id=\"geom_inter_1559739726534_49_14\"><span id=\"geom_inter_1559739726529_31_10\">A atra\u00e7\u00e3o principal do evento \u00e9 a banda Forr\u00f3 Sant\u00edssima Trindade (que j\u00e1 foi indicada ao pr\u00eamio mais importante da m\u00fasica cat\u00f3lica no Brasil &#8220;Trof\u00e9u Louvemos o Senhor&#8221;, como a melhor Banda do ano com o \u00e1lbum Alegria Verdadeira).<\/span><\/p>\n<p>Os Minist\u00e9rios de M\u00fasicas Rainha da Paz e Crescendo com Cristo tamb\u00e9m estar\u00e3o presentes para animarem a festa, que ser\u00e1 repleta de muito forr\u00f3, comidas t\u00edpicas e divers\u00e3o.<\/p>\n<p>Vale ressaltar que os ingressos s\u00e3o limitados! E est\u00e3o \u00e0 venda no valor de 15 reais, na Cl\u00ednica Derma Nutri (3\u00ba andar do Edif\u00edcio Dilson Cordier) e na Livraria Art Cat\u00f3lica, em Itabuna.<\/p>\n<p>Participe!<\/p>\n","protected":false},"excerpt":{"rendered":"<p>A Comunidade de Alian\u00e7a Rainha da Paz convida a todos para participarem do &#8220;Arrasta- F\u00e9: o forr\u00f3 do gosto de Deus&#8221;, que trata-se de um evento cat\u00f3lico que tem como objetivo resgatar o forr\u00f3 Crist\u00e3o na regi\u00e3o.&nbsp;&nbsp;O evento vai acontecer no dia 15 de junho, no Grapi\u00fana T\u00eanis Club, em Itabuna (BA) \u00e0s 19h. A&nbsp;<\/p>\n<p><a class=\"btn btn-style\" href=\"https:\/\/portalcatolico.net\/portal\/arrasta-fe-promete-animar-os-catolicos-em-itabuna\/\">Continue Reading<\/a><\/p>\n","protected":false},"author":2,"featured_media":64847,"comment_status":"open","ping_status":"open","sticky":false,"template":"","format":"standard","meta":{"footnotes":""},"categories":[1],"tags":[],"class_list":["post-64846","post","type-post","status-publish","format-standard","has-post-thumbnail","hentry","category-agenda"],"_links":{"self":[{"href":"https:\/\/portalcatolico.net\/portal\/wp-json\/wp\/v2\/posts\/64846","targetHints":{"allow":["GET"]}}],"collection":[{"href":"https:\/\/portalcatolico.net\/portal\/wp-json\/wp\/v2\/posts"}],"about":[{"href":"https:\/\/portalcatolico.net\/portal\/wp-json\/wp\/v2\/types\/post"}],"author":[{"embeddable":true,"href":"https:\/\/portalcatolico.net\/portal\/wp-json\/wp\/v2\/users\/2"}],"replies":[{"embeddable":true,"href":"https:\/\/portalcatolico.net\/portal\/wp-json\/wp\/v2\/comments?post=64846"}],"version-history":[{"count":1,"href":"https:\/\/portalcatolico.net\/portal\/wp-json\/wp\/v2\/posts\/64846\/revisions"}],"predecessor-version":[{"id":64848,"href":"https:\/\/portalcatolico.net\/portal\/wp-json\/wp\/v2\/posts\/64846\/revisions\/64848"}],"wp:featuredmedia":[{"embeddable":true,"href":"https:\/\/portalcatolico.net\/portal\/wp-json\/wp\/v2\/media\/64847"}],"wp:attachment":[{"href":"https:\/\/portalcatolico.net\/portal\/wp-json\/wp\/v2\/media?parent=64846"}],"wp:term":[{"taxonomy":"category","embeddable":true,"href":"https:\/\/portalcatolico.net\/portal\/wp-json\/wp\/v2\/categories?post=64846"},{"taxonomy":"post_tag","embeddable":true,"href":"https:\/\/portalcatolico.net\/portal\/wp-json\/wp\/v2\/tags?post=64846"}],"curies":[{"name":"wp","href":"https:\/\/api.w.org\/{rel}","templated":true}]}}