{"id":64844,"date":"2019-06-06T21:00:57","date_gmt":"2019-06-07T00:00:57","guid":{"rendered":"http:\/\/portalcatolico.net\/portal\/?p=64844"},"modified":"2019-06-06T21:51:05","modified_gmt":"2019-06-07T00:51:05","slug":"padre-sandoval-celebra-terceira-missa-em-itabuna-participe","status":"publish","type":"post","link":"https:\/\/portalcatolico.net\/portal\/padre-sandoval-celebra-terceira-missa-em-itabuna-participe\/","title":{"rendered":"Padre Sandoval celebra terceira missa em Itabuna. Participe!"},"content":{"rendered":"<p>O rec\u00e9m-ordenado padre em Jequi\u00e9, Sandoval Dias de Jesus, CP, convida as&nbsp;fam\u00edlias e os amigos para participarem da sua terceira missa, que vai ser realizada na Par\u00f3quia&nbsp;Santa Maria Goretti, situada no bairro Mangabinha, na cidade de Itabuna (BA).&nbsp;A missa vai acontecer no domingo, dia 9 de junho, \u00e0s 10h.<br \/>\nSandoval \u00e9 filho de Itabuna e foi consagrado&nbsp; na Comunidade&nbsp; Rainha da Paz, que \u00e9 uma institui\u00e7\u00e3o religiosa de&nbsp;leigos consagrados, na qual Sandoval fez parte por&nbsp;mais de 10&nbsp;&nbsp;anos. A experi\u00eancia vocacional do religioso levou- o&nbsp;at\u00e9 a Congrega\u00e7\u00e3o Passionista. Ele se tornou religioso da Prov\u00edncia&nbsp; Exalta\u00e7\u00e3o da Santa Cruz.<\/p>\n<p>Desde jovem, ele passou pela Comunidade Rainha da Paz (bairro Novo Horizonte), da Par\u00f3quia S\u00e3o Judas Tadeu na diocese de&nbsp; Itabuna. At\u00e9 hoje, \u00e9 muito querido pelos membros da Comunidade.&nbsp;&nbsp;<\/p>\n<p>No dia 25\/05\/19 no&nbsp; Santu\u00e1rio&nbsp; Jesus Crucificado, \u00e0s 19h , o di\u00e1cono&nbsp; teve&nbsp;sua ordena\u00e7\u00e3o Presbiteral. Ele foi ordenado pelas m\u00e3os do&nbsp;Bispo Dom Tommaso Cascianelli, Bispo na diocese de Irec\u00ea (BA).<br \/>\nNo dia 04 de Mar\u00e7o de 2018, \u00e0s 09h30, no Santu\u00e1rio S\u00e3o Paulo da Cruz em&nbsp;Belo Horizonte (MG), ocorreu a Profiss\u00e3o Perp\u00e9tua do Religioso Sandoval&nbsp;Dias de Jesus, CP.<br \/>\nNo dia 02 de dezembro de 2018, em uma Solene Celebra\u00e7\u00e3o Eucar\u00edstica,&nbsp;aconteceu a&nbsp; Ordena\u00e7\u00e3o Diaconal do Mission\u00e1rio religioso Sandoval Dias&nbsp;de Jesus, CP, com a presid\u00eancia de Dom Otac\u00edlio Ferreira de Lacerda,&nbsp;Bispo Referencial da Regi\u00e3o Episcopal Nossa Senhora Aparecida da&nbsp;Arquidiocese de Belo Horizonte (MG).<\/p>\n<p>Foto:Reprodu\u00e7\u00e3o\/Facebook<\/p>\n<p>Texto:Portal Cat\u00f3lico.Net<\/p>\n","protected":false},"excerpt":{"rendered":"<p>O rec\u00e9m-ordenado padre em Jequi\u00e9, Sandoval Dias de Jesus, CP, convida as&nbsp;fam\u00edlias e os amigos para participarem da sua terceira missa, que vai ser realizada na Par\u00f3quia&nbsp;Santa Maria Goretti, situada no bairro Mangabinha, na cidade de Itabuna (BA).&nbsp;A missa vai acontecer no domingo, dia 9 de junho, \u00e0s 10h. Sandoval \u00e9 filho de Itabuna e&nbsp;<\/p>\n<p><a class=\"btn btn-style\" href=\"https:\/\/portalcatolico.net\/portal\/padre-sandoval-celebra-terceira-missa-em-itabuna-participe\/\">Continue Reading<\/a><\/p>\n","protected":false},"author":2,"featured_media":64850,"comment_status":"open","ping_status":"open","sticky":false,"template":"","format":"standard","meta":{"footnotes":""},"categories":[1],"tags":[],"class_list":["post-64844","post","type-post","status-publish","format-standard","has-post-thumbnail","hentry","category-agenda"],"_links":{"self":[{"href":"https:\/\/portalcatolico.net\/portal\/wp-json\/wp\/v2\/posts\/64844","targetHints":{"allow":["GET"]}}],"collection":[{"href":"https:\/\/portalcatolico.net\/portal\/wp-json\/wp\/v2\/posts"}],"about":[{"href":"https:\/\/portalcatolico.net\/portal\/wp-json\/wp\/v2\/types\/post"}],"author":[{"embeddable":true,"href":"https:\/\/portalcatolico.net\/portal\/wp-json\/wp\/v2\/users\/2"}],"replies":[{"embeddable":true,"href":"https:\/\/portalcatolico.net\/portal\/wp-json\/wp\/v2\/comments?post=64844"}],"version-history":[{"count":5,"href":"https:\/\/portalcatolico.net\/portal\/wp-json\/wp\/v2\/posts\/64844\/revisions"}],"predecessor-version":[{"id":64854,"href":"https:\/\/portalcatolico.net\/portal\/wp-json\/wp\/v2\/posts\/64844\/revisions\/64854"}],"wp:featuredmedia":[{"embeddable":true,"href":"https:\/\/portalcatolico.net\/portal\/wp-json\/wp\/v2\/media\/64850"}],"wp:attachment":[{"href":"https:\/\/portalcatolico.net\/portal\/wp-json\/wp\/v2\/media?parent=64844"}],"wp:term":[{"taxonomy":"category","embeddable":true,"href":"https:\/\/portalcatolico.net\/portal\/wp-json\/wp\/v2\/categories?post=64844"},{"taxonomy":"post_tag","embeddable":true,"href":"https:\/\/portalcatolico.net\/portal\/wp-json\/wp\/v2\/tags?post=64844"}],"curies":[{"name":"wp","href":"https:\/\/api.w.org\/{rel}","templated":true}]}}