{"id":64810,"date":"2019-06-02T10:21:55","date_gmt":"2019-06-02T13:21:55","guid":{"rendered":"http:\/\/portalcatolico.net\/portal\/?p=64810"},"modified":"2019-06-03T13:04:06","modified_gmt":"2019-06-03T16:04:06","slug":"multidao-de-fieis-participam-do-celebra-itabuna","status":"publish","type":"post","link":"https:\/\/portalcatolico.net\/portal\/multidao-de-fieis-participam-do-celebra-itabuna\/","title":{"rendered":"Multid\u00e3o de fieis participam do Celebra Itabuna!"},"content":{"rendered":"<p><img loading=\"lazy\" decoding=\"async\" class=\"alignnone  wp-image-64827\" src=\"http:\/\/portalcatolico.net\/portal\/wp-content\/uploads\/2019\/06\/sem-t\u00edtulo-45-300x200.jpg\" alt=\"\" width=\"725\" height=\"483\" srcset=\"https:\/\/portalcatolico.net\/portal\/wp-content\/uploads\/2019\/06\/sem-t\u00edtulo-45-300x200.jpg 300w, https:\/\/portalcatolico.net\/portal\/wp-content\/uploads\/2019\/06\/sem-t\u00edtulo-45-768x512.jpg 768w, https:\/\/portalcatolico.net\/portal\/wp-content\/uploads\/2019\/06\/sem-t\u00edtulo-45-1024x682.jpg 1024w, https:\/\/portalcatolico.net\/portal\/wp-content\/uploads\/2019\/06\/sem-t\u00edtulo-45.jpg 2000w\" sizes=\"auto, (max-width: 725px) 100vw, 725px\" \/><\/p>\n<p>A Aviva Produ\u00e7\u00f5es realizou neste s\u00e1bado (01\/06), um dos maiores eventos 100%&nbsp; cat\u00f3licos da regi\u00e3o. Cerca de&nbsp;&nbsp;2.500&nbsp;pessoas de v\u00e1rias dioceses do interior da Bahia, louvaram e abrilhantaram o evento.&nbsp;<br \/>\nEstiveram presentes diversas caravanas das cidades circunvizinhas, como:&nbsp;Teixeira de Freiras, Eun\u00e1polis, Ilh\u00e9us, Jequi\u00e9,&nbsp;&nbsp;Vitoria da Conquista, entre outras. O evento foi realizado na Terceira Via Hall,situado no bairro Lomanto em Itabuna.<\/p>\n<p>A festa contou com a participa\u00e7\u00e3o especial do cantor e compositor Artur&nbsp;Giovani e&nbsp;do grupo&nbsp;MEFA, ambos da diocese de Itabuna.<\/p>\n<p>O Pe. Adriano Fernandes (Reitor do Semin\u00e1rio Jos\u00e9 na&nbsp;diocese de Itabuna), iniciou o evento com a reza do ter\u00e7o e em seguida, o&nbsp;grupo MEFA, participou momento&nbsp;do momento de adora\u00e7\u00e3o ao Jesus&nbsp;sacramentado, conduzido pelo Pe. Ac\u00e1ssio Alves. \u00c0s 18h, a&nbsp; irm\u00e3 Ana Paula, da Comunidade dos&nbsp;Irm\u00e3os Carmelitas Mensageiros do Esp\u00edrito Santo, fez sua apresenta\u00e7\u00e3o&nbsp;com muito louvor e ora\u00e7\u00e3o. Suas belas can\u00e7\u00f5es em ritmos de ora\u00e7\u00e3o fez&nbsp;uma multid\u00e3o&nbsp;&nbsp;se emocionar ao louvar a Deus.<\/p>\n<p>Por volta&nbsp;das 21h, aconteceu a apresenta\u00e7\u00e3o da banda da Comunidade Colo de Deus. No total, foram mais de oito&nbsp;horas de evangeliza\u00e7\u00e3o com muitas m\u00fasicas, ora\u00e7\u00e3o, devo\u00e7\u00e3o e f\u00e9.<\/p>\n<p>Um dos organizadores do evento, Tales Bispo, falou como surgiu a ideia de realizar esta festa t\u00e3o bonita na cidade: &#8220;Nesses \u00faltimos dez anos trabalhando com a juventude, a gente percebeu que a nossa regi\u00e3o carecia de espa\u00e7os e momentos de entretenimento cat\u00f3lico para que a juventude pudesse se reunir de forma sadia \u00e0 experimentar, atrav\u00e9s da conviv\u00eancia fraterna, a espiritualidade e momentos de intimidade com Deus&#8221;<\/p>\n<p>A equipe do Portal Cat\u00f3lico de not\u00edcias parabeniza os jovens Tales&nbsp;Bispos, Tarc\u00edsio,Luiz Cambuim e Elis\u00e2ngela Lucena (Cheiro)&nbsp; pela realiza\u00e7\u00e3o deste evento.<\/p>\n<p>Confira as todas fotos em nossa p\u00e1gina oficial no Facebook: <a href=\"https:\/\/www.facebook.com\/portalcatolicooficial\/\">https:\/\/www.facebook.com\/portalcatolicooficial\/<\/a><\/p>\n<p>Confira os melhores momentos da Irm\u00e3 Ana Paula<\/p>\n<p><iframe loading=\"lazy\"  id=\"_ytid_32089\"  width=\"480\" height=\"270\"  data-origwidth=\"480\" data-origheight=\"270\" src=\"https:\/\/www.youtube.com\/embed\/c14dG5evUIQ?enablejsapi=1&#038;autoplay=0&#038;cc_load_policy=0&#038;cc_lang_pref=&#038;iv_load_policy=1&#038;loop=0&#038;rel=1&#038;fs=1&#038;playsinline=0&#038;autohide=2&#038;theme=dark&#038;color=red&#038;controls=1&#038;disablekb=0&#038;\" class=\"__youtube_prefs__  epyt-is-override  no-lazyload\" title=\"YouTube player\"  allow=\"fullscreen; accelerometer; autoplay; clipboard-write; encrypted-media; gyroscope; picture-in-picture; web-share\" referrerpolicy=\"strict-origin-when-cross-origin\" allowfullscreen data-no-lazy=\"1\" data-skipgform_ajax_framebjll=\"\"><\/iframe><\/p>\n<p><strong>Grupo da Comunidade MEFA<\/strong><\/p>\n<p><iframe loading=\"lazy\"  id=\"_ytid_87934\"  width=\"480\" height=\"270\"  data-origwidth=\"480\" data-origheight=\"270\" src=\"https:\/\/www.youtube.com\/embed\/xiAASaR8K-s?enablejsapi=1&#038;autoplay=0&#038;cc_load_policy=0&#038;cc_lang_pref=&#038;iv_load_policy=1&#038;loop=0&#038;rel=1&#038;fs=1&#038;playsinline=0&#038;autohide=2&#038;theme=dark&#038;color=red&#038;controls=1&#038;disablekb=0&#038;\" class=\"__youtube_prefs__  epyt-is-override  no-lazyload\" title=\"YouTube player\"  allow=\"fullscreen; accelerometer; autoplay; clipboard-write; encrypted-media; gyroscope; picture-in-picture; web-share\" referrerpolicy=\"strict-origin-when-cross-origin\" allowfullscreen data-no-lazy=\"1\" data-skipgform_ajax_framebjll=\"\"><\/iframe><\/p>\n","protected":false},"excerpt":{"rendered":"<p>A Aviva Produ\u00e7\u00f5es realizou neste s\u00e1bado (01\/06), um dos maiores eventos 100%&nbsp; cat\u00f3licos da regi\u00e3o. Cerca de&nbsp;&nbsp;2.500&nbsp;pessoas de v\u00e1rias dioceses do interior da Bahia, louvaram e abrilhantaram o evento.&nbsp; Estiveram presentes diversas caravanas das cidades circunvizinhas, como:&nbsp;Teixeira de Freiras, Eun\u00e1polis, Ilh\u00e9us, Jequi\u00e9,&nbsp;&nbsp;Vitoria da Conquista, entre outras. O evento foi realizado na Terceira Via Hall,situado no&nbsp;<\/p>\n<p><a class=\"btn btn-style\" href=\"https:\/\/portalcatolico.net\/portal\/multidao-de-fieis-participam-do-celebra-itabuna\/\">Continue Reading<\/a><\/p>\n","protected":false},"author":2,"featured_media":64823,"comment_status":"open","ping_status":"open","sticky":false,"template":"","format":"standard","meta":{"footnotes":""},"categories":[65],"tags":[],"class_list":["post-64810","post","type-post","status-publish","format-standard","has-post-thumbnail","hentry","category-entrevistas"],"_links":{"self":[{"href":"https:\/\/portalcatolico.net\/portal\/wp-json\/wp\/v2\/posts\/64810","targetHints":{"allow":["GET"]}}],"collection":[{"href":"https:\/\/portalcatolico.net\/portal\/wp-json\/wp\/v2\/posts"}],"about":[{"href":"https:\/\/portalcatolico.net\/portal\/wp-json\/wp\/v2\/types\/post"}],"author":[{"embeddable":true,"href":"https:\/\/portalcatolico.net\/portal\/wp-json\/wp\/v2\/users\/2"}],"replies":[{"embeddable":true,"href":"https:\/\/portalcatolico.net\/portal\/wp-json\/wp\/v2\/comments?post=64810"}],"version-history":[{"count":8,"href":"https:\/\/portalcatolico.net\/portal\/wp-json\/wp\/v2\/posts\/64810\/revisions"}],"predecessor-version":[{"id":64828,"href":"https:\/\/portalcatolico.net\/portal\/wp-json\/wp\/v2\/posts\/64810\/revisions\/64828"}],"wp:featuredmedia":[{"embeddable":true,"href":"https:\/\/portalcatolico.net\/portal\/wp-json\/wp\/v2\/media\/64823"}],"wp:attachment":[{"href":"https:\/\/portalcatolico.net\/portal\/wp-json\/wp\/v2\/media?parent=64810"}],"wp:term":[{"taxonomy":"category","embeddable":true,"href":"https:\/\/portalcatolico.net\/portal\/wp-json\/wp\/v2\/categories?post=64810"},{"taxonomy":"post_tag","embeddable":true,"href":"https:\/\/portalcatolico.net\/portal\/wp-json\/wp\/v2\/tags?post=64810"}],"curies":[{"name":"wp","href":"https:\/\/api.w.org\/{rel}","templated":true}]}}