{"id":64807,"date":"2019-06-02T08:06:11","date_gmt":"2019-06-02T11:06:11","guid":{"rendered":"http:\/\/portalcatolico.net\/portal\/?p=64807"},"modified":"2019-06-03T08:06:27","modified_gmt":"2019-06-03T11:06:27","slug":"avos-catolicos-e-seus-11-filhos-varios-deles-religiosos-dao-testemunho-de-fe-ao-papa","status":"publish","type":"post","link":"https:\/\/portalcatolico.net\/portal\/avos-catolicos-e-seus-11-filhos-varios-deles-religiosos-dao-testemunho-de-fe-ao-papa\/","title":{"rendered":"Av\u00f3s cat\u00f3licos e seus 11 filhos, v\u00e1rios deles religiosos, d\u00e3o testemunho de f\u00e9 ao Papa"},"content":{"rendered":"<p>Durante o encontro mariano com a juventude e com as fam\u00edlias em Iasi, na Rom\u00eania, o Papa Francisco escutou o testemunho de um casal cat\u00f3lico e de seus 11 filhos, dos quais sete decidiram se casar e quatro optaram pela&nbsp;vida&nbsp;religiosa.<\/p>\n<p>Elisabetta e Ioan s\u00e3o provenientes de um pequeno povoado nos arredores da prov\u00edncia de Iasi onde, segundo eles, &#8220;a pequena comunidade cat\u00f3lica vive em harmonia e respeito com os membros da comunidade ortodoxa&#8221;.<\/p>\n<p>&#8220;N\u00e3o viemos sozinhos, mas junto com nossos 11 filhos: sete deles escolheram formar uma fam\u00edlia e quatro escolheram o caminho da consagra\u00e7\u00e3o ao Senhor, dois sacerdotes e duas religiosas. Alguns vieram do exterior para estar aqui: da B\u00e9lgica, da It\u00e1lia, mas tamb\u00e9m do outro lado do rio Prut, da Rep\u00fablica da Mold\u00e1via&#8221;, disse Elisabetta ao Papa.<\/p>\n<p>Com alegria, a m\u00e3e idosa afirmou que &#8220;hoje est\u00e3o todos reunidos, como h\u00e1 algum tempo, todo domingo pela manh\u00e3&#8221;, quando iam para a&nbsp;igreja&nbsp;de sua cidade dedicada a Santo Ant\u00f4nio de P\u00e1dua, \u201co santo que sempre nos protegeu&#8221;, afirmou Elisabetta.<\/p>\n<p>A m\u00e3e de fam\u00edlia destacou que hoje d\u00e3o &#8220;gra\u00e7as a Deus pelo dom da f\u00e9&#8221; que receberam de seus pais e av\u00f3s.<\/p>\n<p>&#8220;Foi a f\u00e9 que nos sustentou quando, como fam\u00edlia jovem, tivemos que enfrentar as diferentes dificuldades da vida. Quando vivemos per\u00edodos mais intensos, dissemos as mesmas palavras do ap\u00f3stolo Pedro: &#8216;Senhor, a quem iremos? S\u00f3 tu tens palavras de vida eterna. &nbsp;S\u00f3 em ti encontramos a for\u00e7a para seguir!'&#8221;.<\/p>\n<p>Elisabetta afirma que foi o Senhor quem lhes deu a &#8220;for\u00e7a&#8221; para n\u00e3o levar em considera\u00e7\u00e3o a opini\u00e3o das autoridades comunistas de que tinham &#8220;filhos demais&#8221; e, al\u00e9m disso, que Ele os levou a respeitar suas promessas sacramentais.<\/p>\n<p>&#8220;Assim como Jesus n\u00e3o nos desencorajou no caminho da cruz, tamb\u00e9m n\u00e3o quer\u00edamos desistir. O trabalho e a ora\u00e7\u00e3o nos ajudaram a transmitir aos nossos filhos o que recebemos&#8221;, acrescentou.<\/p>\n<p>Elisabetta e Ioan contam que rezam constantemente por seus filhos e netos, &#8220;para que eles tamb\u00e9m possam permanecer perto do Senhor&#8221; e &#8220;construir um futuro sem esquecer onde come\u00e7aram&#8221;.<\/p>\n<p>&#8220;Sonhamos que todo o nosso povo n\u00e3o esque\u00e7a as suas ra\u00edzes e oramos para que viva em paz e confian\u00e7a em si mesmos e em Deus, mas tamb\u00e9m rezamos pela Igreja, pelos sacerdotes, pelas pessoas consagradas, para que tenham a coragem de dar testemunho do Senhor. E tamb\u00e9m rezamos por Sua Santidade, Santo Padre, para que a M\u00e3e do Senhor sempre possa cuidar de voc\u00ea\u201d, disse Elisabetta, concluindo seu testemunho.<\/p>\n<p>Em outro momento do encontro mariano com jovens e fam\u00edlias, um jovem cat\u00f3lico de Iasi tamb\u00e9m ofereceu seu testemunho.<\/p>\n<p>Eduard (Eduardo), que cursa faculdade de inform\u00e1tica e trabalha na \u00e1rea, afirmou que, como muitos outros jovens de seu pa\u00eds, &#8220;tenta viver sua f\u00e9 em meio a in\u00fameras provoca\u00e7\u00f5es&#8221;, rejei\u00e7\u00e3o e des\u00e2nimo.<\/p>\n<p>Tamb\u00e9m disse que os jovens s\u00e3o agradecidos ao Senhor pelo &#8220;dom&#8221; de ter seus pais e av\u00f3s, &#8220;que nos transmitiram a f\u00e9 e o amor pela vida&#8221;.<\/p>\n<p>&#8220;Desejo afirmar-me em minha terra&nbsp;natal&nbsp;sem ter que buscar minha realiza\u00e7\u00e3o em outros cantos da terra (&#8230;). Sabemos que Jesus Cristo responde \u00e0s nossas aspira\u00e7\u00f5es mais profundas e queremos viver nossas vidas em amizade com ele! Queremos dizer a todos que \u00e9 bom segui-lo, que \u00e9 bom ser seus mensageiros, que \u00e9 bom busc\u00e1-lo em nossa felicidade&#8221;, destacou Eduard.<\/p>\n<p>Finalmente, agradeceu ao Papa Francisco, &#8220;porque sempre nos recorda que devemos colocar Jesus Cristo no centro de nossas vidas e n\u00e3o ter medo de servir a nossos irm\u00e3os&#8221;.(ACI)<\/p>\n<p>Elisabetta e Ioan, junto com sua fam\u00edlia numerosa, sa\u00fadam o Papa Francisco em Iasi, Rom\u00eania \/ Cr\u00e9dito: Vatican News&nbsp;<\/p>\n","protected":false},"excerpt":{"rendered":"<p>Durante o encontro mariano com a juventude e com as fam\u00edlias em Iasi, na Rom\u00eania, o Papa Francisco escutou o testemunho de um casal cat\u00f3lico e de seus 11 filhos, dos quais sete decidiram se casar e quatro optaram pela&nbsp;vida&nbsp;religiosa. Elisabetta e Ioan s\u00e3o provenientes de um pequeno povoado nos arredores da prov\u00edncia de Iasi&nbsp;<\/p>\n<p><a class=\"btn btn-style\" href=\"https:\/\/portalcatolico.net\/portal\/avos-catolicos-e-seus-11-filhos-varios-deles-religiosos-dao-testemunho-de-fe-ao-papa\/\">Continue Reading<\/a><\/p>\n","protected":false},"author":2,"featured_media":64808,"comment_status":"open","ping_status":"open","sticky":false,"template":"","format":"standard","meta":{"footnotes":""},"categories":[5],"tags":[],"class_list":["post-64807","post","type-post","status-publish","format-standard","has-post-thumbnail","hentry","category-igreja_no_mundo"],"_links":{"self":[{"href":"https:\/\/portalcatolico.net\/portal\/wp-json\/wp\/v2\/posts\/64807","targetHints":{"allow":["GET"]}}],"collection":[{"href":"https:\/\/portalcatolico.net\/portal\/wp-json\/wp\/v2\/posts"}],"about":[{"href":"https:\/\/portalcatolico.net\/portal\/wp-json\/wp\/v2\/types\/post"}],"author":[{"embeddable":true,"href":"https:\/\/portalcatolico.net\/portal\/wp-json\/wp\/v2\/users\/2"}],"replies":[{"embeddable":true,"href":"https:\/\/portalcatolico.net\/portal\/wp-json\/wp\/v2\/comments?post=64807"}],"version-history":[{"count":1,"href":"https:\/\/portalcatolico.net\/portal\/wp-json\/wp\/v2\/posts\/64807\/revisions"}],"predecessor-version":[{"id":64809,"href":"https:\/\/portalcatolico.net\/portal\/wp-json\/wp\/v2\/posts\/64807\/revisions\/64809"}],"wp:featuredmedia":[{"embeddable":true,"href":"https:\/\/portalcatolico.net\/portal\/wp-json\/wp\/v2\/media\/64808"}],"wp:attachment":[{"href":"https:\/\/portalcatolico.net\/portal\/wp-json\/wp\/v2\/media?parent=64807"}],"wp:term":[{"taxonomy":"category","embeddable":true,"href":"https:\/\/portalcatolico.net\/portal\/wp-json\/wp\/v2\/categories?post=64807"},{"taxonomy":"post_tag","embeddable":true,"href":"https:\/\/portalcatolico.net\/portal\/wp-json\/wp\/v2\/tags?post=64807"}],"curies":[{"name":"wp","href":"https:\/\/api.w.org\/{rel}","templated":true}]}}