{"id":64802,"date":"2019-06-01T12:16:18","date_gmt":"2019-06-01T15:16:18","guid":{"rendered":"http:\/\/portalcatolico.net\/portal\/?p=64802"},"modified":"2019-06-01T12:17:59","modified_gmt":"2019-06-01T15:17:59","slug":"confira-a-programacao-do-trezenario-de-santo-antonio-em-itororo","status":"publish","type":"post","link":"https:\/\/portalcatolico.net\/portal\/confira-a-programacao-do-trezenario-de-santo-antonio-em-itororo\/","title":{"rendered":"Confira a programa\u00e7\u00e3o do Trezen\u00e1rio de Santo Ant\u00f4nio em Itoror\u00f3"},"content":{"rendered":"<div dir=\"auto\">A Par\u00f3quia de Santo Ant\u00f4nio, pertencente \u00e0 diocese de Itabuna, no sul da&nbsp;Bahia, na cidade Itoror\u00f3 (BA), juntamente com o Pe. Euvaldo Santana da&nbsp;Silva, convidam todas as fam\u00edlias, devotos, paroquianos&nbsp; e toda a comunidade para participarem da Trezen\u00e1rio e Festa do glorioso&nbsp; santo padroeiro do munic\u00edpio de Itoror\u00f3: o Santo Ant\u00f4nio.<\/div>\n<div dir=\"auto\">A santa missa vai acontecer todas as noites, \u00e0s 19h.<\/div>\n<div dir=\"auto\">\n<p>O tema central do Trezen\u00e1rio&nbsp; para ser refletido \u00e9: &#8220;Como crist\u00e3os e cidad\u00e3os, somos chamados a participar&nbsp; da transforma\u00e7\u00e3o da sociedade&#8221;.<\/p>\n<\/div>\n<div dir=\"auto\">\n<p>&nbsp; &nbsp; &nbsp; &nbsp; &nbsp; &nbsp; &nbsp; &nbsp; &nbsp; &nbsp; &nbsp; &nbsp; &nbsp; &nbsp; &nbsp; &nbsp; &nbsp; &nbsp; &nbsp; &nbsp; &nbsp; &nbsp; &nbsp; &nbsp; &nbsp;<strong>Confira a programa\u00e7\u00e3o da festa:<\/strong><\/p>\n<\/div>\n<div dir=\"auto\"><strong>01\/06 \u2013S\u00e1bado, 19h<\/strong><\/div>\n<div dir=\"auto\">Subtema: Deus pai misericordioso ajuda-nos a ser misericordioso com os teus filhos, assim como Jesus Cristo \u00e9 misericordioso.<\/div>\n<div dir=\"auto\">Homenageados: Motoristas, Motociclistas e Ciclistas.<\/div>\n<div dir=\"auto\">Dedicados: Pastoral Familiar e as fam\u00edlias Itororoenses<\/div>\n<div dir=\"auto\">\n<p>Gesto concreto: Refrigerante<\/p>\n<\/div>\n<div dir=\"auto\"><strong>02\/06 \u2013 DOMINGO, 19h<\/strong><\/div>\n<div dir=\"auto\">Subtema: Solenidade da ascens\u00e3o do senhor (Lc 24,46-53).<\/div>\n<div dir=\"auto\">Homenageados: Comerciantes e comerci\u00e1rios<\/div>\n<div dir=\"auto\">Dedicados: Movimento Homens do Ter\u00e7o e os&nbsp; Ant\u00f4nios<\/div>\n<div dir=\"auto\">\n<p>Gesto concreto: Copos descart\u00e1veis e guardanapos<\/p>\n<\/div>\n<div dir=\"auto\"><strong>03\/06 \u2013 SEGUNDA FEIRA, 19h<\/strong><\/div>\n<div dir=\"auto\">Subtema: Que os ensinamentos do evangelho de Jesus nos ajudem a eliminar&nbsp;as distor\u00e7\u00f5es existentes entre a f\u00e9 e&nbsp; Vida.<\/div>\n<div dir=\"auto\">Homenageados: Dizimistas e colaboradores<\/div>\n<div dir=\"auto\">Dedicado: Pastoral do D\u00edzimo<\/div>\n<div dir=\"auto\">\n<p>Gesto concreto: Feij\u00e3o<\/p>\n<\/div>\n<div dir=\"auto\"><strong>04\/06 \u2013 TER\u00c7A FEIRA, 19h<\/strong><\/div>\n<div dir=\"auto\">Subtema: Que a palavra de Deus seja luz para os que participam da&nbsp;transforma\u00e7\u00e3o de uma nova sociedade.<br \/>\nHomenageados: Servidores do Judici\u00e1rio, Minist\u00e9rio P\u00fablico, Pol\u00edcia&nbsp;Civil, Pol\u00edcia Militar e Guarda Municipal.<\/div>\n<div dir=\"auto\">Dedicados: CEBs e IMACMP<\/div>\n<div dir=\"auto\">\n<p>Gesto concreto: Arroz<\/p>\n<\/div>\n<div dir=\"auto\"><strong>05\/06 \u2013 QUARTA FEIRA, 19h<\/strong><\/div>\n<div dir=\"auto\">Subtema: A op\u00e7\u00e3o de Jesus \u00e9 para com os pobres e marginalizados. Que a&nbsp;nossa f\u00e9&nbsp; nos torne solid\u00e1rio com esses pobres e marginalizados.<\/div>\n<div dir=\"auto\">Homenageados: CENPRO e Centro Bandeirante<\/div>\n<div dir=\"auto\">Dedicados: Pastoral da Crian\u00e7a e Conselhos CMDCA e Tutelar<\/div>\n<div dir=\"auto\">\n<p>Gesto concreto: A\u00e7\u00facar<\/p>\n<\/div>\n<div dir=\"auto\"><strong>06\/06 \u2013 QUINTA FEIRA, 19h<\/strong><\/div>\n<div dir=\"auto\">Subtema: O senhor Jesus Cristo nos chama a sermos sal da terra e luz do&nbsp;mundo na transforma\u00e7\u00e3o de uma nova sociedade.<\/div>\n<div dir=\"auto\">&nbsp; Homenageados: Servidores da : Sa\u00fade, Desenvolvimento Social e Educa\u00e7\u00e3o<\/div>\n<div dir=\"auto\">Dedicados: Comunidades de Nossa Senhora de&nbsp; F\u00e1tima e Nossa Senhora&nbsp;<\/div>\n<div dir=\"auto\">Aparecida<\/div>\n<div dir=\"auto\">\n<p>Gesto concreto: \u00d3leo<\/p>\n<\/div>\n<div dir=\"auto\"><strong>07\/06 \u2013 SEXTA FEIRA, 19h<\/strong><\/div>\n<div dir=\"auto\">Subtema: Com a aplica\u00e7\u00e3o de politicas p\u00fablicas justas, sejamos&nbsp;construtores de uma sociedade humana e solid\u00e1ria.<\/div>\n<div dir=\"auto\">Homenageados: Comunidade S\u00e3o Jos\u00e9 do Col\u00f4nia e M\u00e3e Rainha<\/div>\n<div dir=\"auto\">Dedicados: Legi\u00e3o de Maria e Apostolado da Ora\u00e7\u00e3o<\/div>\n<div dir=\"auto\">\n<p>Gesto concreto: Caf\u00e9<\/p>\n<\/div>\n<div dir=\"auto\"><strong>08\/06 \u2013 S\u00c1BADO, 19h<\/strong><\/div>\n<div dir=\"auto\">Subtema: Que o Espirito Santo nos ajude a sermos mais fraterno com os&nbsp;que sofrem por falta de gesto concreto.<\/div>\n<div dir=\"auto\">&nbsp;Homenageados: Agricultores Familiares, Produtores e Trabalhadores&nbsp;Rurais<\/div>\n<div dir=\"auto\">Dedicados: Comunidades dos Distritos e Zona Rural<\/div>\n<div dir=\"auto\">\n<p>Gesto concreto: Em Esp\u00e9cie (dinheiro)<\/p>\n<\/div>\n<div dir=\"auto\"><strong>09\/06 \u2013 DOMINGO&nbsp; DE PENTECOSTES, 19h<\/strong><\/div>\n<div dir=\"auto\">Subtema: Solenidade de pentecoste ( Jo. 20,19-23)<\/div>\n<div dir=\"auto\">Homenageados: Comunidade de N.S.P.S (Bandeira do Col\u00f4nia)<\/div>\n<div dir=\"auto\">&nbsp;<\/div>\n<div dir=\"auto\"><strong>10\/06-SEGUNDA-FEIRA, 19H<\/strong><\/div>\n<div dir=\"auto\">Subtema: Que o Senhor Jesus Cristo suscite no meio de n\u00f3s crist\u00e3os&nbsp;comprometidos na pol\u00edtica com um verdadeiro testemunho de vida e f\u00e9.<\/div>\n<div dir=\"auto\">Homenageados: Poderes Executivo e Legislativo.<\/div>\n<div dir=\"auto\">Dedicado: Conselho Paroquial<\/div>\n<div dir=\"auto\">\n<p>Gesto concreto: Em Esp\u00e9cie<\/p>\n<\/div>\n<div dir=\"auto\"><strong>11\/06 \u2013 TER\u00c7A FEIRA, 19h<\/strong><\/div>\n<div dir=\"auto\">Subtema: Se a vossa justi\u00e7a n\u00e3o for maior que a justi\u00e7a dos fariseus,&nbsp;v\u00f3s n\u00e3o entrarei no reino dos&nbsp; c\u00e9us. (Mt. 5,20-20)<\/div>\n<div dir=\"auto\">Homenageados: Pastoral Lit\u00fargica e Pastoral da Catequese<\/div>\n<div dir=\"auto\">Dedicados: Grupo de Ora\u00e7\u00e3o M\u00e3e Aparecida e Grupo de Ora\u00e7\u00e3o Filhos da&nbsp;<\/div>\n<div dir=\"auto\">Esperan\u00e7a da (RCC).<\/div>\n<div dir=\"auto\">\n<p>Gesto concreto: Biscoito<\/p>\n<\/div>\n<div dir=\"auto\"><strong>12\/06 \u2013 QUARTA FEIRA, 19h<\/strong><\/div>\n<div dir=\"auto\">Subtema: Sejamos crist\u00e3os aut\u00eanticos para que aconte\u00e7a no meio de n\u00f3s um&nbsp;&#8221; Novo c\u00e9u e uma nova terra&#8221;.<\/div>\n<div dir=\"auto\">Homenageados: Os Namorados<\/div>\n<div dir=\"auto\">Dedicados: Jovens Unidos em Cristo, Pastoral de Eventos e COMIPA.<\/div>\n<div dir=\"auto\">\n<p>Gesto concreto: Material de limpeza<\/p>\n<\/div>\n<div dir=\"auto\"><strong>13\/06 \u2013 QUINTA FEIRA, 17h<\/strong><\/div>\n<div dir=\"auto\">Alvorada- \u00e0s&nbsp; 06h<\/div>\n<div dir=\"auto\">Missa solene \u00e0s 17h, e em seguida prociss\u00e3o com a imagem de Santo Ant\u00f4nio pelas ruas&nbsp; do centro da cidade.<\/div>\n","protected":false},"excerpt":{"rendered":"<p>A Par\u00f3quia de Santo Ant\u00f4nio, pertencente \u00e0 diocese de Itabuna, no sul da&nbsp;Bahia, na cidade Itoror\u00f3 (BA), juntamente com o Pe. Euvaldo Santana da&nbsp;Silva, convidam todas as fam\u00edlias, devotos, paroquianos&nbsp; e toda a comunidade para participarem da Trezen\u00e1rio e Festa do glorioso&nbsp; santo padroeiro do munic\u00edpio de Itoror\u00f3: o Santo Ant\u00f4nio. A santa missa vai&nbsp;<\/p>\n<p><a class=\"btn btn-style\" href=\"https:\/\/portalcatolico.net\/portal\/confira-a-programacao-do-trezenario-de-santo-antonio-em-itororo\/\">Continue Reading<\/a><\/p>\n","protected":false},"author":2,"featured_media":64803,"comment_status":"open","ping_status":"open","sticky":false,"template":"","format":"standard","meta":{"footnotes":""},"categories":[4],"tags":[],"class_list":["post-64802","post","type-post","status-publish","format-standard","has-post-thumbnail","hentry","category-destaques"],"_links":{"self":[{"href":"https:\/\/portalcatolico.net\/portal\/wp-json\/wp\/v2\/posts\/64802","targetHints":{"allow":["GET"]}}],"collection":[{"href":"https:\/\/portalcatolico.net\/portal\/wp-json\/wp\/v2\/posts"}],"about":[{"href":"https:\/\/portalcatolico.net\/portal\/wp-json\/wp\/v2\/types\/post"}],"author":[{"embeddable":true,"href":"https:\/\/portalcatolico.net\/portal\/wp-json\/wp\/v2\/users\/2"}],"replies":[{"embeddable":true,"href":"https:\/\/portalcatolico.net\/portal\/wp-json\/wp\/v2\/comments?post=64802"}],"version-history":[{"count":3,"href":"https:\/\/portalcatolico.net\/portal\/wp-json\/wp\/v2\/posts\/64802\/revisions"}],"predecessor-version":[{"id":64806,"href":"https:\/\/portalcatolico.net\/portal\/wp-json\/wp\/v2\/posts\/64802\/revisions\/64806"}],"wp:featuredmedia":[{"embeddable":true,"href":"https:\/\/portalcatolico.net\/portal\/wp-json\/wp\/v2\/media\/64803"}],"wp:attachment":[{"href":"https:\/\/portalcatolico.net\/portal\/wp-json\/wp\/v2\/media?parent=64802"}],"wp:term":[{"taxonomy":"category","embeddable":true,"href":"https:\/\/portalcatolico.net\/portal\/wp-json\/wp\/v2\/categories?post=64802"},{"taxonomy":"post_tag","embeddable":true,"href":"https:\/\/portalcatolico.net\/portal\/wp-json\/wp\/v2\/tags?post=64802"}],"curies":[{"name":"wp","href":"https:\/\/api.w.org\/{rel}","templated":true}]}}