{"id":64798,"date":"2019-06-01T12:10:18","date_gmt":"2019-06-01T15:10:18","guid":{"rendered":"http:\/\/portalcatolico.net\/portal\/?p=64798"},"modified":"2019-06-01T12:11:03","modified_gmt":"2019-06-01T15:11:03","slug":"confira-a-programacao-do-trezenario-do-padroeiro-da-paroquia-santo-antonio-em-itabuna","status":"publish","type":"post","link":"https:\/\/portalcatolico.net\/portal\/confira-a-programacao-do-trezenario-do-padroeiro-da-paroquia-santo-antonio-em-itabuna\/","title":{"rendered":"Confira a programa\u00e7\u00e3o do Trezen\u00e1rio do padroeiro da Par\u00f3quia Santo Ant\u00f4nio em Itabuna"},"content":{"rendered":"<div dir=\"auto\">O Padre Jos\u00e9 Andrade Paz, p\u00e1roco da Par\u00f3quia Santo Ant\u00f4nio, situada no&nbsp;bairro de mesmo nome, em Itabuna (BA),&nbsp; convida a todos para&nbsp; participarem das comemora\u00e7\u00f5es em louvor \u00e0 Santo Ant\u00f4nio.<\/div>\n<div dir=\"auto\">A programa\u00e7\u00e3o acontece com o Trezen\u00e1rio dedicado ao santo envolvendo todas as equipes de pastorais, movimentos e servi\u00e7os que durante essas treze&nbsp;noites vivenciar\u00e3o com muita f\u00e9&nbsp; a miss\u00e3o de serem&nbsp;como&nbsp; Santo Ant\u00f4nio, testemunhas fieis do amor de Deus aqui na Terra e ao pr\u00f3ximo.<\/div>\n<div dir=\"auto\">O tema central do Trezen\u00e1rio que ser\u00e1 refletido \u00e9: &#8220;Santo Ant\u00f4nio, protetor da fam\u00edlia&#8221; e o subtema: &#8220;Fam\u00edlia, santu\u00e1rio da vida&#8221;.<\/div>\n<div dir=\"auto\">A programa\u00e7\u00e3o ser\u00e1 de 1 a 13 de junho, na igreja matriz situada na pra\u00e7a do bairro.<\/div>\n<div dir=\"auto\">Vale ressaltar que haver\u00e1 quermesse com m\u00fasica ao vivo, todas as noites.&nbsp;<\/div>\n<div dir=\"auto\">\n<p>&nbsp; &nbsp; &nbsp; &nbsp; &nbsp; &nbsp; &nbsp; &nbsp; &nbsp; &nbsp; &nbsp; &nbsp; &nbsp; &nbsp; &nbsp; &nbsp; &nbsp; &nbsp; &nbsp; &nbsp; &nbsp; &nbsp; &nbsp; &nbsp; <strong>Confira a programa\u00e7\u00e3o completa:<\/strong><\/p>\n<\/div>\n<div dir=\"auto\"><strong>1\u00aa Noite-1 de junho (s\u00e1bado):<\/strong> Abertura da festa com a santa missa, \u00e0s 19h.<\/div>\n<div dir=\"auto\">Tema da noite: Comunidade paroquial, fam\u00edlia acolhimento.<\/div>\n<div dir=\"auto\">Respons\u00e1veis: Todas as pastorais e movimentos<\/div>\n<div dir=\"auto\">\n<p>Oferta da noite: Feij\u00e3o<\/p>\n<\/div>\n<div dir=\"auto\"><strong>2\u00aa Noite- 2 de junho (domingo)<\/strong><\/div>\n<div dir=\"auto\">Tema da noite: Fam\u00edlia, lugar do di\u00e1logo, do perd\u00e3o e do amor.<\/div>\n<div dir=\"auto\">Respons\u00e1veis: Grupo de ora\u00e7\u00e3o S\u00e3o Joao Paulo II,GEV e Pastoral da&nbsp;<\/div>\n<div dir=\"auto\">Crian\u00e7a.<\/div>\n<div dir=\"auto\">Convidados: Par\u00f3quia Catedral de S\u00e3o Jos\u00e9<\/div>\n<div dir=\"auto\">\n<p>Oferta: Arroz<\/p>\n<\/div>\n<div dir=\"auto\"><strong>3\u00aa-Noite- 3 de junho (segunda-feira)<\/strong><\/div>\n<div dir=\"auto\">Tema da noite: D\u00edzimo, semente de prosperidade para a fam\u00edlia.<\/div>\n<div dir=\"auto\">Respons\u00e1veis: Pastoral do D\u00edzimo e Pastoral da Sa\u00fade<\/div>\n<div dir=\"auto\">Convidados: Par\u00f3quia Santa Maria Goretti<\/div>\n<div dir=\"auto\">\n<p>Oferta: Caf\u00e9 e Biscoitos<\/p>\n<\/div>\n<div dir=\"auto\"><strong>4\u00aa Noite- 4 de junho (ter\u00e7a-feira)<\/strong><\/div>\n<div dir=\"auto\">Tema da noite: Atrav\u00e9s da ora\u00e7\u00e3o, a fam\u00edlia \u00e9 capaz de santificar-se.<\/div>\n<div dir=\"auto\">Respons\u00e1veis: Pia uni\u00e3o e M\u00e3e Peregrina<\/div>\n<div dir=\"auto\">Convidados: Par\u00f3quia Santa Rita de C\u00e1ssia<\/div>\n<div dir=\"auto\">\n<p>Oferta: A\u00e7\u00facar<\/p>\n<\/div>\n<div dir=\"auto\"><strong>5\u00aa Noite-05 de junho (quarta-feira)<\/strong><\/div>\n<div dir=\"auto\">Tema: Fam\u00edlia, primeira escola da evangeliza\u00e7\u00e3o.<\/div>\n<div dir=\"auto\">Respons\u00e1veis: Legi\u00e3o de Maria e Apostolada da Ora\u00e7\u00e3o<\/div>\n<div dir=\"auto\">Convidados: Par\u00f3quia Santu\u00e1rio Nossa Senhora da Piedade<\/div>\n<div dir=\"auto\">\n<p>Oferta: Macarr\u00e3o e Flocos de Milho<\/p>\n<\/div>\n<div dir=\"auto\"><strong>6\u00aaNoite- 06 de junho (quinta-feira)<\/strong><\/div>\n<div dir=\"auto\">Tema: Com o Esp\u00edrito Santo, a fam\u00edlia torna-se fonte de vida, luz, sabedoria e amor.<\/div>\n<div dir=\"auto\">Respons\u00e1veis: Comunidade do S\u00e3o Louren\u00e7o e homens do Ter\u00e7o<\/div>\n<div dir=\"auto\">Convidados: Par\u00f3quia Santa Maria Madalena<\/div>\n<div dir=\"auto\">\n<p>Oferta: Farinha de Mandioca<\/p>\n<\/div>\n<div dir=\"auto\"><strong>7\u00aa Noite- 7 de junho (sexta-feira)<\/strong><\/div>\n<div dir=\"auto\">Tema: Fam\u00edlias evangelizadas tornam-se evangelizadoras de outras fam\u00edlias<\/div>\n<div dir=\"auto\">Respons\u00e1veis: Grupo Jovem e Crisma<\/div>\n<div dir=\"auto\">Convidados: Par\u00f3quia Senhor do Bonfim<\/div>\n<div dir=\"auto\">\n<p>Oferta: Material de Limpeza<\/p>\n<\/div>\n<div dir=\"auto\"><strong>8\u00aa Noite- 8 de junho (s\u00e1bado)<\/strong><\/div>\n<div dir=\"auto\">Tema: A fam\u00edlia como sujeito evangelizador e centro evangelizador da&nbsp;<\/div>\n<div dir=\"auto\">comunh\u00e3o e participantes.<\/div>\n<div dir=\"auto\">Respons\u00e1veis: Liturgia e Comunidade Kolping<\/div>\n<div dir=\"auto\">Convidados: Par\u00f3quias&nbsp; Nossa Senhora da Concei\u00e7\u00e3o do bairro Ferradas e do bairro&nbsp;<\/div>\n<div dir=\"auto\">Concei\u00e7\u00e3o.<\/div>\n<div dir=\"auto\">\n<p>Oferta: Material de higiene pessoal<\/p>\n<\/div>\n<div dir=\"auto\"><strong>9\u00aa Noite- 9 de junho (domingo<\/strong>)<\/div>\n<div dir=\"auto\">Tema: Cremos na vida, cremos na fam\u00edlia.<\/div>\n<div dir=\"auto\">Respons\u00e1veis: Vicentinos e Equipe de Coroinhas<\/div>\n<div dir=\"auto\">Convidados: Par\u00f3quia Nossa Senhora Aparecida<\/div>\n<div dir=\"auto\">\n<p>Oferta: \u00d3leo de soja<\/p>\n<\/div>\n<div dir=\"auto\"><strong>10\u00aa Noite- 10 de junho (segunda-feira)<\/strong><\/div>\n<div dir=\"auto\">Tema: Fam\u00edlia, esperan\u00e7a de uma sa\u00fade espiritual<\/div>\n<div dir=\"auto\">Respons\u00e1veis: Pastoral Familiar e Pastoral do Batismo<\/div>\n<div dir=\"auto\">Convidados: Par\u00f3quia Santa In\u00eas<\/div>\n<div dir=\"auto\">\n<p>Oferta: Leite em p\u00f3<\/p>\n<\/div>\n<div dir=\"auto\"><strong>11\u00aa Noite-11 de junho (ter\u00e7a-feira)<\/strong><\/div>\n<div dir=\"auto\">Tema: Fam\u00edlia e eucaristia, fontes de vida eterna.<\/div>\n<div dir=\"auto\">Respons\u00e1veis: Minist\u00e9rio de m\u00fasica e Pastoral da Catequese<\/div>\n<div dir=\"auto\">Convidados: Par\u00f3quia Nossa Senhora de F\u00e1tima<\/div>\n<div dir=\"auto\">\n<p>Oferta: Manteiga<\/p>\n<\/div>\n<div dir=\"auto\"><strong>12\u00aa Noite- 12 de junho (quarta-feira)<\/strong><\/div>\n<div dir=\"auto\">Tema: Namoro, sinal do despertar para o matrim\u00f4nio e para uma santa e&nbsp;<\/div>\n<div dir=\"auto\">indissol\u00favel alian\u00e7a familiar.<\/div>\n<div dir=\"auto\">Respons\u00e1veis: MECE e Santo Expedito<\/div>\n<div dir=\"auto\">\n<p>Convidados: Par\u00f3quia Nossa Senhora das Vit\u00f3rias<\/p>\n<\/div>\n<div dir=\"auto\"><strong>13\u00aa Noite-13 de junho (quinta-feira)<\/strong><\/div>\n<div dir=\"auto\">Dia festivo<\/div>\n<div dir=\"auto\">05h-Alvorada festiva<\/div>\n<div dir=\"auto\">09h-Batizados<\/div>\n<div dir=\"auto\">Oferta: Em esp\u00e9cie (dinheiro)<\/div>\n<div dir=\"auto\">\n<p>19h-Missa solene seguida de prociss\u00e3o com a imagem do santo pelas ruas do bairro<\/p>\n<\/div>\n<div dir=\"auto\">\n<p>Obs: Homenageados em todas as noites-&nbsp; Fam\u00edlia escolhida pelas pastorais&nbsp;e movimentos.<\/p>\n<\/div>\n<div dir=\"auto\">Realiza\u00e7\u00e3o: Par\u00f3quia Santo Ant\u00f4nio\/Diocese de Itabuna-Bahia<\/div>\n<div dir=\"auto\">Organiza\u00e7\u00e3o: Padre Jos\u00e9 Andrade Paz (p\u00e1roco) e equipe de coordena\u00e7\u00e3o.<\/div>\n","protected":false},"excerpt":{"rendered":"<p>O Padre Jos\u00e9 Andrade Paz, p\u00e1roco da Par\u00f3quia Santo Ant\u00f4nio, situada no&nbsp;bairro de mesmo nome, em Itabuna (BA),&nbsp; convida a todos para&nbsp; participarem das comemora\u00e7\u00f5es em louvor \u00e0 Santo Ant\u00f4nio. A programa\u00e7\u00e3o acontece com o Trezen\u00e1rio dedicado ao santo envolvendo todas as equipes de pastorais, movimentos e servi\u00e7os que durante essas treze&nbsp;noites vivenciar\u00e3o com muita&nbsp;<\/p>\n<p><a class=\"btn btn-style\" href=\"https:\/\/portalcatolico.net\/portal\/confira-a-programacao-do-trezenario-do-padroeiro-da-paroquia-santo-antonio-em-itabuna\/\">Continue Reading<\/a><\/p>\n","protected":false},"author":2,"featured_media":64799,"comment_status":"open","ping_status":"open","sticky":false,"template":"","format":"standard","meta":{"footnotes":""},"categories":[4],"tags":[],"class_list":["post-64798","post","type-post","status-publish","format-standard","has-post-thumbnail","hentry","category-destaques"],"_links":{"self":[{"href":"https:\/\/portalcatolico.net\/portal\/wp-json\/wp\/v2\/posts\/64798","targetHints":{"allow":["GET"]}}],"collection":[{"href":"https:\/\/portalcatolico.net\/portal\/wp-json\/wp\/v2\/posts"}],"about":[{"href":"https:\/\/portalcatolico.net\/portal\/wp-json\/wp\/v2\/types\/post"}],"author":[{"embeddable":true,"href":"https:\/\/portalcatolico.net\/portal\/wp-json\/wp\/v2\/users\/2"}],"replies":[{"embeddable":true,"href":"https:\/\/portalcatolico.net\/portal\/wp-json\/wp\/v2\/comments?post=64798"}],"version-history":[{"count":2,"href":"https:\/\/portalcatolico.net\/portal\/wp-json\/wp\/v2\/posts\/64798\/revisions"}],"predecessor-version":[{"id":64801,"href":"https:\/\/portalcatolico.net\/portal\/wp-json\/wp\/v2\/posts\/64798\/revisions\/64801"}],"wp:featuredmedia":[{"embeddable":true,"href":"https:\/\/portalcatolico.net\/portal\/wp-json\/wp\/v2\/media\/64799"}],"wp:attachment":[{"href":"https:\/\/portalcatolico.net\/portal\/wp-json\/wp\/v2\/media?parent=64798"}],"wp:term":[{"taxonomy":"category","embeddable":true,"href":"https:\/\/portalcatolico.net\/portal\/wp-json\/wp\/v2\/categories?post=64798"},{"taxonomy":"post_tag","embeddable":true,"href":"https:\/\/portalcatolico.net\/portal\/wp-json\/wp\/v2\/tags?post=64798"}],"curies":[{"name":"wp","href":"https:\/\/api.w.org\/{rel}","templated":true}]}}