{"id":64765,"date":"2019-05-30T16:00:57","date_gmt":"2019-05-30T19:00:57","guid":{"rendered":"http:\/\/portalcatolico.net\/portal\/?p=64765"},"modified":"2019-05-30T16:02:01","modified_gmt":"2019-05-30T19:02:01","slug":"polonia-a-historia-do-padre-michal-los-que-comove-o-mundo","status":"publish","type":"post","link":"https:\/\/portalcatolico.net\/portal\/polonia-a-historia-do-padre-michal-los-que-comove-o-mundo\/","title":{"rendered":"Pol\u00f4nia: a hist\u00f3ria do padre Michal los que comove o mundo"},"content":{"rendered":"<div class=\"article__subTitle\">O v\u00eddeo da primeira Missa celebrada pelo padre Micha\u0142 \u0141os, de 31 anos, viralizou nas redes sociais, com mais de 350 mil visualiza\u00e7\u00f5es. Paciente terminal, internado no hospital militar de Vars\u00f3via, emitiu os votos perp\u00e9tuos como Filho da Divina Provid\u00eancia (Dom Orione) na \u00faltima quinta-feira. Foi ordenado di\u00e1cono e sacerdote, gra\u00e7as \u00e0s dispensas concedidas pelo Papa Francisco<\/div>\n<div>&nbsp;<\/div>\n<div class=\"title__separator\">&#8220;Nada poder\u00e1 jamais me separar do amor de Jesus Cristo&#8221;, disse o jovem padre Micha\u0142 \u0141os: um verdadeiro &#8220;programa de f\u00e9&#8221; anunciado de seu leito no hospital, durante a celebra\u00e7\u00e3o de sua primeira Missa.<\/div>\n<div class=\"article__text\">\n<p>Na redes sociais, sua hist\u00f3ria rapidamente deu a volta ao mundo, porque padre Micha\u0142 Los est\u00e1 hospitalizado devido a uma doen\u00e7a grave que, segundo os m\u00e9dicos, deixa pouca esperan\u00e7a. E foi justamente dentro do hospital que padre Micha\u0142 \u0141os, cl\u00e9rigo orionita no momento da admiss\u00e3o, fez sua profiss\u00e3o religiosa perp\u00e9tua na Congrega\u00e7\u00e3o dos Filhos da Divina Provid\u00eancia, unindo-se \u00e0 Prov\u00edncia &#8220;Nossa Senhora de Czestochowa&#8221;.<\/p>\n<p>Seu maior sonho, de fato, era poder celebrar a Santa Missa, para estar ainda mais unido a Cristo. E foi o Papa Francisco quem concedeu todas as dispensas necess\u00e1rias para sua ordena\u00e7\u00e3o diaconal e sacerdotal, de modo a permitir que padre&nbsp;Micha\u0142 \u0141os realizasse seu sonho.<\/p>\n<p><strong>Os frutos do seu testemunho<\/strong><\/p>\n<p>Seu testemunho de for\u00e7a e f\u00e9 imediatamente deu frutos: muitos pacientes do Hospital do C\u00e2ncer de Vars\u00f3via, depois de terem tomado conhecimento da ordena\u00e7\u00e3o do padre Micha\u0142 \u0141os, come\u00e7aram a ir at\u00e9 seu quarto para pedir uma b\u00ean\u00e7\u00e3o, para se reconciliarem com o Senhor, ou apenas para sentir um pouco do conforto que somente o Senhor pode dar. E tamb\u00e9m no resto do mundo muitas pessoas, orionitas ou n\u00e3o, t\u00eam rezado pela recupera\u00e7\u00e3o de sua sa\u00fade. &nbsp;<\/p>\n<p>Na dire\u00e7\u00e3o geral da Congrega\u00e7\u00e3o, em Roma, uma chama acesa diante da imagem do beato Francisco Drzewiecki, m\u00e1rtir orionita em Dachau, simboliza a proximidade de toda a fam\u00edlia religiosa e recorda precisamente uma frase de S\u00e3o Lu\u00eds Orione: &#8220;Tudo ir\u00e1 reviver, se levarmos ardente nas m\u00e3os e elevado no cora\u00e7\u00e3o&nbsp; o fogo da caridade de Jesus Cristo\u201d e \u201camemos todos em Cristo. Sirvamos a Cristo nos pobres. Renovemos Cristo em n\u00f3s e restauremos tudo em Cristo. Salvemos sempre, salvemos todos, salvemos \u00e0 custa de todo sacrif\u00edcio, com Paix\u00e3o Redentora e com holocausto redentor.\u201d<\/p>\n<p><strong>350.000 pessoas assistiram o v\u00eddeo de sua primeira Missa<\/strong><\/p>\n<p>At\u00e9 mesmo o mundo da m\u00eddia e das redes sociais imediatamente &#8220;acordou&#8221; para a hist\u00f3ria de padre Micha\u0142 \u0141os, rapidamente postada em sites, em perfis no Facebook e Instagram. S\u00e3o pessoas da Coreia, \u00cdndia, Jap\u00e3o, Qu\u00eania, Costa do Marfim, Burkina Faso, Porto Rico, Uruguai, Argentina, Chile, Brasil e quase toda a Europa. Apenas o v\u00eddeo de sua primeira Missa, foi visualizado por mais de 350 mil pessoas.<\/p>\n<p>Outras informa\u00e7\u00f5es e imagens:&nbsp;<a href=\"https:\/\/orione.pl\/\" rel=\"external nofollow\">https:\/\/orione.pl\/<\/a><\/p>\n<div>\n<div class=\"article__embed article__embed--unwrap article__embed--dark\">\n<div class=\"embed-container\"><iframe src=\"https:\/\/www.facebook.com\/plugins\/video.php?href=https:\/\/www.facebook.com\/orionepl\/videos\/395948791009168\/&amp;show_text=false&amp;appId\" scrolling=\"no\" allowfullscreen=\"allowfullscreen\" data-mce-fragment=\"1\"><\/iframe><\/div>\n<div class=\"article__innerTitle\">No hospital, sacerdote celebra sua primeira Missa<\/div>\n<div>&nbsp;<\/div>\n<div>Fonte: Vatican News<\/div>\n<\/div>\n<\/div>\n<\/div>\n","protected":false},"excerpt":{"rendered":"<p>O v\u00eddeo da primeira Missa celebrada pelo padre Micha\u0142 \u0141os, de 31 anos, viralizou nas redes sociais, com mais de 350 mil visualiza\u00e7\u00f5es. Paciente terminal, internado no hospital militar de Vars\u00f3via, emitiu os votos perp\u00e9tuos como Filho da Divina Provid\u00eancia (Dom Orione) na \u00faltima quinta-feira. Foi ordenado di\u00e1cono e sacerdote, gra\u00e7as \u00e0s dispensas concedidas pelo&nbsp;<\/p>\n<p><a class=\"btn btn-style\" href=\"https:\/\/portalcatolico.net\/portal\/polonia-a-historia-do-padre-michal-los-que-comove-o-mundo\/\">Continue Reading<\/a><\/p>\n","protected":false},"author":2,"featured_media":64766,"comment_status":"open","ping_status":"open","sticky":false,"template":"","format":"standard","meta":{"footnotes":""},"categories":[5],"tags":[],"class_list":["post-64765","post","type-post","status-publish","format-standard","has-post-thumbnail","hentry","category-igreja_no_mundo"],"_links":{"self":[{"href":"https:\/\/portalcatolico.net\/portal\/wp-json\/wp\/v2\/posts\/64765","targetHints":{"allow":["GET"]}}],"collection":[{"href":"https:\/\/portalcatolico.net\/portal\/wp-json\/wp\/v2\/posts"}],"about":[{"href":"https:\/\/portalcatolico.net\/portal\/wp-json\/wp\/v2\/types\/post"}],"author":[{"embeddable":true,"href":"https:\/\/portalcatolico.net\/portal\/wp-json\/wp\/v2\/users\/2"}],"replies":[{"embeddable":true,"href":"https:\/\/portalcatolico.net\/portal\/wp-json\/wp\/v2\/comments?post=64765"}],"version-history":[{"count":3,"href":"https:\/\/portalcatolico.net\/portal\/wp-json\/wp\/v2\/posts\/64765\/revisions"}],"predecessor-version":[{"id":64769,"href":"https:\/\/portalcatolico.net\/portal\/wp-json\/wp\/v2\/posts\/64765\/revisions\/64769"}],"wp:featuredmedia":[{"embeddable":true,"href":"https:\/\/portalcatolico.net\/portal\/wp-json\/wp\/v2\/media\/64766"}],"wp:attachment":[{"href":"https:\/\/portalcatolico.net\/portal\/wp-json\/wp\/v2\/media?parent=64765"}],"wp:term":[{"taxonomy":"category","embeddable":true,"href":"https:\/\/portalcatolico.net\/portal\/wp-json\/wp\/v2\/categories?post=64765"},{"taxonomy":"post_tag","embeddable":true,"href":"https:\/\/portalcatolico.net\/portal\/wp-json\/wp\/v2\/tags?post=64765"}],"curies":[{"name":"wp","href":"https:\/\/api.w.org\/{rel}","templated":true}]}}