{"id":64758,"date":"2019-05-29T23:46:58","date_gmt":"2019-05-30T02:46:58","guid":{"rendered":"http:\/\/portalcatolico.net\/portal\/?p=64758"},"modified":"2019-05-31T13:02:07","modified_gmt":"2019-05-31T16:02:07","slug":"ordenacao-sacerdotal-do-diacono-sandoval-acontece-em-jequie","status":"publish","type":"post","link":"https:\/\/portalcatolico.net\/portal\/ordenacao-sacerdotal-do-diacono-sandoval-acontece-em-jequie\/","title":{"rendered":"Ordena\u00e7\u00e3o Sacerdotal do Di\u00e1cono Sandoval acontece em Jequi\u00e9"},"content":{"rendered":"<p><img loading=\"lazy\" decoding=\"async\" class=\"alignnone wp-image-64761\" src=\"http:\/\/portalcatolico.net\/portal\/wp-content\/uploads\/2019\/05\/de002c38-2a63-463f-8ed8-648aab34988d-300x199.jpg\" alt=\"\" width=\"722\" height=\"479\" srcset=\"https:\/\/portalcatolico.net\/portal\/wp-content\/uploads\/2019\/05\/de002c38-2a63-463f-8ed8-648aab34988d-300x199.jpg 300w, https:\/\/portalcatolico.net\/portal\/wp-content\/uploads\/2019\/05\/de002c38-2a63-463f-8ed8-648aab34988d-768x510.jpg 768w, https:\/\/portalcatolico.net\/portal\/wp-content\/uploads\/2019\/05\/de002c38-2a63-463f-8ed8-648aab34988d-1024x680.jpg 1024w, https:\/\/portalcatolico.net\/portal\/wp-content\/uploads\/2019\/05\/de002c38-2a63-463f-8ed8-648aab34988d.jpg 1280w\" sizes=\"auto, (max-width: 722px) 100vw, 722px\" \/><\/p>\n<p>No \u00faltimo s\u00e1bado, 25 de maio de 2019,&nbsp; na diocese de Jequi\u00e9, no&nbsp;interior da Bahia, na Par\u00f3quia Jesus Crucificado, \u00e0s 19h, teve in\u00edcio a Ordena\u00e7\u00e3o&nbsp;Presbiteral do Di\u00e1cono Sandoval Dias de Jesus, CP. O Di\u00e1cono Sandoval&nbsp;Dias de Jesus \u00e9 filho de Itabuna da par\u00f3quia S\u00e3o Judas Tadeu.<\/p>\n<p>A solene celebra\u00e7\u00e3o contou com grande n\u00famero de fi\u00e9is e grande&nbsp;participa\u00e7\u00e3o dos presb\u00edteros, di\u00e1conos e religiosos, al\u00e9m amigos de&nbsp;v\u00e1rias cidades circunvizinhas, principalmente&nbsp; da diocese de Itabuna,&nbsp;por onde o religioso come\u00e7ou sua vida religiosa. Desde jovem, ele passou pela Comunidade Rainha da Paz (bairro Novo Horizonte), da Par\u00f3quia S\u00e3o Judas Tadeu em Itabuna. At\u00e9 hoje, \u00e9 muito querido pelos membros da Comunidade.&nbsp;&nbsp;<\/p>\n<p>A experi\u00eancia vocacional do religioso levou- o at\u00e9 a&nbsp;Congrega\u00e7\u00e3o Passionista. Ele se tornou religioso da Prov\u00edncia Exalta\u00e7\u00e3o da&nbsp;Santa Cruz.<\/p>\n<p>O Di\u00e1cono foi Ordenado pelas m\u00e3os do Bispo Dom Tommaso Cascianelli, Bispo&nbsp;na diocese de Irec\u00ea (BA). No domingo (26), sua primeira missa j\u00e1 ordenado&nbsp;padre, foi na par\u00f3quia de&nbsp;Nossa Senhora do Perp\u00e9tuo Socorro, \u00e0s 8h, situada na cidade e diocese de&nbsp;Jequi\u00e9.<\/p>\n<p>No dia 04 de Mar\u00e7o de 2018, \u00e0s 09h30, no Santu\u00e1rio S\u00e3o Paulo da Cruz em&nbsp;Belo Horizonte (MG), ocorreu a Profiss\u00e3o Perp\u00e9tua do Religioso Sandoval&nbsp;Dias de Jesus, CP.<br \/>\nNo dia 02 de dezembro de 2018, em uma Solene Celebra\u00e7\u00e3o Eucar\u00edstica,&nbsp;aconteceu a&nbsp; Ordena\u00e7\u00e3o Diaconal do Mission\u00e1rio religioso Sandoval Dias&nbsp;de Jesus, CP, com a presid\u00eancia de Dom Otac\u00edlio Ferreira de Lacerda,&nbsp;Bispo Referencial da Regi\u00e3o Episcopal Nossa Senhora Aparecida da&nbsp;Arquidiocese de Belo Horizonte(MG).&nbsp;<\/p>\n<p>As fotos e as informa\u00e7\u00f5es foram enviados por internautas e leitores do&nbsp;Portal Cat\u00f3lico.<br \/>\nVoc\u00ea tamb\u00e9m pode enviar seu texto para o email da nossa&nbsp;reda\u00e7\u00e3o: <a href=\"mailto:contato@portalcatolico.net\">contato@portalcatolico.net<\/a><br \/>\nSegue o link com as homilias da ordena\u00e7\u00e3o e da primeira missa do&nbsp;religioso:<br \/>\n<a href=\"https:\/\/www.facebook.com\/ParoquiaNSraDoPerpetuoSocorro\/videos\/446992479443295\/\" target=\"_blank\" rel=\"noopener noreferrer\">https:\/\/www.facebook.com\/ParoquiaNSraDoPerpetuoSocorro\/videos\/446992479443295\/<\/a><\/p>\n<p>\u00c1lbuns de fotos:<a href=\"https:\/\/www.facebook.com\/portalcatolicooficial\/\"><strong>Clique aqui<\/strong><\/a><\/p>\n<p>Texto:Portal Cat\u00f3lico.Net<\/p>\n","protected":false},"excerpt":{"rendered":"<p>No \u00faltimo s\u00e1bado, 25 de maio de 2019,&nbsp; na diocese de Jequi\u00e9, no&nbsp;interior da Bahia, na Par\u00f3quia Jesus Crucificado, \u00e0s 19h, teve in\u00edcio a Ordena\u00e7\u00e3o&nbsp;Presbiteral do Di\u00e1cono Sandoval Dias de Jesus, CP. O Di\u00e1cono Sandoval&nbsp;Dias de Jesus \u00e9 filho de Itabuna da par\u00f3quia S\u00e3o Judas Tadeu. A solene celebra\u00e7\u00e3o contou com grande n\u00famero de fi\u00e9is&nbsp;<\/p>\n<p><a class=\"btn btn-style\" href=\"https:\/\/portalcatolico.net\/portal\/ordenacao-sacerdotal-do-diacono-sandoval-acontece-em-jequie\/\">Continue Reading<\/a><\/p>\n","protected":false},"author":2,"featured_media":64759,"comment_status":"open","ping_status":"open","sticky":false,"template":"","format":"standard","meta":{"footnotes":""},"categories":[4],"tags":[],"class_list":["post-64758","post","type-post","status-publish","format-standard","has-post-thumbnail","hentry","category-destaques"],"_links":{"self":[{"href":"https:\/\/portalcatolico.net\/portal\/wp-json\/wp\/v2\/posts\/64758","targetHints":{"allow":["GET"]}}],"collection":[{"href":"https:\/\/portalcatolico.net\/portal\/wp-json\/wp\/v2\/posts"}],"about":[{"href":"https:\/\/portalcatolico.net\/portal\/wp-json\/wp\/v2\/types\/post"}],"author":[{"embeddable":true,"href":"https:\/\/portalcatolico.net\/portal\/wp-json\/wp\/v2\/users\/2"}],"replies":[{"embeddable":true,"href":"https:\/\/portalcatolico.net\/portal\/wp-json\/wp\/v2\/comments?post=64758"}],"version-history":[{"count":5,"href":"https:\/\/portalcatolico.net\/portal\/wp-json\/wp\/v2\/posts\/64758\/revisions"}],"predecessor-version":[{"id":64787,"href":"https:\/\/portalcatolico.net\/portal\/wp-json\/wp\/v2\/posts\/64758\/revisions\/64787"}],"wp:featuredmedia":[{"embeddable":true,"href":"https:\/\/portalcatolico.net\/portal\/wp-json\/wp\/v2\/media\/64759"}],"wp:attachment":[{"href":"https:\/\/portalcatolico.net\/portal\/wp-json\/wp\/v2\/media?parent=64758"}],"wp:term":[{"taxonomy":"category","embeddable":true,"href":"https:\/\/portalcatolico.net\/portal\/wp-json\/wp\/v2\/categories?post=64758"},{"taxonomy":"post_tag","embeddable":true,"href":"https:\/\/portalcatolico.net\/portal\/wp-json\/wp\/v2\/tags?post=64758"}],"curies":[{"name":"wp","href":"https:\/\/api.w.org\/{rel}","templated":true}]}}