{"id":64744,"date":"2019-05-28T21:49:26","date_gmt":"2019-05-29T00:49:26","guid":{"rendered":"http:\/\/portalcatolico.net\/portal\/?p=64744"},"modified":"2019-05-28T21:49:26","modified_gmt":"2019-05-29T00:49:26","slug":"a-igreja-precisa-de-santos","status":"publish","type":"post","link":"https:\/\/portalcatolico.net\/portal\/a-igreja-precisa-de-santos\/","title":{"rendered":"A Igreja precisa de santos"},"content":{"rendered":"<p>O aterro da Baia Sul, em Florian\u00f3polis, estava lotado. Naquela manh\u00e3 \u2013 18 de outubro de 1991 \u2013, pela primeira vez na hist\u00f3ria um Papa celebraria a santa Missa em territ\u00f3rio catarinense. Seria uma celebra\u00e7\u00e3o especial: Amabile Visintainer, nascida na It\u00e1lia, que aos nove anos de idade, com sua fam\u00edlia, imigrou para o Brasil, seria declarada \u201cBem-aventurada\u201d e passaria a ser conhecida pelo nome que assumiu quando se tornou religiosa: Paulina do Cora\u00e7\u00e3o Agonizante de Jesus. Jo\u00e3o Paulo II terminou sua homilia com voz pausada e forte: \u201cA Igreja precisa, hoje, mais do que nunca, de santos!\u201d E, para acentuar o que acabara de dizer, insistiu: \u201cDe muitos santos!\u201d<\/p>\n<p>Lembrei-me desse epis\u00f3dio quando soube que Irm\u00e3 Dulce dos Pobres seria proclamada \u201csanta\u201d. Ela ser\u00e1 uma das muitas santas e santos de que a Igreja precisa. Mas, o que \u00e9 ser \u201csanto\u201d? H\u00e1 os santos canonizados \u2013 isto \u00e9, colocados em uma lista oficial, que passam a ser apresentados ao mundo como prova de que \u00e9 poss\u00edvel p\u00f4r em pr\u00e1tica os ensinamentos de Jesus de Nazar\u00e9. Mas h\u00e1 um outro grupo, muito maior (\u201cuma inumer\u00e1vel multid\u00e3o\u201d, diria o livro do Apocalipse), formado por pessoas que tamb\u00e9m seguiram o Senhor e, mesmo n\u00e3o tendo sido canonizadas, se tornaram santas. Explico-me: santo \u00e9 o batizado que assume conscientemente o seu batismo, procura viver como filho de Deus e irm\u00e3o de todos, espalha o bem ao seu redor, sabe perdoar, n\u00e3o vive em fun\u00e7\u00e3o de si mesmo e, como Irm\u00e3 Dulce, dedica sua vida totalmente ao Senhor e a seus irm\u00e3os. O dom de santidade \u00e9 oferecido a cada batizado, pois \u201cEsta \u00e9 a vontade de Deus: a vossa santifica\u00e7\u00e3o\u201d (1Ts 4,3). Isso vale para todos os crist\u00e3os, de qualquer \u00e9poca, lugar, idade ou situa\u00e7\u00e3o.<\/p>\n<p>N\u00e3o teria sentido uma pessoa batizada contentar-se com uma vida med\u00edocre e ego\u00edsta, ou com uma vida crist\u00e3 superficial. Segundo o Papa S. Jo\u00e3o Paulo II, perguntar a uma pessoa se quer ser batizada \u00e9 o mesmo que lhe perguntar: Voc\u00ea quer ser santo? Quer imitar e seguir Jesus Cristo? Aceita buscar a perfei\u00e7\u00e3o como o Pai celeste \u00e9 perfeito? (cf. Mt 5,48) Insisto, pois: o ideal de perfei\u00e7\u00e3o crist\u00e3 n\u00e3o \u00e9 apenas para algumas pessoas excepcionais, mas para todas.<\/p>\n<p>Irm\u00e3 Dulce dos Pobres nos ensina que n\u00e3o h\u00e1 nada que impossibilite algu\u00e9m de ser santo ou santa. Afinal, ela \u2013 pequena, fisicamente fr\u00e1gil, sem recursos econ\u00f4micos, sem intelig\u00eancia excepcional, sem grandes estudos, sem o dom da orat\u00f3ria etc. \u2013 fez o que fez e nos deixou uma imensa obra como heran\u00e7a. Seu maior legado, contudo, foi a capacidade de ver o rosto de Jesus no rosto de cada pessoa que sofre.<\/p>\n<p>N\u00e3o basta nos alegrarmos com sua pr\u00f3xima canoniza\u00e7\u00e3o. Busquemos tamb\u00e9m n\u00f3s a santidade, pois a Igreja precisa de santos \u2013 de muitos santos!<\/p>\n<p>Foto:Divulga\u00e7\u00e3o<\/p>\n<p><strong>Por Dom Murilo S.R. Krieger, scj<\/strong><\/p>\n<p>Arcebispo de S\u00e3o Salvador d Bahia \u2013 Primaz do Brasil\/Arquidiocese de Salvador (BA)<\/p>\n<p>&nbsp;<\/p>\n","protected":false},"excerpt":{"rendered":"<p>O aterro da Baia Sul, em Florian\u00f3polis, estava lotado. Naquela manh\u00e3 \u2013 18 de outubro de 1991 \u2013, pela primeira vez na hist\u00f3ria um Papa celebraria a santa Missa em territ\u00f3rio catarinense. Seria uma celebra\u00e7\u00e3o especial: Amabile Visintainer, nascida na It\u00e1lia, que aos nove anos de idade, com sua fam\u00edlia, imigrou para o Brasil, seria&nbsp;<\/p>\n<p><a class=\"btn btn-style\" href=\"https:\/\/portalcatolico.net\/portal\/a-igreja-precisa-de-santos\/\">Continue Reading<\/a><\/p>\n","protected":false},"author":2,"featured_media":64745,"comment_status":"open","ping_status":"open","sticky":false,"template":"","format":"standard","meta":{"footnotes":""},"categories":[69],"tags":[],"class_list":["post-64744","post","type-post","status-publish","format-standard","has-post-thumbnail","hentry","category-artigos"],"_links":{"self":[{"href":"https:\/\/portalcatolico.net\/portal\/wp-json\/wp\/v2\/posts\/64744","targetHints":{"allow":["GET"]}}],"collection":[{"href":"https:\/\/portalcatolico.net\/portal\/wp-json\/wp\/v2\/posts"}],"about":[{"href":"https:\/\/portalcatolico.net\/portal\/wp-json\/wp\/v2\/types\/post"}],"author":[{"embeddable":true,"href":"https:\/\/portalcatolico.net\/portal\/wp-json\/wp\/v2\/users\/2"}],"replies":[{"embeddable":true,"href":"https:\/\/portalcatolico.net\/portal\/wp-json\/wp\/v2\/comments?post=64744"}],"version-history":[{"count":1,"href":"https:\/\/portalcatolico.net\/portal\/wp-json\/wp\/v2\/posts\/64744\/revisions"}],"predecessor-version":[{"id":64746,"href":"https:\/\/portalcatolico.net\/portal\/wp-json\/wp\/v2\/posts\/64744\/revisions\/64746"}],"wp:featuredmedia":[{"embeddable":true,"href":"https:\/\/portalcatolico.net\/portal\/wp-json\/wp\/v2\/media\/64745"}],"wp:attachment":[{"href":"https:\/\/portalcatolico.net\/portal\/wp-json\/wp\/v2\/media?parent=64744"}],"wp:term":[{"taxonomy":"category","embeddable":true,"href":"https:\/\/portalcatolico.net\/portal\/wp-json\/wp\/v2\/categories?post=64744"},{"taxonomy":"post_tag","embeddable":true,"href":"https:\/\/portalcatolico.net\/portal\/wp-json\/wp\/v2\/tags?post=64744"}],"curies":[{"name":"wp","href":"https:\/\/api.w.org\/{rel}","templated":true}]}}