{"id":64737,"date":"2019-05-29T00:06:03","date_gmt":"2019-05-29T03:06:03","guid":{"rendered":"http:\/\/portalcatolico.net\/portal\/?p=64737"},"modified":"2019-05-29T06:08:24","modified_gmt":"2019-05-29T09:08:24","slug":"padre-ivanilton-silva-lanca-novo-cd-o-segredo-esta-em-suas-maos-confira","status":"publish","type":"post","link":"https:\/\/portalcatolico.net\/portal\/padre-ivanilton-silva-lanca-novo-cd-o-segredo-esta-em-suas-maos-confira\/","title":{"rendered":"Padre Ivanilton Silva lan\u00e7a novo CD: &#8220;O Segredo est\u00e1 em suas m\u00e3os&#8221;. Confira!"},"content":{"rendered":"<p>Padre Ivanilton Silva \u00e9 m\u00fasico, cantor e compositor h\u00e1 10 anos.Ao longo dessa jornada, ele tem acumulado uma grande experi\u00eancia na evangeliza\u00e7\u00e3o, adora\u00e7\u00e3o e celebra\u00e7\u00e3o atrav\u00e9s da m\u00fasica. Recentemente, ele lan\u00e7ou um \u00e1lbum em CD&nbsp;contendo 12 faixas, DVD ao vivo e mais (tr\u00eas) m\u00fasicas singles de sua&nbsp;autoria. Esse trabalho tem um conceito religioso art\u00edstico que transita entre o&nbsp;estilo Sertanejo e seu repert\u00f3rio pode ser visto no CD &#8220;O Segredo&nbsp;est\u00e1 em tuas m\u00e3os&#8221;, bem como sua performance ao vivo no DVD.<\/p>\n<p><strong>Conhe\u00e7a um pouco mais da hist\u00f3ria dele:<\/strong><\/p>\n<p>Pe. Ivanilton Ferreira da Silva, nasceu no dia 19 de Mar\u00e7o de 1982, \u00e9 mineiro da cidade de \u00c1guas Formosas, situada no vale do mucuri no estado de Minas Gerais. Ainda na adolesc\u00eancia descobriu sua voca\u00e7\u00e3o para o sacerd\u00f3cio, al\u00e9m do dom e talento de compor, tocar viol\u00e3o e cantar. Aos 18 anos foi para o semin\u00e1rio no Instituto Mission\u00e1rio S\u00e3o Jos\u00e9 em Taubat\u00e9\/ SP, onde iniciou o curso de filosofia pela UNITAU e Teologia pela Faculdade Dehoniana. Em 2009 foi ordenado Padre em sua cidade natal. Atualmente exerce o minist\u00e9rio sacerdotal na cidade de Itumbiara &#8211; GO. Sua miss\u00e3o \u00e9 evangelizar, adorar e celebrar tendo a m\u00fasica como instrumento de transforma\u00e7\u00e3o. No final do ano de 2016, Pe. Ivanilton Silva gravou seu primeiro CD e DVD &#8220;O Segredo est\u00e1 em tuas m\u00e3os&#8221;. Seu \u00e1lbum possui 12 m\u00fasicas in\u00e9ditas autoral, dentre elas destaque para a m\u00fasica &#8220;Senhora do Brasil&#8221;. Tem Lan\u00e7ado tamb\u00e9m (tr\u00eas) singles com destaque para a m\u00fasica &#8220;Cora\u00e7\u00e3o de Romeiro&#8221; tudo foi preparado com carinho e o desejo de propiciar a todos a paz interior e a alegria de viver, s\u00e3o belas can\u00e7\u00f5es de devo\u00e7\u00e3o, f\u00e9, paz e otimismo, com o objetivo de levar uma mensagem de esperan\u00e7a e alegria aos cora\u00e7\u00f5es. Com um conceito religioso art\u00edstico que transita entre o estilo Sertanejo, tem sido divulgado e comentado pela imprensa regional em programas de tv, r\u00e1dio e outros canais de comunica\u00e7\u00e3o. Tem agradado e conquistado o p\u00fablico por onde toca, fazendo apresenta\u00e7\u00f5es em eventos no formato (voz e viol\u00e3o ou com banda) e seu repert\u00f3rio pode ser visto no CD &#8220;O Segredo est\u00e1 em tuas m\u00e3os&#8221; ou nas principais plataformas digitais, bem como sua performance ao vivo no DVD. Vale \u00e0 pena conferir! Acompanhe o trabalho dele nas Redes sociais&nbsp;&nbsp;e no Youtube:&nbsp;<\/p>\n<p><a href=\"https:\/\/www.youtube.com\/c\/PadreIvaniltonSilvaOficial\">https:\/\/www.youtube.com\/c\/PadreIvaniltonSilvaOficial&nbsp;<\/a><\/p>\n<p>Facebook: <a href=\"https:\/\/www.facebook.com\/padreivanilton\/\">https:\/\/www.facebook.com\/padreivanilton\/<\/a>&nbsp;<\/p>\n<p>Instagran: <a href=\"https:\/\/www.instagram.com\">https:\/\/www.instagram.com<\/a>\/peivaniltonsilvaoficial\/ Site: <a href=\"http:\/\/www.ivanilton.com.br\">www.ivanilton.com.br<\/a><\/p>\n","protected":false},"excerpt":{"rendered":"<p>Padre Ivanilton Silva \u00e9 m\u00fasico, cantor e compositor h\u00e1 10 anos.Ao longo dessa jornada, ele tem acumulado uma grande experi\u00eancia na evangeliza\u00e7\u00e3o, adora\u00e7\u00e3o e celebra\u00e7\u00e3o atrav\u00e9s da m\u00fasica. Recentemente, ele lan\u00e7ou um \u00e1lbum em CD&nbsp;contendo 12 faixas, DVD ao vivo e mais (tr\u00eas) m\u00fasicas singles de sua&nbsp;autoria. Esse trabalho tem um conceito religioso art\u00edstico que&nbsp;<\/p>\n<p><a class=\"btn btn-style\" href=\"https:\/\/portalcatolico.net\/portal\/padre-ivanilton-silva-lanca-novo-cd-o-segredo-esta-em-suas-maos-confira\/\">Continue Reading<\/a><\/p>\n","protected":false},"author":2,"featured_media":64749,"comment_status":"open","ping_status":"open","sticky":false,"template":"","format":"standard","meta":{"footnotes":""},"categories":[69],"tags":[],"class_list":["post-64737","post","type-post","status-publish","format-standard","has-post-thumbnail","hentry","category-artigos"],"_links":{"self":[{"href":"https:\/\/portalcatolico.net\/portal\/wp-json\/wp\/v2\/posts\/64737","targetHints":{"allow":["GET"]}}],"collection":[{"href":"https:\/\/portalcatolico.net\/portal\/wp-json\/wp\/v2\/posts"}],"about":[{"href":"https:\/\/portalcatolico.net\/portal\/wp-json\/wp\/v2\/types\/post"}],"author":[{"embeddable":true,"href":"https:\/\/portalcatolico.net\/portal\/wp-json\/wp\/v2\/users\/2"}],"replies":[{"embeddable":true,"href":"https:\/\/portalcatolico.net\/portal\/wp-json\/wp\/v2\/comments?post=64737"}],"version-history":[{"count":4,"href":"https:\/\/portalcatolico.net\/portal\/wp-json\/wp\/v2\/posts\/64737\/revisions"}],"predecessor-version":[{"id":64750,"href":"https:\/\/portalcatolico.net\/portal\/wp-json\/wp\/v2\/posts\/64737\/revisions\/64750"}],"wp:featuredmedia":[{"embeddable":true,"href":"https:\/\/portalcatolico.net\/portal\/wp-json\/wp\/v2\/media\/64749"}],"wp:attachment":[{"href":"https:\/\/portalcatolico.net\/portal\/wp-json\/wp\/v2\/media?parent=64737"}],"wp:term":[{"taxonomy":"category","embeddable":true,"href":"https:\/\/portalcatolico.net\/portal\/wp-json\/wp\/v2\/categories?post=64737"},{"taxonomy":"post_tag","embeddable":true,"href":"https:\/\/portalcatolico.net\/portal\/wp-json\/wp\/v2\/tags?post=64737"}],"curies":[{"name":"wp","href":"https:\/\/api.w.org\/{rel}","templated":true}]}}