{"id":64722,"date":"2019-05-28T12:38:10","date_gmt":"2019-05-28T15:38:10","guid":{"rendered":"http:\/\/portalcatolico.net\/portal\/?p=64722"},"modified":"2019-05-28T12:44:08","modified_gmt":"2019-05-28T15:44:08","slug":"continua-em-ibicarai-o-novenario-em-louvor-a-nossa-senhora","status":"publish","type":"post","link":"https:\/\/portalcatolico.net\/portal\/continua-em-ibicarai-o-novenario-em-louvor-a-nossa-senhora\/","title":{"rendered":"Continua em Ibicara\u00ed, o Noven\u00e1rio em louvor \u00e0 Nossa Senhora"},"content":{"rendered":"<p>A celebra\u00e7\u00e3o eucar\u00edstica da sexta noite do noven\u00e1rio aconteceu nesta segunda-feira, 27, na Par\u00f3quia Senhor Deus Menino em Ibicara\u00ed (BA), sob a presid\u00eancia do padre Wesley do Carmo, que refletiu o subtema: &#8220;O sim de Maria&#8221;.<\/p>\n<p>A missa que teve in\u00edcio \u00e0s 19h, homenageou a Pastoral da Crian\u00e7a e a Comunidade Nossa&nbsp;Senhora da Concei\u00e7\u00e3o.&nbsp;E foi&nbsp;dedicada \u00e0s escolas: Guedes Educand\u00e1rio, Coaracy Ally, Gilberto Amado e&nbsp;ao grupo da melhor idade.<br \/>\nVale ressaltar que as celebra\u00e7\u00f5es v\u00e3o acontecer at\u00e9 o dia 31 de maio, que \u00e9 o dia da coroa\u00e7\u00e3o de Nossa Senhora.<br \/>\nA devo\u00e7\u00e3o que a Igreja tem de coroar a imagem da Virgem Maria, em especial no m\u00eas de maio, \u00e9 muito antiga.&nbsp;Este gesto quer externar o carinho que sentimos pela M\u00e3e de Jesus e&nbsp;nossa M\u00e3e.<br \/>\nN\u00e3o se trata de uma devo\u00e7\u00e3o vazia de sentido, e nem mesmo a consideramos&nbsp;uma deusa, pois Maria n\u00e3o \u00e9 um fim em si mesma.<br \/>\nN\u00e3o \u00e9 meta, mas \u00e9 sinal. Sua miss\u00e3o \u00e9 sempre nos apontar Jesus.<\/p>\n<p>Coroamos a sua Imagem, porque em nosso cora\u00e7\u00e3o Ela tem um lugar&nbsp;especial.<br \/>\nAo an\u00fancio do Arcanjo Gabriel, que falou \u2013 lhe claramente: &#8220;o santo que&nbsp;vai nascer de ti ser\u00e1 chamado filho de Deus&#8221;. (Lc 1,35), Maria n\u00e3o&nbsp;titubeia e se coloca como serva, n\u00e3o s\u00f3 com palavras, mas logo vai ao&nbsp;encontro de sua prima Isabel, que ao receber sua visita, exclamou:&nbsp;&#8220;donde me esta honra de vir a mim a m\u00e3e do meu Senhor&#8221;. (Lc 1,43).<br \/>\nCoroamos a imagem de Maria, como gesto simb\u00f3lico, para, desejosos,&nbsp;aprender com ela a cantar as maravilhas de Deus, no nosso dia- a -dia&nbsp;reconhecendo-O como Deus Vivo: &#8220;Minha alma glorifica o Senhor e meu&nbsp;esp\u00edrito exulta em Deus meu Salvador&#8221; (Lc 2,47).<\/p>\n<p>A festa da realeza de Maria a princ\u00edpio foi celebrada no dia 31 de maio,&nbsp;como conclus\u00e3o do m\u00eas em muitos pa\u00edses dedicado a Maria, com suas&nbsp;bel\u00edssimas noites marianas e ladainhas cantadas. Introduziu-se o costume&nbsp;da coroa\u00e7\u00e3o de Maria, carregado de muita ternura, porque eram quase&nbsp;sempre crian\u00e7as que coroavam a M\u00e3e do C\u00e9u. A introdu\u00e7\u00e3o da Missa&nbsp;vespertina diminuiu o interesse pelas &#8220;novenas&#8221;. A reforma lit\u00fargica&nbsp;introduzida pelo Conc\u00edlio Vaticano II (a.62-65) preferiu celebrar no dia&nbsp;31 de maio.<\/p>\n<p>Foto: Pascom<\/p>\n<p>Mat\u00e9ria e adapta\u00e7\u00e3o de texto:Portal Cat\u00f3lico.Net<\/p>\n","protected":false},"excerpt":{"rendered":"<p>A celebra\u00e7\u00e3o eucar\u00edstica da sexta noite do noven\u00e1rio aconteceu nesta segunda-feira, 27, na Par\u00f3quia Senhor Deus Menino em Ibicara\u00ed (BA), sob a presid\u00eancia do padre Wesley do Carmo, que refletiu o subtema: &#8220;O sim de Maria&#8221;. A missa que teve in\u00edcio \u00e0s 19h, homenageou a Pastoral da Crian\u00e7a e a Comunidade Nossa&nbsp;Senhora da Concei\u00e7\u00e3o.&nbsp;E foi&nbsp;dedicada&nbsp;<\/p>\n<p><a class=\"btn btn-style\" href=\"https:\/\/portalcatolico.net\/portal\/continua-em-ibicarai-o-novenario-em-louvor-a-nossa-senhora\/\">Continue Reading<\/a><\/p>\n","protected":false},"author":2,"featured_media":64727,"comment_status":"open","ping_status":"open","sticky":false,"template":"","format":"standard","meta":{"footnotes":""},"categories":[4],"tags":[],"class_list":["post-64722","post","type-post","status-publish","format-standard","has-post-thumbnail","hentry","category-destaques"],"_links":{"self":[{"href":"https:\/\/portalcatolico.net\/portal\/wp-json\/wp\/v2\/posts\/64722","targetHints":{"allow":["GET"]}}],"collection":[{"href":"https:\/\/portalcatolico.net\/portal\/wp-json\/wp\/v2\/posts"}],"about":[{"href":"https:\/\/portalcatolico.net\/portal\/wp-json\/wp\/v2\/types\/post"}],"author":[{"embeddable":true,"href":"https:\/\/portalcatolico.net\/portal\/wp-json\/wp\/v2\/users\/2"}],"replies":[{"embeddable":true,"href":"https:\/\/portalcatolico.net\/portal\/wp-json\/wp\/v2\/comments?post=64722"}],"version-history":[{"count":4,"href":"https:\/\/portalcatolico.net\/portal\/wp-json\/wp\/v2\/posts\/64722\/revisions"}],"predecessor-version":[{"id":64728,"href":"https:\/\/portalcatolico.net\/portal\/wp-json\/wp\/v2\/posts\/64722\/revisions\/64728"}],"wp:featuredmedia":[{"embeddable":true,"href":"https:\/\/portalcatolico.net\/portal\/wp-json\/wp\/v2\/media\/64727"}],"wp:attachment":[{"href":"https:\/\/portalcatolico.net\/portal\/wp-json\/wp\/v2\/media?parent=64722"}],"wp:term":[{"taxonomy":"category","embeddable":true,"href":"https:\/\/portalcatolico.net\/portal\/wp-json\/wp\/v2\/categories?post=64722"},{"taxonomy":"post_tag","embeddable":true,"href":"https:\/\/portalcatolico.net\/portal\/wp-json\/wp\/v2\/tags?post=64722"}],"curies":[{"name":"wp","href":"https:\/\/api.w.org\/{rel}","templated":true}]}}