{"id":64716,"date":"2019-05-28T06:24:29","date_gmt":"2019-05-28T09:24:29","guid":{"rendered":"http:\/\/portalcatolico.net\/portal\/?p=64716"},"modified":"2019-05-28T06:30:17","modified_gmt":"2019-05-28T09:30:17","slug":"papa-francisco-recebe-lider-indigena-brasileiro-raoni-no-vaticano","status":"publish","type":"post","link":"https:\/\/portalcatolico.net\/portal\/papa-francisco-recebe-lider-indigena-brasileiro-raoni-no-vaticano\/","title":{"rendered":"Papa Francisco recebe l\u00edder ind\u00edgena brasileiro Raoni no Vaticano"},"content":{"rendered":"<div class=\"article__subTitle\"><img loading=\"lazy\" decoding=\"async\" class=\" wp-image-64719 alignleft\" src=\"http:\/\/portalcatolico.net\/portal\/wp-content\/uploads\/2019\/05\/cq5dam.thumbnail.cropped.1000.563-1-300x169.jpeg\" alt=\"\" width=\"360\" height=\"203\" srcset=\"https:\/\/portalcatolico.net\/portal\/wp-content\/uploads\/2019\/05\/cq5dam.thumbnail.cropped.1000.563-1-300x169.jpeg 300w, https:\/\/portalcatolico.net\/portal\/wp-content\/uploads\/2019\/05\/cq5dam.thumbnail.cropped.1000.563-1-768x432.jpeg 768w, https:\/\/portalcatolico.net\/portal\/wp-content\/uploads\/2019\/05\/cq5dam.thumbnail.cropped.1000.563-1.jpeg 1000w\" sizes=\"auto, (max-width: 360px) 100vw, 360px\" \/>O encontro entre o Santo Padre e o l\u00edder ind\u00edgena da etnia caiap\u00f3, Raoni Metuktire, foi nesta segunda-feira na Casa Santa Marta.<\/div>\n<div class=\"article__text\">\n<p>O Papa Francisco recebeu em audi\u00eancia privada na Casa Santa Marta na manh\u00e3 desta segunda-feira, 27, o l\u00edder ind\u00edgena brasileiro Raoni Metukire, da comunidade Caiap\u00f3. O cacique est\u00e1 na Europa desde 14 de maio, numa viagem de tr\u00eas semanas, para se encontrar com os chefes de Estado e a opini\u00e3o p\u00fablica para alertar sobre as crescentes amea\u00e7as \u00e0 Amaz\u00f4nia.<\/p>\n<p>O encontro do Pont\u00edfice com o l\u00edder do povo Caiap\u00f3 &#8211; amea\u00e7ado por madeireiros e pelo agroneg\u00f3cio &#8211; havia sido confirmado no \u00faltimo s\u00e1bado pelo diretor interino da Sala de Imprensa da Santa S\u00e9, Alessandro Gisotti. Com a audi\u00eancia \u2013 explicou ele &#8211; &nbsp;\u201co Papa reitera a sua aten\u00e7\u00e3o pela popula\u00e7\u00e3o e pelo ambiente da \u00e1rea amaz\u00f4nica, e o seu compromisso pela preserva\u00e7\u00e3o da Casa Comum\u201d.<\/p>\n<p>Gisotti tamb\u00e9m havia explicado que \u201ca audi\u00eancia insere-se no contexto da prepara\u00e7\u00e3o para a Assembleia Especial do S\u00ednodo dos Bispos para a regi\u00e3o Pan-Amaz\u00f4nica, que se realizar\u00e1 de 6 a 27 de outubro, no Vaticano, sobre o tema \u2018Amaz\u00f4nia: Novos Caminhos para a Igreja e por uma Ecologia Integral\u2019\u201d.<\/p>\n<p>O l\u00edder ind\u00edgena brasileiro tamb\u00e9m est\u00e1 recolhendo fundos para a prote\u00e7\u00e3o da reserva do Xingu, no Mato Grosso.<\/p>\n<p>Fonte: Vatican News<\/p>\n<\/div>\n","protected":false},"excerpt":{"rendered":"<p>O encontro entre o Santo Padre e o l\u00edder ind\u00edgena da etnia caiap\u00f3, Raoni Metuktire, foi nesta segunda-feira na Casa Santa Marta. O Papa Francisco recebeu em audi\u00eancia privada na Casa Santa Marta na manh\u00e3 desta segunda-feira, 27, o l\u00edder ind\u00edgena brasileiro Raoni Metukire, da comunidade Caiap\u00f3. O cacique est\u00e1 na Europa desde 14 de&nbsp;<\/p>\n<p><a class=\"btn btn-style\" href=\"https:\/\/portalcatolico.net\/portal\/papa-francisco-recebe-lider-indigena-brasileiro-raoni-no-vaticano\/\">Continue Reading<\/a><\/p>\n","protected":false},"author":2,"featured_media":64717,"comment_status":"open","ping_status":"open","sticky":false,"template":"","format":"standard","meta":{"footnotes":""},"categories":[5],"tags":[],"class_list":["post-64716","post","type-post","status-publish","format-standard","has-post-thumbnail","hentry","category-igreja_no_mundo"],"_links":{"self":[{"href":"https:\/\/portalcatolico.net\/portal\/wp-json\/wp\/v2\/posts\/64716","targetHints":{"allow":["GET"]}}],"collection":[{"href":"https:\/\/portalcatolico.net\/portal\/wp-json\/wp\/v2\/posts"}],"about":[{"href":"https:\/\/portalcatolico.net\/portal\/wp-json\/wp\/v2\/types\/post"}],"author":[{"embeddable":true,"href":"https:\/\/portalcatolico.net\/portal\/wp-json\/wp\/v2\/users\/2"}],"replies":[{"embeddable":true,"href":"https:\/\/portalcatolico.net\/portal\/wp-json\/wp\/v2\/comments?post=64716"}],"version-history":[{"count":3,"href":"https:\/\/portalcatolico.net\/portal\/wp-json\/wp\/v2\/posts\/64716\/revisions"}],"predecessor-version":[{"id":64721,"href":"https:\/\/portalcatolico.net\/portal\/wp-json\/wp\/v2\/posts\/64716\/revisions\/64721"}],"wp:featuredmedia":[{"embeddable":true,"href":"https:\/\/portalcatolico.net\/portal\/wp-json\/wp\/v2\/media\/64717"}],"wp:attachment":[{"href":"https:\/\/portalcatolico.net\/portal\/wp-json\/wp\/v2\/media?parent=64716"}],"wp:term":[{"taxonomy":"category","embeddable":true,"href":"https:\/\/portalcatolico.net\/portal\/wp-json\/wp\/v2\/categories?post=64716"},{"taxonomy":"post_tag","embeddable":true,"href":"https:\/\/portalcatolico.net\/portal\/wp-json\/wp\/v2\/tags?post=64716"}],"curies":[{"name":"wp","href":"https:\/\/api.w.org\/{rel}","templated":true}]}}