{"id":64695,"date":"2019-05-27T11:55:04","date_gmt":"2019-05-27T14:55:04","guid":{"rendered":"http:\/\/portalcatolico.net\/portal\/?p=64695"},"modified":"2019-05-27T17:51:14","modified_gmt":"2019-05-27T20:51:14","slug":"paroquia-nossa-senhora-aparecida-realiza-sexta-edicao-da-tarde-com-maria-em-itabuna","status":"publish","type":"post","link":"https:\/\/portalcatolico.net\/portal\/paroquia-nossa-senhora-aparecida-realiza-sexta-edicao-da-tarde-com-maria-em-itabuna\/","title":{"rendered":"Par\u00f3quia Nossa Senhora Aparecida realiza sexta edi\u00e7\u00e3o da Tarde com Maria em Itabuna"},"content":{"rendered":"<p><img loading=\"lazy\" decoding=\"async\" class=\"size-medium wp-image-64697 alignleft\" src=\"http:\/\/portalcatolico.net\/portal\/wp-content\/uploads\/2019\/05\/sem-t\u00edtulo-118-300x200.jpg\" alt=\"\" width=\"300\" height=\"200\" srcset=\"https:\/\/portalcatolico.net\/portal\/wp-content\/uploads\/2019\/05\/sem-t\u00edtulo-118-300x200.jpg 300w, https:\/\/portalcatolico.net\/portal\/wp-content\/uploads\/2019\/05\/sem-t\u00edtulo-118-768x512.jpg 768w, https:\/\/portalcatolico.net\/portal\/wp-content\/uploads\/2019\/05\/sem-t\u00edtulo-118-1024x682.jpg 1024w, https:\/\/portalcatolico.net\/portal\/wp-content\/uploads\/2019\/05\/sem-t\u00edtulo-118.jpg 2000w\" sizes=\"auto, (max-width: 300px) 100vw, 300px\" \/>A Par\u00f3quia Nossa Senhora Aparecida, situada no bairro Calif\u00f3rnia em&nbsp;Itabuna (BA), realizou neste&nbsp; domingo, 26 de maio, a sexta edi\u00e7\u00e3o da Tarde&nbsp; com Maria. O evento teve in\u00edcio \u00e0s 14h e&nbsp; o tema foi: &#8220;Visitados por&nbsp;Maria, visitados por amor&#8221;( LC 1,39-45).<\/p>\n<p>A&nbsp;Tarde Com Maria&nbsp; foi composta de reza do ter\u00e7o, pe\u00e7a teatral, prega\u00e7\u00e3o,&nbsp;louvor, ora\u00e7\u00e3o, missa, entre outros momentos de evangeliza\u00e7\u00e3o.<br \/>\n\u00c0s 17h40, aconteceu a&nbsp; chegada e recep\u00e7\u00e3o do \u00cdcone do Sagrado Cora\u00e7\u00e3o de&nbsp;Jesus que est\u00e1 peregrinando em todas as par\u00f3quias da Diocese de Itabuna,&nbsp;em comemora\u00e7\u00e3o&nbsp; a seus 175 anos de cria\u00e7\u00e3o.<\/p>\n<p>Os membros do&nbsp; Apostolado da&nbsp;Ora\u00e7\u00e3o, MEJ e o Padre Nicolau Klak da Par\u00f3quia Nossa Senhora de F\u00e1tima, entregou aos membros do Apostolado e ao padre Ezequias, o \u00cdcone do&nbsp;Sagrado Cora\u00e7\u00e3o de Jesus&nbsp; que fica na paroquia at\u00e9 o pr\u00f3ximo domingo&nbsp;(02\/06).<\/p>\n<p><img loading=\"lazy\" decoding=\"async\" class=\"alignnone  wp-image-64703\" src=\"http:\/\/portalcatolico.net\/portal\/wp-content\/uploads\/2019\/05\/sem-t\u00edtulo-154-300x200.jpg\" alt=\"\" width=\"729\" height=\"486\" srcset=\"https:\/\/portalcatolico.net\/portal\/wp-content\/uploads\/2019\/05\/sem-t\u00edtulo-154-300x200.jpg 300w, https:\/\/portalcatolico.net\/portal\/wp-content\/uploads\/2019\/05\/sem-t\u00edtulo-154-768x512.jpg 768w, https:\/\/portalcatolico.net\/portal\/wp-content\/uploads\/2019\/05\/sem-t\u00edtulo-154-1024x682.jpg 1024w, https:\/\/portalcatolico.net\/portal\/wp-content\/uploads\/2019\/05\/sem-t\u00edtulo-154.jpg 2000w\" sizes=\"auto, (max-width: 729px) 100vw, 729px\" \/><\/p>\n<p>No momento da entrega do \u00cdcone do Sagrado Cora\u00e7\u00e3o de Jesus, Padre Nicolau Klak disse: &#8220;Acolham este quadro como a presen\u00e7a do disc\u00edpulo que para n\u00f3s significa o amor de Deus para conosco!&#8221;.<br \/>\nAp\u00f3s a recep\u00e7\u00e3o, teve in\u00edcio a santa missa, \u00e0s 17h50, com a presid\u00eancia do&nbsp;padre Ezequias Gon\u00e7alves, p\u00e1roco da igreja matriz. Sobre esse momento especial, ele disse: &#8220;M\u00eas de maio \u00e9 o m\u00eas que a gente dedica \u00e0 Nossa Senhora e pra gente \u00e9 uma oportunidade de estar mais pr\u00f3ximo com a nossa M\u00e3e, do que nos momentos comuns ao longo do ano.<\/p>\n<p>A Tarde com Maria, aqui na nossa par\u00f3quia, est\u00e1 na sua sexta edi\u00e7\u00e3o, pra gente ter essa experi\u00eancia de viver uma tarde acolhendo todos os devotos de Nossa Senhora Aparecida para fazer uma experi\u00eancia bonita com Nossa Senhora e com tudo aquilo que diz respeito \u00e0 ela. E hoje, n\u00f3s temos a gra\u00e7a de acolher o \u00cdcone do Sagrado Cora\u00e7\u00e3o de Jesus que est\u00e1 passando em todas as par\u00f3quias de nossa diocese, percorrendo todo o Brasil. Pra gente, vai ser uma semana de b\u00ean\u00e7\u00e3os e gra\u00e7as, onde o cora\u00e7\u00e3o de Jesus, atrav\u00e9s do Imaculado Cora\u00e7\u00e3o de Maria, nos convida a fazer uma experi\u00eancia pessoal com Deus&#8221;.<\/p>\n<p>A concelebra\u00e7\u00e3o aconteceu&nbsp;pelo&nbsp;di\u00e1cono permanente da diocese de Itabuna, Esmeraldo Sardinha, que tamb\u00e9m \u00e9 assessor&nbsp;eclesi\u00e1stico do Apostolado da Ora\u00e7\u00e3o e Mej na diocese.<\/p>\n<p>A Tarde com Maria foi organizada pelo&nbsp; Grupo de Ora\u00e7\u00e3o M\u00e3e Aparecida&nbsp;(RCC) e par\u00f3quia Nossa Senhora Aparecida.<\/p>\n<p>Confira a programa\u00e7\u00e3o do \u00cdcone do Sagrado Cora\u00e7\u00e3o de Jesus da Faronia&nbsp; Centro na cidade de Itabuna:<\/p>\n<p>02 de Junho-Par\u00f3quia Santa In\u00eas, no bairro Santa In\u00eas<br \/>\n09 de Junho-Paroquia Santo Ant\u00f4nio, no bairro Santo Ant\u00f4nio<br \/>\n16 de Junho- Par\u00f3quia Santa Maria Madalena, no bairro Nova Itabuna<br \/>\n23 de Junho-Par\u00f3quia Nossa Senhora da Concei\u00e7\u00e3o, em Ferradas<br \/>\nFaronia Norte de 30 de junho a 08\/09 e Faronia Sul de 15\/09 a 03\/11<br \/>\nEncerramento no dia 10&nbsp; de novembro da Catedral de S\u00e3o Jos\u00e9, \u00e0s 15h<\/p>\n<p>Confira a programa\u00e7\u00e3o completa nas outras faronias. Segue o&nbsp; link:&nbsp;<br \/>\n<a href=\"http:\/\/portalcatolico.net\/portal\/apostolado-da-oracao-inicia-programacao-de-ano-jubilar-em-itabuna\/\" target=\"_blank\" rel=\"noopener noreferrer\">http:\/\/portalcatolico.net\/portal\/apostolado-da-oracao-inicia-programacao-de-ano-jubilar-em-itabuna\/<\/a><\/p>\n<p>Confira todas as fotos deste evento na nossa p\u00e1gina oficial no Facebook:&nbsp;<br \/>\n<a href=\"http:\/\/www.facebook.com\/portalcatolicooficial\" target=\"_blank\" rel=\"noopener noreferrer\">www.facebook.com\/portalcatolicooficial<\/a><\/p>\n","protected":false},"excerpt":{"rendered":"<p>A Par\u00f3quia Nossa Senhora Aparecida, situada no bairro Calif\u00f3rnia em&nbsp;Itabuna (BA), realizou neste&nbsp; domingo, 26 de maio, a sexta edi\u00e7\u00e3o da Tarde&nbsp; com Maria. O evento teve in\u00edcio \u00e0s 14h e&nbsp; o tema foi: &#8220;Visitados por&nbsp;Maria, visitados por amor&#8221;( LC 1,39-45). A&nbsp;Tarde Com Maria&nbsp; foi composta de reza do ter\u00e7o, pe\u00e7a teatral, prega\u00e7\u00e3o,&nbsp;louvor, ora\u00e7\u00e3o, missa,&nbsp;<\/p>\n<p><a class=\"btn btn-style\" href=\"https:\/\/portalcatolico.net\/portal\/paroquia-nossa-senhora-aparecida-realiza-sexta-edicao-da-tarde-com-maria-em-itabuna\/\">Continue Reading<\/a><\/p>\n","protected":false},"author":2,"featured_media":64702,"comment_status":"open","ping_status":"open","sticky":false,"template":"","format":"standard","meta":{"footnotes":""},"categories":[65],"tags":[],"class_list":["post-64695","post","type-post","status-publish","format-standard","has-post-thumbnail","hentry","category-entrevistas"],"_links":{"self":[{"href":"https:\/\/portalcatolico.net\/portal\/wp-json\/wp\/v2\/posts\/64695","targetHints":{"allow":["GET"]}}],"collection":[{"href":"https:\/\/portalcatolico.net\/portal\/wp-json\/wp\/v2\/posts"}],"about":[{"href":"https:\/\/portalcatolico.net\/portal\/wp-json\/wp\/v2\/types\/post"}],"author":[{"embeddable":true,"href":"https:\/\/portalcatolico.net\/portal\/wp-json\/wp\/v2\/users\/2"}],"replies":[{"embeddable":true,"href":"https:\/\/portalcatolico.net\/portal\/wp-json\/wp\/v2\/comments?post=64695"}],"version-history":[{"count":4,"href":"https:\/\/portalcatolico.net\/portal\/wp-json\/wp\/v2\/posts\/64695\/revisions"}],"predecessor-version":[{"id":64705,"href":"https:\/\/portalcatolico.net\/portal\/wp-json\/wp\/v2\/posts\/64695\/revisions\/64705"}],"wp:featuredmedia":[{"embeddable":true,"href":"https:\/\/portalcatolico.net\/portal\/wp-json\/wp\/v2\/media\/64702"}],"wp:attachment":[{"href":"https:\/\/portalcatolico.net\/portal\/wp-json\/wp\/v2\/media?parent=64695"}],"wp:term":[{"taxonomy":"category","embeddable":true,"href":"https:\/\/portalcatolico.net\/portal\/wp-json\/wp\/v2\/categories?post=64695"},{"taxonomy":"post_tag","embeddable":true,"href":"https:\/\/portalcatolico.net\/portal\/wp-json\/wp\/v2\/tags?post=64695"}],"curies":[{"name":"wp","href":"https:\/\/api.w.org\/{rel}","templated":true}]}}