{"id":64689,"date":"2019-05-27T11:46:42","date_gmt":"2019-05-27T14:46:42","guid":{"rendered":"http:\/\/portalcatolico.net\/portal\/?p=64689"},"modified":"2019-05-27T11:47:36","modified_gmt":"2019-05-27T14:47:36","slug":"tarde-jovem-com-maria-e-realizada-em-itabuna","status":"publish","type":"post","link":"https:\/\/portalcatolico.net\/portal\/tarde-jovem-com-maria-e-realizada-em-itabuna\/","title":{"rendered":"Tarde Jovem com Maria \u00e9 realizada em Itabuna"},"content":{"rendered":"<p><img loading=\"lazy\" decoding=\"async\" class=\"size-medium wp-image-64692 alignleft\" src=\"http:\/\/portalcatolico.net\/portal\/wp-content\/uploads\/2019\/05\/sem-t\u00edtulo-33-300x200.jpg\" alt=\"\" width=\"300\" height=\"200\" srcset=\"https:\/\/portalcatolico.net\/portal\/wp-content\/uploads\/2019\/05\/sem-t\u00edtulo-33-300x200.jpg 300w, https:\/\/portalcatolico.net\/portal\/wp-content\/uploads\/2019\/05\/sem-t\u00edtulo-33-768x512.jpg 768w, https:\/\/portalcatolico.net\/portal\/wp-content\/uploads\/2019\/05\/sem-t\u00edtulo-33-1024x682.jpg 1024w, https:\/\/portalcatolico.net\/portal\/wp-content\/uploads\/2019\/05\/sem-t\u00edtulo-33.jpg 2000w\" sizes=\"auto, (max-width: 300px) 100vw, 300px\" \/>A Juventude Passionista, MMJ, e EJC da Par\u00f3quia Santa Maria Goretti,&nbsp;situada no bairro Mangabinha em Itabuna (BA) se reuniu na tarde deste domingo (26) para celebrar o m\u00eas mariano. A partir das 14h, aconteceram v\u00e1rios momentos de&nbsp;evangeliza\u00e7\u00e3o, como prega\u00e7\u00e3o, ora\u00e7\u00e3o, louvor, teatro, Santo Ter\u00e7o,&nbsp; recep\u00e7\u00e3o da Imagem de Nossa Senhora, testemunho, din\u00e2mica, coroa\u00e7\u00e3o de&nbsp;Nossa Senhora e santa missa. As celebra\u00e7\u00f5es aconteceram nas depend\u00eancias da Par\u00f3quia Santa Maria Goretti.<br \/>\nO tema&nbsp;refletido foi: &#8220;Com Maria, m\u00e3e da Igreja, trabalhando na&nbsp;constru\u00e7\u00e3o do reino de Deus&#8221;.<br \/>\nVale ressaltar que o evento foi gratuito.<\/p>\n<p>Al\u00e9m do roteiro cheio de atividades para os participantes e de um espa\u00e7o&nbsp;bem receptivo, foi vendido lanches.<\/p>\n<p>A Tarde Jovem com Maria foi criada para homenagear Nossa Senhora.<br \/>\nO evento re\u00fane crian\u00e7as, jovens, adultos e devotos de v\u00e1rias paroquias&nbsp;de Itabuna. A miss\u00e3o \u00e9 envolv\u00ea-los e protagoniz\u00e1-los toda a juventude na&nbsp;evangeliza\u00e7\u00e3o.<\/p>\n<p>Confira todas as fotos deste evento na nossa p\u00e1gina oficial no Facebook:&nbsp;<br \/>\n<a href=\"http:\/\/www.facebook.com\/portalcatolicooficial\" target=\"_blank\" rel=\"noopener noreferrer\">www.facebook.com\/portalcatolicooficial<\/a><\/p>\n","protected":false},"excerpt":{"rendered":"<p>A Juventude Passionista, MMJ, e EJC da Par\u00f3quia Santa Maria Goretti,&nbsp;situada no bairro Mangabinha em Itabuna (BA) se reuniu na tarde deste domingo (26) para celebrar o m\u00eas mariano. A partir das 14h, aconteceram v\u00e1rios momentos de&nbsp;evangeliza\u00e7\u00e3o, como prega\u00e7\u00e3o, ora\u00e7\u00e3o, louvor, teatro, Santo Ter\u00e7o,&nbsp; recep\u00e7\u00e3o da Imagem de Nossa Senhora, testemunho, din\u00e2mica, coroa\u00e7\u00e3o de&nbsp;Nossa Senhora&nbsp;<\/p>\n<p><a class=\"btn btn-style\" href=\"https:\/\/portalcatolico.net\/portal\/tarde-jovem-com-maria-e-realizada-em-itabuna\/\">Continue Reading<\/a><\/p>\n","protected":false},"author":2,"featured_media":64691,"comment_status":"open","ping_status":"open","sticky":false,"template":"","format":"standard","meta":{"footnotes":""},"categories":[4],"tags":[],"class_list":["post-64689","post","type-post","status-publish","format-standard","has-post-thumbnail","hentry","category-destaques"],"_links":{"self":[{"href":"https:\/\/portalcatolico.net\/portal\/wp-json\/wp\/v2\/posts\/64689","targetHints":{"allow":["GET"]}}],"collection":[{"href":"https:\/\/portalcatolico.net\/portal\/wp-json\/wp\/v2\/posts"}],"about":[{"href":"https:\/\/portalcatolico.net\/portal\/wp-json\/wp\/v2\/types\/post"}],"author":[{"embeddable":true,"href":"https:\/\/portalcatolico.net\/portal\/wp-json\/wp\/v2\/users\/2"}],"replies":[{"embeddable":true,"href":"https:\/\/portalcatolico.net\/portal\/wp-json\/wp\/v2\/comments?post=64689"}],"version-history":[{"count":2,"href":"https:\/\/portalcatolico.net\/portal\/wp-json\/wp\/v2\/posts\/64689\/revisions"}],"predecessor-version":[{"id":64694,"href":"https:\/\/portalcatolico.net\/portal\/wp-json\/wp\/v2\/posts\/64689\/revisions\/64694"}],"wp:featuredmedia":[{"embeddable":true,"href":"https:\/\/portalcatolico.net\/portal\/wp-json\/wp\/v2\/media\/64691"}],"wp:attachment":[{"href":"https:\/\/portalcatolico.net\/portal\/wp-json\/wp\/v2\/media?parent=64689"}],"wp:term":[{"taxonomy":"category","embeddable":true,"href":"https:\/\/portalcatolico.net\/portal\/wp-json\/wp\/v2\/categories?post=64689"},{"taxonomy":"post_tag","embeddable":true,"href":"https:\/\/portalcatolico.net\/portal\/wp-json\/wp\/v2\/tags?post=64689"}],"curies":[{"name":"wp","href":"https:\/\/api.w.org\/{rel}","templated":true}]}}