{"id":64676,"date":"2019-05-26T06:15:15","date_gmt":"2019-05-26T09:15:15","guid":{"rendered":"http:\/\/portalcatolico.net\/portal\/?p=64676"},"modified":"2019-05-27T06:16:08","modified_gmt":"2019-05-27T09:16:08","slug":"milhares-de-devotos-participam-da-romaria-frei-damiao-2019","status":"publish","type":"post","link":"https:\/\/portalcatolico.net\/portal\/milhares-de-devotos-participam-da-romaria-frei-damiao-2019\/","title":{"rendered":"Milhares de devotos participam da Romaria Frei Dami\u00e3o 2019"},"content":{"rendered":"<p>A Romaria de Frei Dami\u00e3o de 2019, em Guarabira, reuniu uma multid\u00e3o de devotos do frade capuchinho neste domingo (26).<\/p>\n<p>Como nos anos anteriores, a prociss\u00e3o partiu da Catedral de Nossa Senhora da Luz rumo a Colina Sagrada, na Serra da Jurema.<\/p>\n<figure id=\"attachment_7721\" class=\"wp-caption aligncenter\"><a class=\"td-modal-image\" href=\"http:\/\/www.diocesedeguarabira.com.br\/wp-content\/uploads\/2019\/05\/FB_IMG_1558878783522.jpg\"><img loading=\"lazy\" decoding=\"async\" class=\"wp-image-7721 size-full td-animation-stack-type0-1\" src=\"http:\/\/www.diocesedeguarabira.com.br\/wp-content\/uploads\/2019\/05\/FB_IMG_1558878783522.jpg\" sizes=\"auto, (max-width: 960px) 100vw, 960px\" srcset=\"http:\/\/www.diocesedeguarabira.com.br\/wp-content\/uploads\/2019\/05\/FB_IMG_1558878783522.jpg 960w, http:\/\/www.diocesedeguarabira.com.br\/wp-content\/uploads\/2019\/05\/FB_IMG_1558878783522-300x225.jpg 300w, http:\/\/www.diocesedeguarabira.com.br\/wp-content\/uploads\/2019\/05\/FB_IMG_1558878783522-768x576.jpg 768w, http:\/\/www.diocesedeguarabira.com.br\/wp-content\/uploads\/2019\/05\/FB_IMG_1558878783522-80x60.jpg 80w, http:\/\/www.diocesedeguarabira.com.br\/wp-content\/uploads\/2019\/05\/FB_IMG_1558878783522-265x198.jpg 265w, http:\/\/www.diocesedeguarabira.com.br\/wp-content\/uploads\/2019\/05\/FB_IMG_1558878783522-696x522.jpg 696w, http:\/\/www.diocesedeguarabira.com.br\/wp-content\/uploads\/2019\/05\/FB_IMG_1558878783522-560x420.jpg 560w\" alt=\"\" width=\"960\" height=\"720\"><\/a><\/figure>\n<p>Os romeiros foram acolhidos com o show das cantoras Celione David e Maria Eduarda David. Na sequ\u00eancia, Dom Aldemiro Sena, bispo diocesano de Guarabira, presidiu a Santa Missa do Romeiro.<\/p>\n<p>Em Guarabira, este foi o primeiro grande evento ap\u00f3s o Vaticano proclamar Frei Dami\u00e3o como vener\u00e1vel, um importante passo em seu processo de beatifica\u00e7\u00e3o.<\/p>\n<p>O Reitor do Memorial Frei Dami\u00e3o, padre Jos\u00e9 Andr\u00e9, comemorou o resultado da Romaria agradecendo a presen\u00e7a de caravanas da Para\u00edba, Rio Grande do Norte e Pernambuco.<\/p>\n<p><strong>Por Pascom \u2013 Pastoral da Comunica\u00e7\u00e3o\/Diocese de Guarabira(PB)<\/strong><\/p>\n<p>Fotos: Rafael San<\/p>\n","protected":false},"excerpt":{"rendered":"<p>A Romaria de Frei Dami\u00e3o de 2019, em Guarabira, reuniu uma multid\u00e3o de devotos do frade capuchinho neste domingo (26). Como nos anos anteriores, a prociss\u00e3o partiu da Catedral de Nossa Senhora da Luz rumo a Colina Sagrada, na Serra da Jurema. Os romeiros foram acolhidos com o show das cantoras Celione David e Maria&nbsp;<\/p>\n<p><a class=\"btn btn-style\" href=\"https:\/\/portalcatolico.net\/portal\/milhares-de-devotos-participam-da-romaria-frei-damiao-2019\/\">Continue Reading<\/a><\/p>\n","protected":false},"author":2,"featured_media":64677,"comment_status":"open","ping_status":"open","sticky":false,"template":"","format":"standard","meta":{"footnotes":""},"categories":[4],"tags":[],"class_list":["post-64676","post","type-post","status-publish","format-standard","has-post-thumbnail","hentry","category-destaques"],"_links":{"self":[{"href":"https:\/\/portalcatolico.net\/portal\/wp-json\/wp\/v2\/posts\/64676","targetHints":{"allow":["GET"]}}],"collection":[{"href":"https:\/\/portalcatolico.net\/portal\/wp-json\/wp\/v2\/posts"}],"about":[{"href":"https:\/\/portalcatolico.net\/portal\/wp-json\/wp\/v2\/types\/post"}],"author":[{"embeddable":true,"href":"https:\/\/portalcatolico.net\/portal\/wp-json\/wp\/v2\/users\/2"}],"replies":[{"embeddable":true,"href":"https:\/\/portalcatolico.net\/portal\/wp-json\/wp\/v2\/comments?post=64676"}],"version-history":[{"count":2,"href":"https:\/\/portalcatolico.net\/portal\/wp-json\/wp\/v2\/posts\/64676\/revisions"}],"predecessor-version":[{"id":64679,"href":"https:\/\/portalcatolico.net\/portal\/wp-json\/wp\/v2\/posts\/64676\/revisions\/64679"}],"wp:featuredmedia":[{"embeddable":true,"href":"https:\/\/portalcatolico.net\/portal\/wp-json\/wp\/v2\/media\/64677"}],"wp:attachment":[{"href":"https:\/\/portalcatolico.net\/portal\/wp-json\/wp\/v2\/media?parent=64676"}],"wp:term":[{"taxonomy":"category","embeddable":true,"href":"https:\/\/portalcatolico.net\/portal\/wp-json\/wp\/v2\/categories?post=64676"},{"taxonomy":"post_tag","embeddable":true,"href":"https:\/\/portalcatolico.net\/portal\/wp-json\/wp\/v2\/tags?post=64676"}],"curies":[{"name":"wp","href":"https:\/\/api.w.org\/{rel}","templated":true}]}}