{"id":64670,"date":"2019-05-26T08:48:56","date_gmt":"2019-05-26T11:48:56","guid":{"rendered":"http:\/\/portalcatolico.net\/portal\/?p=64670"},"modified":"2019-05-26T08:48:56","modified_gmt":"2019-05-26T11:48:56","slug":"porto-seguro-novenario-em-homenagem-a-nossa-senhora-do-sagrado-coracao-esta-sendo-realizado-no-bairro-parque-ecologico","status":"publish","type":"post","link":"https:\/\/portalcatolico.net\/portal\/porto-seguro-novenario-em-homenagem-a-nossa-senhora-do-sagrado-coracao-esta-sendo-realizado-no-bairro-parque-ecologico\/","title":{"rendered":"Porto Seguro- Noven\u00e1rio em homenagem a Nossa Senhora do Sagrado Cora\u00e7\u00e3o est\u00e1 sendo realizado no Bairro Parque Ecol\u00f3gico"},"content":{"rendered":"<p>Com grande p\u00fablico e muito sucesso, est\u00e1 sendo realizado no Parque Ecol\u00f3gico, em Porto Seguro, o noven\u00e1rio \u00e0 Padroeira Nossa Senhora do Sagrado Cora\u00e7\u00e3o. A festa que iniciou na sexta-feira, seguir\u00e1 at\u00e9 dia 02 de junho, e conta com a realiza\u00e7\u00e3o de celebra\u00e7\u00f5es eucar\u00edsticas, quermesses, apresenta\u00e7\u00f5es culturais e prociss\u00e3o.<\/p>\n<p>Tendo como &nbsp;tema central <strong>&#8221; Com Maria escolhidos e enviados em miss\u00e3o&#8221; <\/strong>o noven\u00e1rio acontece sempre \u00e0s 19:30 h, no terreno onde est\u00e1 sendo constru\u00edda a&nbsp; igreja ,na Rua Helena Matos de Paula, ao lado do Sesc. &#8221; Esse noven\u00e1rio \u00e9 de grande import\u00e2ncia, tanto espiritual quanto em rela\u00e7\u00e3o \u00e0 constru\u00e7\u00e3o da nossa par\u00f3quia, j\u00e1 que v\u00e1rias campanhas s\u00e3o feitas em prol da igreja. Muitas pessoas, de diversas comunidades est\u00e3o nos visitando , o que possibilita grande socializa\u00e7\u00e3o entre todos n\u00f3s&#8221; , ratifica a crismanda Ana Clara Barbosa.<\/p>\n<p style=\"text-align: center;\"><strong>Confira a programa\u00e7\u00e3o:<\/strong><\/p>\n<p><strong>26\/05-&nbsp; DOMINGO<\/strong><\/p>\n<p><strong>Tema:<\/strong> Comunidade articulada reacende ao esp\u00edrito mission\u00e1rio de seus membros.<\/p>\n<p><strong>Celebrante:<\/strong> Pe. Casemiro<\/p>\n<p><strong>Convidados:<\/strong> Par\u00f3quia Nossa Senhora d&#8217;Ajuda<\/p>\n<p><strong>Homenageados:<\/strong> Colaboradores da constru\u00e7\u00e3o da igreja.<\/p>\n<p><strong>27\/05- SEGUNDA- FEIRA<\/strong><\/p>\n<p><strong>Tema:<\/strong> Motivar e refletir sobre os desafios dos povos da Amaz\u00f4nia.<\/p>\n<p><strong>Presidente:<\/strong> Pe. Adel\u00edcio (M.S.B.P)<\/p>\n<p><strong>Pregador:<\/strong> Pe. Martins<\/p>\n<p><strong>Convidados:<\/strong> Par\u00f3quia Santo Ant\u00f4nio(Cabr\u00e1lia)<\/p>\n<p><strong>Homenageados:<\/strong> Pastoral da Acolhida<\/p>\n<p><strong>28\/\/05- TER\u00c7A -FEIRA<\/strong><\/p>\n<p><strong>Tema:<\/strong> A experi\u00eancia da vida fraterna, implica tamb\u00e9m a solidariedade da comunidade.<\/p>\n<p><strong>Celebrante:<\/strong> Frei Jarilson<\/p>\n<p><strong>Convidados:<\/strong> Par\u00f3quia Imaculada Concei\u00e7\u00e3o(Guaratinga)<\/p>\n<p><strong>Homenageados:<\/strong> Pastoral da Crian\u00e7a<\/p>\n<p><strong>29\/05-QUARTA- FEIRA<\/strong><\/p>\n<p><strong>Tema:<\/strong> O disc\u00edpulo de Cristo \u00e9 uma pessoa integrada na comunidade<\/p>\n<p><strong>Celebrante:<\/strong> Pe. Dami\u00e3o<\/p>\n<p><strong>Convidados:<\/strong> Par\u00f3quia S\u00e3o Sebasti\u00e3o<\/p>\n<p><strong>Homenageados:<\/strong> Ter\u00e7o dos Homens<\/p>\n<p><strong>30\/05- QUINTA- FEIRA<\/strong><\/p>\n<p><strong>Tema:<\/strong> Reconcilia\u00e7\u00e3o realizada por Cristo \u00e9 sacramentalmente vivida na comunidade.<\/p>\n<p><strong>Celebrante:<\/strong> Pe. Manuel<\/p>\n<p><strong>Convidados:<\/strong> Par\u00f3quia Nossa Senhora Aparecida (Cabr\u00e1lia)<\/p>\n<p><strong>Homenageados:<\/strong> Pastoral Familiar e Ministros<\/p>\n<p><strong>31\/05- SEXTA- FEIRA<\/strong><\/p>\n<p><strong>Tema:<\/strong> O sentimento de perten\u00e7a qualifica e caracteriza a comunidade<\/p>\n<p><strong>Celebrante:<\/strong> Pe. Lucas<\/p>\n<p><strong>Convidados:<\/strong>Par\u00f3quia Imaculada Concei\u00e7\u00e3o (Itapebi) e Par\u00f3quia S\u00e3o Sebasti\u00e3o (Vera Cruz)<\/p>\n<p><strong>Homenageados:<\/strong> Idosos e Pastoral do Batismo<\/p>\n<p><strong>01\/06- S\u00c1BADO<\/strong><\/p>\n<p><strong>Tema:<\/strong> Comunidade, lugar de acolhida dos exclu\u00eddos e dos mais vulner\u00e1veis<\/p>\n<p><strong>Celebrante:<\/strong> Pe. Cl\u00e9sio<\/p>\n<p><strong>Convidados:<\/strong> Par\u00f3quia Nossa Senhora Aparecida e Santa Teresinha<\/p>\n<p><strong>Homenageados:<\/strong> Pastoral da M\u00fasica e Liturgia<\/p>\n<p><strong>02\/06- DOMINGO<\/strong><\/p>\n<p><strong>Dia dedicado \u00e0 Padroeira Nossa Senhora do Sagrado Cora\u00e7\u00e3o<\/strong><\/p>\n<p>16:00 h &#8211; Prociss\u00e3o, seguida de Missa Solene e Crisma<\/p>\n<p><strong>Presidente:<\/strong> Bispo Dom Jos\u00e9 Edson Santana Oliveira<\/p>\n<p><strong>Mat\u00e9ria: Adriana Alc\u00e2ntara &#8211; Jornalista<\/strong><\/p>\n","protected":false},"excerpt":{"rendered":"<p>Com grande p\u00fablico e muito sucesso, est\u00e1 sendo realizado no Parque Ecol\u00f3gico, em Porto Seguro, o noven\u00e1rio \u00e0 Padroeira Nossa Senhora do Sagrado Cora\u00e7\u00e3o. A festa que iniciou na sexta-feira, seguir\u00e1 at\u00e9 dia 02 de junho, e conta com a realiza\u00e7\u00e3o de celebra\u00e7\u00f5es eucar\u00edsticas, quermesses, apresenta\u00e7\u00f5es culturais e prociss\u00e3o. Tendo como &nbsp;tema central &#8221; Com&nbsp;<\/p>\n<p><a class=\"btn btn-style\" href=\"https:\/\/portalcatolico.net\/portal\/porto-seguro-novenario-em-homenagem-a-nossa-senhora-do-sagrado-coracao-esta-sendo-realizado-no-bairro-parque-ecologico\/\">Continue Reading<\/a><\/p>\n","protected":false},"author":2,"featured_media":64671,"comment_status":"open","ping_status":"open","sticky":false,"template":"","format":"standard","meta":{"footnotes":""},"categories":[1],"tags":[],"class_list":["post-64670","post","type-post","status-publish","format-standard","has-post-thumbnail","hentry","category-agenda"],"_links":{"self":[{"href":"https:\/\/portalcatolico.net\/portal\/wp-json\/wp\/v2\/posts\/64670","targetHints":{"allow":["GET"]}}],"collection":[{"href":"https:\/\/portalcatolico.net\/portal\/wp-json\/wp\/v2\/posts"}],"about":[{"href":"https:\/\/portalcatolico.net\/portal\/wp-json\/wp\/v2\/types\/post"}],"author":[{"embeddable":true,"href":"https:\/\/portalcatolico.net\/portal\/wp-json\/wp\/v2\/users\/2"}],"replies":[{"embeddable":true,"href":"https:\/\/portalcatolico.net\/portal\/wp-json\/wp\/v2\/comments?post=64670"}],"version-history":[{"count":1,"href":"https:\/\/portalcatolico.net\/portal\/wp-json\/wp\/v2\/posts\/64670\/revisions"}],"predecessor-version":[{"id":64672,"href":"https:\/\/portalcatolico.net\/portal\/wp-json\/wp\/v2\/posts\/64670\/revisions\/64672"}],"wp:featuredmedia":[{"embeddable":true,"href":"https:\/\/portalcatolico.net\/portal\/wp-json\/wp\/v2\/media\/64671"}],"wp:attachment":[{"href":"https:\/\/portalcatolico.net\/portal\/wp-json\/wp\/v2\/media?parent=64670"}],"wp:term":[{"taxonomy":"category","embeddable":true,"href":"https:\/\/portalcatolico.net\/portal\/wp-json\/wp\/v2\/categories?post=64670"},{"taxonomy":"post_tag","embeddable":true,"href":"https:\/\/portalcatolico.net\/portal\/wp-json\/wp\/v2\/tags?post=64670"}],"curies":[{"name":"wp","href":"https:\/\/api.w.org\/{rel}","templated":true}]}}