{"id":64667,"date":"2019-05-11T16:41:40","date_gmt":"2019-05-11T19:41:40","guid":{"rendered":"http:\/\/portalcatolico.net\/portal\/?p=64667"},"modified":"2019-05-25T16:41:56","modified_gmt":"2019-05-25T19:41:56","slug":"formacao-para-os-ministros-extraordinarios-da-sagrada-comunhao","status":"publish","type":"post","link":"https:\/\/portalcatolico.net\/portal\/formacao-para-os-ministros-extraordinarios-da-sagrada-comunhao\/","title":{"rendered":"Forma\u00e7\u00e3o para os Ministros Extraordin\u00e1rios da Sagrada Comunh\u00e3o"},"content":{"rendered":"<p><strong>O que s\u00e3o os Ministros Extraordin\u00e1rios da Sagrada Comunh\u00e3o?<\/strong><\/p>\n<p>Ap\u00f3s o Conc\u00edlio do Vaticano II (1962-65), o Papa Paulo VI autorizou a institui\u00e7\u00e3o dos&nbsp;<strong>Ministros Extraordin\u00e1rios da Sagrada Comunh\u00e3o (MESC)<\/strong>, fi\u00e9is&nbsp; leigos cuja miss\u00e3o \u00e9 facilitar aos celebrantes a distribui\u00e7\u00e3o da S. Comunh\u00e3o em igrejas, capelas, hospitais, aos doentes nas casas e outros lugares, desde que o sacerdote n\u00e3o possa fazer isso. A Santa S\u00e9 alerta, por\u00e9m, que o exerc\u00edcio desse minist\u00e9rio deve conservar o seu car\u00e1ter supletivo e extraordin\u00e1rio, n\u00e3o dispensando os Ministros Ordin\u00e1rios (Bispos, presb\u00edteros, di\u00e1conos) de fazer a sua parte.<span id=\"more-7540\"><\/span><\/p>\n<p>Este minist\u00e9rio sagrado deve ser exercido por leigos que tenham uma vida crist\u00e3 aut\u00eantica, sejam maduros na f\u00e9, e possam servir a Igreja. Al\u00e9m disso, o MESC deve ter uma boa forma\u00e7\u00e3o doutrin\u00e1ria, pois pode tamb\u00e9m realizar a celebra\u00e7\u00e3o da palavra, orientar as pessoas a quem leva a Eucaristia, etc. Ele deve ensinar e viver o que a Igreja ensina, especialmente em rela\u00e7\u00e3o \u00e0 Eucaristia e as condi\u00e7\u00f5es para receb\u00ea-la dignamente. Isto exige do Ministro que ele conhe\u00e7a a doutrina da Igreja, especialmente a fundamenta\u00e7\u00e3o dogm\u00e1tica, moral e sacramental.<\/p>\n<p>Os MECE devem, na medida do poss\u00edvel, realizar estudos de doutrina: estudar os documentos da Igreja, as enc\u00edclicas e cartas dos papas, o Catecismo, o C\u00f3digo de Direito Can\u00f4nico, etc.<\/p>\n<p>\u00c9 importante que o Ministro conhe\u00e7a os documentos&nbsp; especialmente referentes \u00e0 Eucaristia, afim de exercer retamente esse minist\u00e9rio. Os Papas sempre falam da Eucaristia, pois ela \u00e9 \u201co centro da vida da Igreja\u201d como disse Jo\u00e3o Paulo II na enc\u00edclica \u201cEcclesia de Eucharistia\u201d (A Igreja vive da Eucaristia), de 2003. O mesmo Papa publicou a Carta Apost\u00f3lica \u201cMane&nbsp; Nobiscum Domine\u201d, em 2004, no Ano da Eucaristia. Paulo VI publicou a \u201cMisterium Fidei\u201d, em 1965, sobre o culto da Eucaristia.<\/p>\n<p>De especial import\u00e2ncia \u00e9 que os ministros estudem a Instru\u00e7\u00e3o<strong>&nbsp;<\/strong>da \u201cCongrega\u00e7\u00e3o para o Culto Divino e Disciplina dos Sacramentos\u201d, \u201cRedemptionis Sacramentum\u201d, \u201csobre algumas coisas que se devem observar e evitar acerca da Sant\u00edssima Eucaristia\u201d.<strong>&nbsp;<\/strong>Esta Instru\u00e7\u00e3o foi preparada por determina\u00e7\u00e3o do Papa Jo\u00e3o Paulo II em colabora\u00e7\u00e3o com a \u201cCongrega\u00e7\u00e3o para a Doutrina da F\u00e9\u201d e o mesmo Pont\u00edfice a aprovou no dia 19 do m\u00eas de mar\u00e7o de 2004, para coibir os erros e abusos que ocorrem na celebra\u00e7\u00e3o. Esta Instru\u00e7\u00e3o esclarece muitas d\u00favidas sobre a celebra\u00e7\u00e3o da Eucaristia.<\/p>\n<p>\u00c9 tamb\u00e9m importante que o Ministro conhe\u00e7a a<strong>&nbsp;<\/strong>\u201cInstru\u00e7\u00e3o Geral do Missal Romano\u201d, que disciplina a celebra\u00e7\u00e3o da Santa Missa. Muitos procedimentos s\u00e3o feitos de maneira errada porque n\u00e3o se conhece ou n\u00e3o se observa essa Instru\u00e7\u00e3o. Por exemplo, n\u00e3o \u00e9 l\u00edcito deixar que cada fiel se sirva da Eucaristia sem que haja um Ministro a distribu\u00ed-la. A Eucaristia deve ser entregue a cada comungante&nbsp; e n\u00e3o apenas deixada sobre o altar \u00e0 disposi\u00e7\u00e3o.<\/p>\n<p>Outras orienta\u00e7\u00f5es s\u00e3o dadas pela Igreja em outros aspectos como a distribui\u00e7\u00e3o da Eucaristia na m\u00e3o dos fi\u00e9is; o comungar de joelhos, o ajoelhar no momento da Consagra\u00e7\u00e3o. Esses documentos podem ser encontrados em nosso site (<a href=\"http:\/\/www.cleofas.com.br\/\" target=\"_blank\" rel=\"noopener\">www.cleofas.com.br<\/a>) e\/ou no site do Vaticano (<a href=\"http:\/\/www.vatican.va\/\" target=\"_blank\" rel=\"noopener\">www.vatican.va<\/a>).<\/p>\n<p>Por outro lado, o MESC, como um agente da Igreja, precisa conhecer a doutrina cat\u00f3lica de maneira ampla. O nosso povo cat\u00f3lico \u00e9 carente do conhecimento dessa doutrina, e por isso \u00e9 levado para outras comunidades eclesiais e seitas que n\u00e3o se coadunam com a f\u00e9 cat\u00f3lica. O MESC que vai \u00e0s casas, precisa dessa forma\u00e7\u00e3o para levar a verdade da Igreja ao povo. Para isso \u00e9 fundamental que ele estude o Catecismo da Igreja, que \u00e9 um manual completo da doutrina cat\u00f3lica; como disse Jo\u00e3o Paulo II \u00e9 \u201co texto de refer\u00eancia, seguro e aut\u00eantico para o ensino da doutrina cat\u00f3lica\u201d (Fidei depositum).<\/p>\n<p>O MECE n\u00e3o \u00e9 um mero \u201cdespachante r\u00e1pido e pr\u00e1tico\u201d. O amor \u00e0s coisas sagradas deve tornar espont\u00e2nea a observ\u00e2ncia de tais instru\u00e7\u00f5es. (Cleofas)<\/p>\n<p><strong>Por Prof. Felipe Aquino<\/strong><\/p>\n","protected":false},"excerpt":{"rendered":"<p>O que s\u00e3o os Ministros Extraordin\u00e1rios da Sagrada Comunh\u00e3o? Ap\u00f3s o Conc\u00edlio do Vaticano II (1962-65), o Papa Paulo VI autorizou a institui\u00e7\u00e3o dos&nbsp;Ministros Extraordin\u00e1rios da Sagrada Comunh\u00e3o (MESC), fi\u00e9is&nbsp; leigos cuja miss\u00e3o \u00e9 facilitar aos celebrantes a distribui\u00e7\u00e3o da S. Comunh\u00e3o em igrejas, capelas, hospitais, aos doentes nas casas e outros lugares, desde que&nbsp;<\/p>\n<p><a class=\"btn btn-style\" href=\"https:\/\/portalcatolico.net\/portal\/formacao-para-os-ministros-extraordinarios-da-sagrada-comunhao\/\">Continue Reading<\/a><\/p>\n","protected":false},"author":2,"featured_media":64668,"comment_status":"open","ping_status":"open","sticky":false,"template":"","format":"standard","meta":{"footnotes":""},"categories":[69],"tags":[],"class_list":["post-64667","post","type-post","status-publish","format-standard","has-post-thumbnail","hentry","category-artigos"],"_links":{"self":[{"href":"https:\/\/portalcatolico.net\/portal\/wp-json\/wp\/v2\/posts\/64667","targetHints":{"allow":["GET"]}}],"collection":[{"href":"https:\/\/portalcatolico.net\/portal\/wp-json\/wp\/v2\/posts"}],"about":[{"href":"https:\/\/portalcatolico.net\/portal\/wp-json\/wp\/v2\/types\/post"}],"author":[{"embeddable":true,"href":"https:\/\/portalcatolico.net\/portal\/wp-json\/wp\/v2\/users\/2"}],"replies":[{"embeddable":true,"href":"https:\/\/portalcatolico.net\/portal\/wp-json\/wp\/v2\/comments?post=64667"}],"version-history":[{"count":1,"href":"https:\/\/portalcatolico.net\/portal\/wp-json\/wp\/v2\/posts\/64667\/revisions"}],"predecessor-version":[{"id":64669,"href":"https:\/\/portalcatolico.net\/portal\/wp-json\/wp\/v2\/posts\/64667\/revisions\/64669"}],"wp:featuredmedia":[{"embeddable":true,"href":"https:\/\/portalcatolico.net\/portal\/wp-json\/wp\/v2\/media\/64668"}],"wp:attachment":[{"href":"https:\/\/portalcatolico.net\/portal\/wp-json\/wp\/v2\/media?parent=64667"}],"wp:term":[{"taxonomy":"category","embeddable":true,"href":"https:\/\/portalcatolico.net\/portal\/wp-json\/wp\/v2\/categories?post=64667"},{"taxonomy":"post_tag","embeddable":true,"href":"https:\/\/portalcatolico.net\/portal\/wp-json\/wp\/v2\/tags?post=64667"}],"curies":[{"name":"wp","href":"https:\/\/api.w.org\/{rel}","templated":true}]}}