{"id":64630,"date":"2019-05-21T22:44:34","date_gmt":"2019-05-22T01:44:34","guid":{"rendered":"http:\/\/portalcatolico.net\/portal\/?p=64630"},"modified":"2019-05-21T22:44:34","modified_gmt":"2019-05-22T01:44:34","slug":"triduo-em-louvor-a-sao-filipe-neri-acontece-essa-semana-em-itabuna","status":"publish","type":"post","link":"https:\/\/portalcatolico.net\/portal\/triduo-em-louvor-a-sao-filipe-neri-acontece-essa-semana-em-itabuna\/","title":{"rendered":"Tr\u00edduo em Louvor a S\u00e3o Filipe Neri acontece essa semana em Itabuna"},"content":{"rendered":"<p>Com o tema &#8220;Eu prefiro o para\u00edso &#8220;, a Comunidade Cat\u00f3lica&nbsp;Filhos de&nbsp;Israel&nbsp; tem alegria de convidar voc\u00ea e sua fam\u00edlia para participar do&nbsp;Tr\u00edduo em Louvor a S\u00e3o Filipe Neri. A comunidade comp\u00f5e a Par\u00f3quia Nossa&nbsp;Senhora Aparecida do bairro Calif\u00f3rnia em Itabuna, no sul da Bahia.<br \/>\nFilipe N\u00e9ri, chamado &#8220;O Ap\u00f3stolo de Roma&#8221; e &#8220;O Santo da Alegria&#8221;, \u00e9 para&nbsp;a Comunidade Filhos de Israel, um dos baluartes da nossa&nbsp;espiritualidade, que nos inspira a vida de santidade, de entrega di\u00e1ria,&nbsp;amor e de anunciar o Cristo com alegria!<\/p>\n<p>O Tr\u00edduo vai acontecer nos dias 23&nbsp;a 26 de Maio. Nos dias 23 e 24, as celebra\u00e7\u00f5es v\u00e3o acontecer \u00e0s 19h. J\u00e1 no dia 25 de Maio, tem vig\u00edlia das 22 \u00e0s 5h e no dia 26, \u00e0s 5h tem Missa Votiva, na Casa da Provid\u00eancia, localizada na&nbsp; Rua 1, n\u00ba 140, Loteamento Para\u00edso&nbsp;em&nbsp; Itabuna.<\/p>\n<p>S\u00e3o Filipe Neri, nascido a 21&nbsp;de junho de 1515 na It\u00e1lia.&nbsp;H\u00e1 exatos 420 anos, conclu\u00eda sua exist\u00eancia&nbsp;terrena. S\u00e3o Filipe \u00e9 conhecido como o &#8220;Santo da Alegria&#8221;, pela forte&nbsp;presen\u00e7a da verdadeira alegria mission\u00e1ria que o acompanhou ao longo de&nbsp;toda sua vida.<br \/>\nNascido em Floren\u00e7a, na It\u00e1lia, Filipe perdeu sua m\u00e3e enquanto&nbsp;ainda era crian\u00e7a. Aos 18 anos, a convite de um primo comerciante, foi \u00e0&nbsp;cidade de S\u00e3o Germano, para auxili\u00e1-lo no com\u00e9rcio. Mesmo se dedicando&nbsp;ao servi\u00e7o, o jovem viu que n\u00e3o levaria jeito para aquele ramo. Quando&nbsp;fez 20 anos, atra\u00eddo por um instinto divino, partiu para Roma, onde&nbsp;estudou filosofia e teologia.<\/p>\n<p>Informa\u00e7\u00f5es: Comunidade Filhos de Israel<br \/>\nEdi\u00e7\u00e3o a adapta\u00e7\u00e3o de texto:Reda\u00e7\u00e3o\/Portal Cat\u00f3lico.Net<\/p>\n","protected":false},"excerpt":{"rendered":"<p>Com o tema &#8220;Eu prefiro o para\u00edso &#8220;, a Comunidade Cat\u00f3lica&nbsp;Filhos de&nbsp;Israel&nbsp; tem alegria de convidar voc\u00ea e sua fam\u00edlia para participar do&nbsp;Tr\u00edduo em Louvor a S\u00e3o Filipe Neri. A comunidade comp\u00f5e a Par\u00f3quia Nossa&nbsp;Senhora Aparecida do bairro Calif\u00f3rnia em Itabuna, no sul da Bahia. Filipe N\u00e9ri, chamado &#8220;O Ap\u00f3stolo de Roma&#8221; e &#8220;O Santo&nbsp;<\/p>\n<p><a class=\"btn btn-style\" href=\"https:\/\/portalcatolico.net\/portal\/triduo-em-louvor-a-sao-filipe-neri-acontece-essa-semana-em-itabuna\/\">Continue Reading<\/a><\/p>\n","protected":false},"author":2,"featured_media":64631,"comment_status":"open","ping_status":"open","sticky":false,"template":"","format":"standard","meta":{"footnotes":""},"categories":[4],"tags":[],"class_list":["post-64630","post","type-post","status-publish","format-standard","has-post-thumbnail","hentry","category-destaques"],"_links":{"self":[{"href":"https:\/\/portalcatolico.net\/portal\/wp-json\/wp\/v2\/posts\/64630","targetHints":{"allow":["GET"]}}],"collection":[{"href":"https:\/\/portalcatolico.net\/portal\/wp-json\/wp\/v2\/posts"}],"about":[{"href":"https:\/\/portalcatolico.net\/portal\/wp-json\/wp\/v2\/types\/post"}],"author":[{"embeddable":true,"href":"https:\/\/portalcatolico.net\/portal\/wp-json\/wp\/v2\/users\/2"}],"replies":[{"embeddable":true,"href":"https:\/\/portalcatolico.net\/portal\/wp-json\/wp\/v2\/comments?post=64630"}],"version-history":[{"count":1,"href":"https:\/\/portalcatolico.net\/portal\/wp-json\/wp\/v2\/posts\/64630\/revisions"}],"predecessor-version":[{"id":64632,"href":"https:\/\/portalcatolico.net\/portal\/wp-json\/wp\/v2\/posts\/64630\/revisions\/64632"}],"wp:featuredmedia":[{"embeddable":true,"href":"https:\/\/portalcatolico.net\/portal\/wp-json\/wp\/v2\/media\/64631"}],"wp:attachment":[{"href":"https:\/\/portalcatolico.net\/portal\/wp-json\/wp\/v2\/media?parent=64630"}],"wp:term":[{"taxonomy":"category","embeddable":true,"href":"https:\/\/portalcatolico.net\/portal\/wp-json\/wp\/v2\/categories?post=64630"},{"taxonomy":"post_tag","embeddable":true,"href":"https:\/\/portalcatolico.net\/portal\/wp-json\/wp\/v2\/tags?post=64630"}],"curies":[{"name":"wp","href":"https:\/\/api.w.org\/{rel}","templated":true}]}}