{"id":64623,"date":"2019-05-21T11:40:36","date_gmt":"2019-05-21T14:40:36","guid":{"rendered":"http:\/\/portalcatolico.net\/portal\/?p=64623"},"modified":"2019-05-21T11:40:36","modified_gmt":"2019-05-21T14:40:36","slug":"bispo-da-diocese-de-itabuna-celebra-36-anos-de-ordenacao-sacerdotal","status":"publish","type":"post","link":"https:\/\/portalcatolico.net\/portal\/bispo-da-diocese-de-itabuna-celebra-36-anos-de-ordenacao-sacerdotal\/","title":{"rendered":"Bispo da Diocese de Itabuna celebra 36 anos de ordena\u00e7\u00e3o sacerdotal"},"content":{"rendered":"<p>Hoje, 21 de maio, o Bispo da Diocese de Itabuna, no sul da Bahia,&nbsp; Dom Carlos Alberto&nbsp;&nbsp;dos Santos, celebra 36 anos de ordena\u00e7\u00e3o sacerdotal. Dom Carlos Alberto dos Santos foi ordenado padre em&nbsp;&nbsp;21.05.1983, em Tobias Barreto (SE).<\/p>\n<p>&nbsp;Em 15 de junho de 2005 ele foi nomeado Bispo da&nbsp;Diocese de Teixeira de Freitas-Caravelas&nbsp;pelo&nbsp;Papa Bento XVI, atualmente Papa Em\u00e9rito. E em&nbsp;&nbsp;26 de julho do mesmo ano, foi ordenado bispo em Aracaju (SE).<\/p>\n<p>Dom Carlos tomou posse como 5\u00ba Bispo da&nbsp;Diocese de Itabuna&nbsp;em 7 de abril de 2017, \u00e0s 17h, na Catedral de S\u00e3o Jos\u00e9 na cidade e diocese de Itabuna.<\/p>\n<p>O Portal Cat\u00f3lico de Not\u00edcias deixa aqui a sua homenagem e parabeniza Dom Carlos por ser este servo de Deus, apaixonado por Jesus e&nbsp;sempre atento aos fieis e amigos desta Diocese entre outras.&nbsp;<\/p>\n<p>Texto:Reda\u00e7\u00e3o\/Portal Cat\u00f3lico.Net<\/p>\n<p>Foto:Acervo\/Portal cat\u00f3lico.Net<\/p>\n","protected":false},"excerpt":{"rendered":"<p>Hoje, 21 de maio, o Bispo da Diocese de Itabuna, no sul da Bahia,&nbsp; Dom Carlos Alberto&nbsp;&nbsp;dos Santos, celebra 36 anos de ordena\u00e7\u00e3o sacerdotal. Dom Carlos Alberto dos Santos foi ordenado padre em&nbsp;&nbsp;21.05.1983, em Tobias Barreto (SE). &nbsp;Em 15 de junho de 2005 ele foi nomeado Bispo da&nbsp;Diocese de Teixeira de Freitas-Caravelas&nbsp;pelo&nbsp;Papa Bento XVI, atualmente&nbsp;<\/p>\n<p><a class=\"btn btn-style\" href=\"https:\/\/portalcatolico.net\/portal\/bispo-da-diocese-de-itabuna-celebra-36-anos-de-ordenacao-sacerdotal\/\">Continue Reading<\/a><\/p>\n","protected":false},"author":2,"featured_media":64624,"comment_status":"open","ping_status":"open","sticky":false,"template":"","format":"standard","meta":{"footnotes":""},"categories":[4],"tags":[],"class_list":["post-64623","post","type-post","status-publish","format-standard","has-post-thumbnail","hentry","category-destaques"],"_links":{"self":[{"href":"https:\/\/portalcatolico.net\/portal\/wp-json\/wp\/v2\/posts\/64623","targetHints":{"allow":["GET"]}}],"collection":[{"href":"https:\/\/portalcatolico.net\/portal\/wp-json\/wp\/v2\/posts"}],"about":[{"href":"https:\/\/portalcatolico.net\/portal\/wp-json\/wp\/v2\/types\/post"}],"author":[{"embeddable":true,"href":"https:\/\/portalcatolico.net\/portal\/wp-json\/wp\/v2\/users\/2"}],"replies":[{"embeddable":true,"href":"https:\/\/portalcatolico.net\/portal\/wp-json\/wp\/v2\/comments?post=64623"}],"version-history":[{"count":1,"href":"https:\/\/portalcatolico.net\/portal\/wp-json\/wp\/v2\/posts\/64623\/revisions"}],"predecessor-version":[{"id":64625,"href":"https:\/\/portalcatolico.net\/portal\/wp-json\/wp\/v2\/posts\/64623\/revisions\/64625"}],"wp:featuredmedia":[{"embeddable":true,"href":"https:\/\/portalcatolico.net\/portal\/wp-json\/wp\/v2\/media\/64624"}],"wp:attachment":[{"href":"https:\/\/portalcatolico.net\/portal\/wp-json\/wp\/v2\/media?parent=64623"}],"wp:term":[{"taxonomy":"category","embeddable":true,"href":"https:\/\/portalcatolico.net\/portal\/wp-json\/wp\/v2\/categories?post=64623"},{"taxonomy":"post_tag","embeddable":true,"href":"https:\/\/portalcatolico.net\/portal\/wp-json\/wp\/v2\/tags?post=64623"}],"curies":[{"name":"wp","href":"https:\/\/api.w.org\/{rel}","templated":true}]}}