{"id":64618,"date":"2019-05-21T11:31:05","date_gmt":"2019-05-21T14:31:05","guid":{"rendered":"http:\/\/portalcatolico.net\/portal\/?p=64618"},"modified":"2019-05-21T12:26:42","modified_gmt":"2019-05-21T15:26:42","slug":"confira-como-foi-a-8a-noite-do-novenario-de-santa-rita-em-itabuna","status":"publish","type":"post","link":"https:\/\/portalcatolico.net\/portal\/confira-como-foi-a-8a-noite-do-novenario-de-santa-rita-em-itabuna\/","title":{"rendered":"Confira como foi a 8\u00aa noite do Noven\u00e1rio de Santa Rita em Itabuna"},"content":{"rendered":"<div>\n<p>Continuam em Itabuna (BA), os preparativos para o grande&nbsp;dia de celebrar Santa Rita de C\u00e1ssia, a santa das causas imposs\u00edveis! O dia t\u00e3o esperado \u00e9 amanh\u00e3, 22 de maio.&nbsp;<\/p>\n<p>A oitava noite do Noven\u00e1rio aconteceu nesta segunda-feira (20), \u00e0s 19h.&nbsp;<br \/>\nO subtema refletido foi: &#8220;Santa Rita, exemplo de luta pelo direito, pela&nbsp;justi\u00e7a e pela fraternidade&#8221; e para reflet\u00ed-lo, o convidado especial foi o&nbsp;Frade Capuchinho do Santu\u00e1rio Irm\u00e3 Dulce da Arquidiocese de Salvador, o&nbsp;Pe. Frei M\u00e1rio Erky. O religioso tamb\u00e9m foi o presidente da celebra\u00e7\u00e3o&nbsp;eucar\u00edstica.&nbsp;&nbsp;A concelebra\u00e7\u00e3o ficou por conta do di\u00e1cono permanente Jos\u00e9 Ara\u00fajo; Pe.&nbsp;Roberto da par\u00f3quia Santa Maria Goretti, o Pe. Nicolau Klak, p\u00e1roco na Paroquia Nossa Senhora de F\u00e1tima; Pe. Adriano Fernandes, p\u00e1roco da Nossa Senhora da Concei\u00e7\u00e3o e&nbsp;reitor do Semin\u00e1rio S\u00e3o Jos\u00e9 na diocese e o p\u00e1roco da Igreja matriz de&nbsp;Santa Rita de C\u00e1ssia, o Frei&nbsp; Jos\u00e9 Gen\u00edlton, al\u00e9m dos seminaristas.<\/p>\n<p>Na homilia, Frei M\u00e1rio&nbsp;disse: &#8220;A palavra de Deus serve como base para n\u00f3s nessa noite. O Evangelho fala de guardar o cora\u00e7\u00e3o. &#8216;Aquele que me ama, guarda a Minha palavra&#8217;. O guardar aqui, n\u00e3o significa guardar numa gaveta, n\u00e3o significa trancar \u00e0 sete chaves, mas ele fala aqui, de guardar no cora\u00e7\u00e3o. Maria, muitas vezes, ouvia, meditava, e guardava no cora\u00e7\u00e3o. Esse convite \u00e9 para a gente refletir o que n\u00f3s guardamos no nosso cora\u00e7\u00e3o. E a gente s\u00f3 guarda no cora\u00e7\u00e3o aquilo que n\u00f3s amamos.&#8221;<\/p>\n<p>Ao final da santa missa, Frei Gen\u00edlton disse&nbsp;que&nbsp;vai enviar o oficio para que durante uma semana do m\u00eas de junho, a imagem de Irm\u00e3 Dulce possa visitar a Par\u00f3quia de Santa Rita de C\u00e1ssia. O oficio ser\u00e1 encaminhada a coordena\u00e7\u00e3o do Santu\u00e1rio de Irm\u00e3 Dulce em Salvador(BA).<\/p>\n<p>Os convidados da noite foram: Par\u00f3quia Nossa Senhora das Vit\u00f3rias, Par\u00f3quia Santa Maria&nbsp;Madalena, Par\u00f3quia Nossa Senhora da Concei\u00e7\u00e3o, Pastoral Carcer\u00e1ria,&nbsp;Poder Executivo ( Prefeito, Vice-Prefeito, secretariados e&nbsp;funcion\u00e1rios),Poder Legislativo (Vereadores e funcion\u00e1rios da C\u00e2mara de&nbsp;Vereadores )&nbsp; Minist\u00e9rio P\u00fablico, Defensoria P\u00fablica, Justi\u00e7a do&nbsp;Trabalho, SAC, OAB, Cart\u00f3rios de Registros, FICC, EMASA, CEPLAC,&nbsp;Entidades Filantr\u00f3picas (Rotary e Lions Clubes), ONGS e Garis.<br \/>\nLiturgia: Pastoral do Batismo, OFS, MEFA.<br \/>\nQuermesse: M\u00fasicos, Grupo Santo Ant\u00f4nio e Grupo Bom Viver e Pascom.<br \/>\nBarraca de Espetinho-Pastoral do D\u00edzimo<br \/>\nOferta da noite: Esp\u00e9cie<\/p>\n<p>Acompanhe a programa\u00e7\u00e3o das \u00faltimas noites do Noven\u00e1rio:<\/p>\n<p><strong>Dia 21 (Ter\u00e7a-feira), 19h&nbsp;<\/strong><br \/>\nSubtema: Santa Rita, intercessora do amor de Deus para com os mais&nbsp;necessitados de fraternidade, e da solidariedade.<br \/>\n<strong>Convidados<\/strong>: Par\u00f3quia Nossa Senhora de F\u00e1tima, Grupos das par\u00f3quias e da&nbsp;Diocese ( RCC, Legi\u00e3o de Maria, Apostolado da Ora\u00e7\u00e3o).Comunidades: S\u00e3o&nbsp;Francisco de Assis, S\u00e3o Paulo Ap\u00f3stolo, Santa Luzia, Nossa Senhora de&nbsp;Lourdes, Pastoral da Crian\u00e7a, MECE, Ordem Franciscana, Grupo de Pe. Pio,&nbsp;M\u00fasicos,&nbsp; Grupo Santo Ant\u00f4nio, ECC, Ter\u00e7o dos Homens, Bom Viver,&nbsp;Vicentinos e Cursilho).<br \/>\n<strong>Liturgia<\/strong>: Grupos de Jovens, M\u00fasicos, Coroinhas e EJC.<br \/>\n<strong>Quermesse<\/strong>: Apostolado da Ora\u00e7\u00e3o e Pastoral da Catequese.<br \/>\nBarraca de Espetinho-Pastoral do D\u00edzimo<br \/>\nOferta da noite: Refrigerante<\/p>\n<p><strong>Dia 22 (Quarta-feira)- \u00daltimo dia<\/strong><br \/>\nSolenidade de Santa Rita de C\u00e1ssia<br \/>\n05h-Alvorada<br \/>\n19h-Missa Solene seguida de prociss\u00e3o, com a presid\u00eancia de Dom Carlos e&nbsp;padres convidados.<br \/>\n<strong>Liturgia<\/strong>: Pastoral&nbsp; Lit\u00fargica<br \/>\n<strong>Quermesse<\/strong>: Todas as pastorais, grupos, movimentos e comunidades da&nbsp;par\u00f3quia.<br \/>\nConvide seus amigos, re\u00fana sua fam\u00edlia e participe! Voc\u00ea tamb\u00e9m pode&nbsp;acompanhar tudo de casa, pela Web R\u00e1dio do Portal Cat\u00f3lico.<br \/>\nAcompanhe todos os dia ao vivo a nossa transmiss\u00e3o. Baixe o nosso&nbsp;aplicativo no Play Store ou acesse o link:<br \/>\n<a href=\"https:\/\/play.google.com\/store\/apps\/details?id=com.shoutcast.stm.musicalportalcatolico\" target=\"_blank\" rel=\"noopener noreferrer\">https:\/\/play.google.com\/store\/apps\/details?id=com.shoutcast.stm.musicalportalcatolico<\/a><\/p>\n<\/div>\n<div>&nbsp;<\/div>\n<div id=\"Signature\">\n<div id=\"divtagdefaultwrapper\" dir=\"ltr\">Confira nosso \u00e1lbuns de&nbsp; fotos&gt;<a href=\"https:\/\/www.facebook.com\/portalcatolicooficial\/\"><strong>Clique AQUI<\/strong><\/a><\/div>\n<div>\n<div class=\"BodyFragment\">\n<div class=\"PlainText\">&nbsp;<\/div>\n<\/div>\n<\/div>\n<\/div>\n","protected":false},"excerpt":{"rendered":"<p>Continuam em Itabuna (BA), os preparativos para o grande&nbsp;dia de celebrar Santa Rita de C\u00e1ssia, a santa das causas imposs\u00edveis! O dia t\u00e3o esperado \u00e9 amanh\u00e3, 22 de maio.&nbsp; A oitava noite do Noven\u00e1rio aconteceu nesta segunda-feira (20), \u00e0s 19h.&nbsp; O subtema refletido foi: &#8220;Santa Rita, exemplo de luta pelo direito, pela&nbsp;justi\u00e7a e pela fraternidade&#8221;&nbsp;<\/p>\n<p><a class=\"btn btn-style\" href=\"https:\/\/portalcatolico.net\/portal\/confira-como-foi-a-8a-noite-do-novenario-de-santa-rita-em-itabuna\/\">Continue Reading<\/a><\/p>\n","protected":false},"author":2,"featured_media":64619,"comment_status":"open","ping_status":"open","sticky":false,"template":"","format":"standard","meta":{"footnotes":""},"categories":[68],"tags":[],"class_list":["post-64618","post","type-post","status-publish","format-standard","has-post-thumbnail","hentry","category-homilias"],"_links":{"self":[{"href":"https:\/\/portalcatolico.net\/portal\/wp-json\/wp\/v2\/posts\/64618","targetHints":{"allow":["GET"]}}],"collection":[{"href":"https:\/\/portalcatolico.net\/portal\/wp-json\/wp\/v2\/posts"}],"about":[{"href":"https:\/\/portalcatolico.net\/portal\/wp-json\/wp\/v2\/types\/post"}],"author":[{"embeddable":true,"href":"https:\/\/portalcatolico.net\/portal\/wp-json\/wp\/v2\/users\/2"}],"replies":[{"embeddable":true,"href":"https:\/\/portalcatolico.net\/portal\/wp-json\/wp\/v2\/comments?post=64618"}],"version-history":[{"count":4,"href":"https:\/\/portalcatolico.net\/portal\/wp-json\/wp\/v2\/posts\/64618\/revisions"}],"predecessor-version":[{"id":64629,"href":"https:\/\/portalcatolico.net\/portal\/wp-json\/wp\/v2\/posts\/64618\/revisions\/64629"}],"wp:featuredmedia":[{"embeddable":true,"href":"https:\/\/portalcatolico.net\/portal\/wp-json\/wp\/v2\/media\/64619"}],"wp:attachment":[{"href":"https:\/\/portalcatolico.net\/portal\/wp-json\/wp\/v2\/media?parent=64618"}],"wp:term":[{"taxonomy":"category","embeddable":true,"href":"https:\/\/portalcatolico.net\/portal\/wp-json\/wp\/v2\/categories?post=64618"},{"taxonomy":"post_tag","embeddable":true,"href":"https:\/\/portalcatolico.net\/portal\/wp-json\/wp\/v2\/tags?post=64618"}],"curies":[{"name":"wp","href":"https:\/\/api.w.org\/{rel}","templated":true}]}}