{"id":64611,"date":"2019-05-21T06:18:27","date_gmt":"2019-05-21T09:18:27","guid":{"rendered":"http:\/\/portalcatolico.net\/portal\/?p=64611"},"modified":"2019-05-21T06:18:27","modified_gmt":"2019-05-21T09:18:27","slug":"sinodalidade-e-tema-de-discurso-do-papa-a-bispos-italianos","status":"publish","type":"post","link":"https:\/\/portalcatolico.net\/portal\/sinodalidade-e-tema-de-discurso-do-papa-a-bispos-italianos\/","title":{"rendered":"Sinodalidade \u00e9 tema de discurso do Papa a bispos italianos"},"content":{"rendered":"<div class=\"article__subTitle\">Francisco fez um discurso de apenas quinze minutos e mencionou a colegialidade na Igreja italiana, a reforma dos processos de nulidade matrimonial e a rela\u00e7\u00e3o dos bispos com os sacerdotes de suas pr\u00f3prias dioceses.<\/div>\n<div class=\"article__text\">\n<p>O&nbsp;<b>Papa Francisco<\/b>&nbsp;abriu na&nbsp;<i>Sala do S\u00ednodo<\/i>, no Vaticano, na tarde de segunda-feira (20\/05) a&nbsp;<b><i>73\u00aa Assembleia Geral da Confer\u00eancia Episcopal Italiana<\/i><\/b>&nbsp;(CEI), que se realiza at\u00e9 23 de maio com o tema \u201cModalidades e instrumentos para uma nova presen\u00e7a mission\u00e1ria\u201d.<\/p>\n<p>Francisco fez um discurso de apenas quinze minutos, falando sem ler o texto escrito. Alguns dos temas mencionados foram a colegialidade na Igreja italiana, que se encaminha para um prov\u00e1vel S\u00ednodo, a reforma que at\u00e9 agora n\u00e3o foi efetivada dos processos de nulidade matrimonial, e a rela\u00e7\u00e3o dos bispos com os sacerdotes de suas pr\u00f3prias dioceses.<\/p>\n<p>\u201cSobre a colegialidade, inclusive no contexto de um prov\u00e1vel S\u00ednodo da Igreja Italiana, ouvi rumores ultimamente sobre isso\u2026 chegaram at\u00e9 Santa Marta! H\u00e1 duas dire\u00e7\u00f5es: sinodalidade de baixo para cima, ou seja, cuidar da exist\u00eancia e do bom funcionamento das dioceses, conselhos, par\u00f3quias, envolvimento dos leigos\u2026 N\u00e3o se pode come\u00e7ar um S\u00ednodo sem ir \u00e0s bases e da avalia\u00e7\u00e3o do papel dos leigos. E h\u00e1 ainda a sinodalidade de cima para baixo \u2013 acrescentou, lembrando o documento de Floren\u00e7a para a Igreja italiana de novembro de 2015, que ainda est\u00e1 em vigor e nos deve acompanhar neste caminho\u201d.<\/p>\n<p>A ideia de um S\u00ednodo para a Igreja Italiana \u00e9 de&nbsp;<b>Padre Antonio Spadaro SJ,<\/b>&nbsp;diretor do semanal&nbsp;<i>Civilt\u00e0 Cattolica&nbsp;<\/i>e amigo do Papa Francesco, e foi apresentada em um artigo na revista dos Jesu\u00edtas.<br \/>\nTer\u00e7a-feira, 21 de maio, os trabalhos da Assembleia ser\u00e3o abertos com uma palestra do Cardeal Gualtiero Bassetti, arcebispo de Perugia-Citt\u00e0 della Pieve, presidente da Confer\u00eancia Episcopal Italiana (CEI).<\/p>\n<p>O col\u00e9gio episcopal italiano \u00e9 formado por 412 bispos, incluindo os em\u00e9ritos.<\/p>\n<p>Com informa\u00e7\u00f5es e foto: Vatican News<\/p>\n<\/div>\n","protected":false},"excerpt":{"rendered":"<p>Francisco fez um discurso de apenas quinze minutos e mencionou a colegialidade na Igreja italiana, a reforma dos processos de nulidade matrimonial e a rela\u00e7\u00e3o dos bispos com os sacerdotes de suas pr\u00f3prias dioceses. O&nbsp;Papa Francisco&nbsp;abriu na&nbsp;Sala do S\u00ednodo, no Vaticano, na tarde de segunda-feira (20\/05) a&nbsp;73\u00aa Assembleia Geral da Confer\u00eancia Episcopal Italiana&nbsp;(CEI), que se&nbsp;<\/p>\n<p><a class=\"btn btn-style\" href=\"https:\/\/portalcatolico.net\/portal\/sinodalidade-e-tema-de-discurso-do-papa-a-bispos-italianos\/\">Continue Reading<\/a><\/p>\n","protected":false},"author":2,"featured_media":64612,"comment_status":"open","ping_status":"open","sticky":false,"template":"","format":"standard","meta":{"footnotes":""},"categories":[5],"tags":[],"class_list":["post-64611","post","type-post","status-publish","format-standard","has-post-thumbnail","hentry","category-igreja_no_mundo"],"_links":{"self":[{"href":"https:\/\/portalcatolico.net\/portal\/wp-json\/wp\/v2\/posts\/64611","targetHints":{"allow":["GET"]}}],"collection":[{"href":"https:\/\/portalcatolico.net\/portal\/wp-json\/wp\/v2\/posts"}],"about":[{"href":"https:\/\/portalcatolico.net\/portal\/wp-json\/wp\/v2\/types\/post"}],"author":[{"embeddable":true,"href":"https:\/\/portalcatolico.net\/portal\/wp-json\/wp\/v2\/users\/2"}],"replies":[{"embeddable":true,"href":"https:\/\/portalcatolico.net\/portal\/wp-json\/wp\/v2\/comments?post=64611"}],"version-history":[{"count":1,"href":"https:\/\/portalcatolico.net\/portal\/wp-json\/wp\/v2\/posts\/64611\/revisions"}],"predecessor-version":[{"id":64613,"href":"https:\/\/portalcatolico.net\/portal\/wp-json\/wp\/v2\/posts\/64611\/revisions\/64613"}],"wp:featuredmedia":[{"embeddable":true,"href":"https:\/\/portalcatolico.net\/portal\/wp-json\/wp\/v2\/media\/64612"}],"wp:attachment":[{"href":"https:\/\/portalcatolico.net\/portal\/wp-json\/wp\/v2\/media?parent=64611"}],"wp:term":[{"taxonomy":"category","embeddable":true,"href":"https:\/\/portalcatolico.net\/portal\/wp-json\/wp\/v2\/categories?post=64611"},{"taxonomy":"post_tag","embeddable":true,"href":"https:\/\/portalcatolico.net\/portal\/wp-json\/wp\/v2\/tags?post=64611"}],"curies":[{"name":"wp","href":"https:\/\/api.w.org\/{rel}","templated":true}]}}