{"id":64608,"date":"2019-05-20T22:21:43","date_gmt":"2019-05-21T01:21:43","guid":{"rendered":"http:\/\/portalcatolico.net\/portal\/?p=64608"},"modified":"2019-05-20T22:21:43","modified_gmt":"2019-05-21T01:21:43","slug":"casamento-comunitario-vai-acontecer-em-itabuna-no-proximo-fim-de-semana","status":"publish","type":"post","link":"https:\/\/portalcatolico.net\/portal\/casamento-comunitario-vai-acontecer-em-itabuna-no-proximo-fim-de-semana\/","title":{"rendered":"Casamento comunit\u00e1rio vai acontecer em Itabuna no pr\u00f3ximo fim de semana"},"content":{"rendered":"<div dir=\"auto\">A&nbsp; Pastoral Familiar e a Par\u00f3quia Senhor do Bonfim situada no bairro Jardim Primavera em Itabuna (BA), t\u00eam a alegria de te convidar&nbsp; para participar do casamento comunit\u00e1rio que ser\u00e1 realizado no pr\u00f3ximo s\u00e1bado, 25 de maio, na Igreja matriz, \u00e0s 19h.<\/div>\n<div dir=\"auto\">Para concretizar esse momento especial, os casais passaram por um per\u00edodo de prepara\u00e7\u00e3o com a equipe da Pastoral&nbsp;Familiar e agora est\u00e3o preparados para receber o Sacramento do Matrim\u00f4nio.<\/div>\n<div dir=\"auto\">&#8220;Completai a minha alegria, permanecendo unidos. Tende um mesmo amor,&nbsp; uma s\u00f3 alma e os mesmos pensamentos&#8221;.(Filipenses 2,2).<\/div>\n<div dir=\"auto\">&nbsp;<\/div>\n<div dir=\"auto\">Foto:Ilustrativa<\/div>\n","protected":false},"excerpt":{"rendered":"<p>A&nbsp; Pastoral Familiar e a Par\u00f3quia Senhor do Bonfim situada no bairro Jardim Primavera em Itabuna (BA), t\u00eam a alegria de te convidar&nbsp; para participar do casamento comunit\u00e1rio que ser\u00e1 realizado no pr\u00f3ximo s\u00e1bado, 25 de maio, na Igreja matriz, \u00e0s 19h. Para concretizar esse momento especial, os casais passaram por um per\u00edodo de prepara\u00e7\u00e3o&nbsp;<\/p>\n<p><a class=\"btn btn-style\" href=\"https:\/\/portalcatolico.net\/portal\/casamento-comunitario-vai-acontecer-em-itabuna-no-proximo-fim-de-semana\/\">Continue Reading<\/a><\/p>\n","protected":false},"author":2,"featured_media":64609,"comment_status":"open","ping_status":"open","sticky":false,"template":"","format":"standard","meta":{"footnotes":""},"categories":[1],"tags":[],"class_list":["post-64608","post","type-post","status-publish","format-standard","has-post-thumbnail","hentry","category-agenda"],"_links":{"self":[{"href":"https:\/\/portalcatolico.net\/portal\/wp-json\/wp\/v2\/posts\/64608","targetHints":{"allow":["GET"]}}],"collection":[{"href":"https:\/\/portalcatolico.net\/portal\/wp-json\/wp\/v2\/posts"}],"about":[{"href":"https:\/\/portalcatolico.net\/portal\/wp-json\/wp\/v2\/types\/post"}],"author":[{"embeddable":true,"href":"https:\/\/portalcatolico.net\/portal\/wp-json\/wp\/v2\/users\/2"}],"replies":[{"embeddable":true,"href":"https:\/\/portalcatolico.net\/portal\/wp-json\/wp\/v2\/comments?post=64608"}],"version-history":[{"count":1,"href":"https:\/\/portalcatolico.net\/portal\/wp-json\/wp\/v2\/posts\/64608\/revisions"}],"predecessor-version":[{"id":64610,"href":"https:\/\/portalcatolico.net\/portal\/wp-json\/wp\/v2\/posts\/64608\/revisions\/64610"}],"wp:featuredmedia":[{"embeddable":true,"href":"https:\/\/portalcatolico.net\/portal\/wp-json\/wp\/v2\/media\/64609"}],"wp:attachment":[{"href":"https:\/\/portalcatolico.net\/portal\/wp-json\/wp\/v2\/media?parent=64608"}],"wp:term":[{"taxonomy":"category","embeddable":true,"href":"https:\/\/portalcatolico.net\/portal\/wp-json\/wp\/v2\/categories?post=64608"},{"taxonomy":"post_tag","embeddable":true,"href":"https:\/\/portalcatolico.net\/portal\/wp-json\/wp\/v2\/tags?post=64608"}],"curies":[{"name":"wp","href":"https:\/\/api.w.org\/{rel}","templated":true}]}}