{"id":64601,"date":"2019-05-20T11:27:40","date_gmt":"2019-05-20T14:27:40","guid":{"rendered":"http:\/\/portalcatolico.net\/portal\/?p=64601"},"modified":"2019-05-20T11:32:02","modified_gmt":"2019-05-20T14:32:02","slug":"rcc-da-diocese-de-itabuna-realiza-7a-edicao-do-encontro-diocesano-de-formacao","status":"publish","type":"post","link":"https:\/\/portalcatolico.net\/portal\/rcc-da-diocese-de-itabuna-realiza-7a-edicao-do-encontro-diocesano-de-formacao\/","title":{"rendered":"RCC da Diocese de Itabuna realiza 7\u00aa edi\u00e7\u00e3o do Encontro Diocesano de Forma\u00e7\u00e3o"},"content":{"rendered":"<p><img loading=\"lazy\" decoding=\"async\" class=\"size-medium wp-image-64603 alignleft\" src=\"http:\/\/portalcatolico.net\/portal\/wp-content\/uploads\/2019\/05\/sem-t\u00edtulo-198-300x200.jpg\" alt=\"\" width=\"300\" height=\"200\" srcset=\"https:\/\/portalcatolico.net\/portal\/wp-content\/uploads\/2019\/05\/sem-t\u00edtulo-198-300x200.jpg 300w, https:\/\/portalcatolico.net\/portal\/wp-content\/uploads\/2019\/05\/sem-t\u00edtulo-198-768x512.jpg 768w, https:\/\/portalcatolico.net\/portal\/wp-content\/uploads\/2019\/05\/sem-t\u00edtulo-198-1024x682.jpg 1024w, https:\/\/portalcatolico.net\/portal\/wp-content\/uploads\/2019\/05\/sem-t\u00edtulo-198.jpg 2000w\" sizes=\"auto, (max-width: 300px) 100vw, 300px\" \/>A Renova\u00e7\u00e3o Carism\u00e1tica Cat\u00f3lica (RCC) da Diocese de Itabuna, no sul da&nbsp;Bahia, realizou no fim de semana, nos dias 18 e 19, o Encontro&nbsp;Diocesano de Forma\u00e7\u00e3o ( EDF). O evento&nbsp; aconteceu na&nbsp;quadra&nbsp; poliesportiva do&nbsp;Col\u00e9gio CAIC, no bairro Jardim&nbsp;Primavera, em Itabuna e na Paroquia Senhor do Bonfim.<\/p>\n<p>O EDF&nbsp;contou com nove&nbsp; Workshops: Minist\u00e9rio de Comunica\u00e7\u00e3o Social; Cura e&nbsp;Liberta\u00e7\u00e3o e Intercess\u00e3o; Minist\u00e9rio de Forma\u00e7\u00e3o Humana e F\u00e9 e&nbsp;Pol\u00edtica; Minist\u00e9rio de Forma\u00e7\u00e3o; M\u00fasica e Artes; Forma\u00e7\u00e3o; Minist\u00e9rio&nbsp;para as Crian\u00e7as e Adolescentes; Coordenadores de Grupo de Ora\u00e7\u00e3o e&nbsp; Prega\u00e7\u00e3o.<br \/>\nCada Workshop abordou tem\u00e1ticas espec\u00edficas e direcionadas em todos os&nbsp;&nbsp;Minist\u00e9rios.<br \/>\nSegundo os organizadores, participaram mais de 900 carism\u00e1ticos das 33 par\u00f3quias que comp\u00f5em a Diocese de Itabuna.<\/p>\n<p>A&nbsp;Coordena\u00e7\u00e3o&nbsp; disponibilizou uma equipe de profissionais da sa\u00fade para&nbsp;atender aos participantes no local do EDF. Para as crian\u00e7as, filhos dos&nbsp;pais que estavam participando do evento, foi disponibilizado um espa\u00e7o especial.<\/p>\n<p>O Encontro foi finalizado com a santa missa presidida pelo bispo&nbsp;diocesano da Diocese de Itabuna, Dom Carlos Alberto dos Santos e&nbsp;concelebrada pelo Pe. Manoel Carlos (p\u00e1roco da Par\u00f3quia Senhor do Bonfim)&nbsp;e pelo assessor eclesi\u00e1stico da RCC da Diocese, o Pe. Ezeguias Gon\u00e7alves. Na homilia, ele disse: &#8220;N\u00f3s estamos com um belo tema nesses cinquenta anos que a Renova\u00e7\u00e3o Carism\u00e1tica celebra no nosso Brasil: &#8216;O amor de Deus foi derramado em nossos&nbsp;cora\u00e7\u00f5es pelo Espirito Santa que nos foi dado&#8217;.&nbsp;E eu pergunto a voc\u00eas:&nbsp;O amor de Deus foi derramado entre n\u00f3s? E dentro de n\u00f3s? Vamos sair daqui renovados? Vamos sair daqui mais apaixonados por Jesus?&#8221;, questionou o bispo.<\/p>\n<p>Amistron Lira, Coordenador da RCC de Itabuna, falou sobre o evento: &#8220;Esse EDF \u00e9 um projeto de Deus. \u00c9 um encontro aonde todos os servos se encontram todos os anos para serem formados, serem orientados sobre todo o processo de forma\u00e7\u00e3o de cada minist\u00e9rio, para melhor servir, n\u00e3o s\u00f3 no grupo de ora\u00e7\u00e3o, mas dentro da par\u00f3quia e dentro da comunidade. Esse ano \u00e9 especial, pois \u00e9 o ano jubilar. S\u00e3o cinquenta anos de Renova\u00e7\u00e3o Carism\u00e1tica Cat\u00f3lica no Brasil e n\u00f3s, enquanto Diocese de Itabuna, estamos inseridos dentro dessa realidade com quarenta e tr\u00eas anos de vida aqui, na nossa Diocese&#8221;.<\/p>\n<p>Fotos:Acervo\/Portal Cat\u00f3lico<\/p>\n<p>Confira todas as fotos deste evento,clicando <a href=\"https:\/\/www.facebook.com\/portalcatolicooficial\/\"><strong>AQUI<\/strong><\/a><\/p>\n<p>&nbsp;<\/p>\n","protected":false},"excerpt":{"rendered":"<p>A Renova\u00e7\u00e3o Carism\u00e1tica Cat\u00f3lica (RCC) da Diocese de Itabuna, no sul da&nbsp;Bahia, realizou no fim de semana, nos dias 18 e 19, o Encontro&nbsp;Diocesano de Forma\u00e7\u00e3o ( EDF). O evento&nbsp; aconteceu na&nbsp;quadra&nbsp; poliesportiva do&nbsp;Col\u00e9gio CAIC, no bairro Jardim&nbsp;Primavera, em Itabuna e na Paroquia Senhor do Bonfim. O EDF&nbsp;contou com nove&nbsp; Workshops: Minist\u00e9rio de Comunica\u00e7\u00e3o Social;&nbsp;<\/p>\n<p><a class=\"btn btn-style\" href=\"https:\/\/portalcatolico.net\/portal\/rcc-da-diocese-de-itabuna-realiza-7a-edicao-do-encontro-diocesano-de-formacao\/\">Continue Reading<\/a><\/p>\n","protected":false},"author":2,"featured_media":64602,"comment_status":"open","ping_status":"open","sticky":false,"template":"","format":"standard","meta":{"footnotes":""},"categories":[65],"tags":[],"class_list":["post-64601","post","type-post","status-publish","format-standard","has-post-thumbnail","hentry","category-entrevistas"],"_links":{"self":[{"href":"https:\/\/portalcatolico.net\/portal\/wp-json\/wp\/v2\/posts\/64601","targetHints":{"allow":["GET"]}}],"collection":[{"href":"https:\/\/portalcatolico.net\/portal\/wp-json\/wp\/v2\/posts"}],"about":[{"href":"https:\/\/portalcatolico.net\/portal\/wp-json\/wp\/v2\/types\/post"}],"author":[{"embeddable":true,"href":"https:\/\/portalcatolico.net\/portal\/wp-json\/wp\/v2\/users\/2"}],"replies":[{"embeddable":true,"href":"https:\/\/portalcatolico.net\/portal\/wp-json\/wp\/v2\/comments?post=64601"}],"version-history":[{"count":3,"href":"https:\/\/portalcatolico.net\/portal\/wp-json\/wp\/v2\/posts\/64601\/revisions"}],"predecessor-version":[{"id":64606,"href":"https:\/\/portalcatolico.net\/portal\/wp-json\/wp\/v2\/posts\/64601\/revisions\/64606"}],"wp:featuredmedia":[{"embeddable":true,"href":"https:\/\/portalcatolico.net\/portal\/wp-json\/wp\/v2\/media\/64602"}],"wp:attachment":[{"href":"https:\/\/portalcatolico.net\/portal\/wp-json\/wp\/v2\/media?parent=64601"}],"wp:term":[{"taxonomy":"category","embeddable":true,"href":"https:\/\/portalcatolico.net\/portal\/wp-json\/wp\/v2\/categories?post=64601"},{"taxonomy":"post_tag","embeddable":true,"href":"https:\/\/portalcatolico.net\/portal\/wp-json\/wp\/v2\/tags?post=64601"}],"curies":[{"name":"wp","href":"https:\/\/api.w.org\/{rel}","templated":true}]}}