{"id":64597,"date":"2019-05-19T11:17:52","date_gmt":"2019-05-19T14:17:52","guid":{"rendered":"http:\/\/portalcatolico.net\/portal\/?p=64597"},"modified":"2019-05-20T11:33:33","modified_gmt":"2019-05-20T14:33:33","slug":"continua-em-itabuna-o-novenario-de-santa-rita-de-cassia","status":"publish","type":"post","link":"https:\/\/portalcatolico.net\/portal\/continua-em-itabuna-o-novenario-de-santa-rita-de-cassia\/","title":{"rendered":"Continua em Itabuna, o Noven\u00e1rio de Santa Rita de C\u00e1ssia"},"content":{"rendered":"<p><img loading=\"lazy\" decoding=\"async\" class=\"alignnone wp-image-64599\" src=\"http:\/\/portalcatolico.net\/portal\/wp-content\/uploads\/2019\/05\/sem-t\u00edtulo-1-3-300x200.jpg\" alt=\"\" width=\"722\" height=\"481\" srcset=\"https:\/\/portalcatolico.net\/portal\/wp-content\/uploads\/2019\/05\/sem-t\u00edtulo-1-3-300x200.jpg 300w, https:\/\/portalcatolico.net\/portal\/wp-content\/uploads\/2019\/05\/sem-t\u00edtulo-1-3-768x512.jpg 768w, https:\/\/portalcatolico.net\/portal\/wp-content\/uploads\/2019\/05\/sem-t\u00edtulo-1-3-1024x682.jpg 1024w, https:\/\/portalcatolico.net\/portal\/wp-content\/uploads\/2019\/05\/sem-t\u00edtulo-1-3.jpg 2000w\" sizes=\"auto, (max-width: 722px) 100vw, 722px\" \/><\/p>\n<p><sub>O noven\u00e1rio&nbsp; teve in\u00edcio no dia 13&nbsp; e segue at\u00e9 o dia 21, com missas todas as noites, \u00e0s 19h.<\/sub><\/p>\n<p><sub>No dia dedicado \u00e0 santa, 22 de maio, a santa missa ser\u00e1 presidida pelo bispo diocesano dom Carlos Alberto dos Santos. E como j\u00e1 \u00e9 tradi\u00e7\u00e3o, em seguida, acontecer\u00e1 a tradicional&nbsp; prociss\u00e3o pelas ruas do&nbsp;<\/sub><sub>bairro S\u00e3o Caetano.<\/sub><\/p>\n<p><sub>O tema central da festa \u00e9: &#8220;Com Santa Rita resgatamos a fraternidade e as pol\u00edticas p\u00fablicas&#8221;.<\/sub><\/p>\n<p><sub>No \u00faltimo s\u00e1bado (18), \u00e0s 19h, foi realizada a 6\u00aa noite&nbsp; do noven\u00e1rio, que teve in\u00edcio \u00e0s 18h com o Santo Ter\u00e7o, e contou com a participa\u00e7\u00e3o dos paroquianos ,fies, visitantes e devotos da santa.<\/sub><\/p>\n<p><sub>O subtema refletido foi: &#8220;Santa Rita, incentiva a inclus\u00e3o social atrav\u00e9s da viv\u00eancia de vida fraterna em comunh\u00e3o com o pr\u00f3ximo&#8221;. Quem fez a reflex\u00e3o e presidiu a missa foi o&nbsp; Padre Tony Val\u00e9rio da Par\u00f3quia Santa Maria Madalena.&nbsp; Na&nbsp;<\/sub><sub>oportunidade, ele disse: &#8220;Tem gente que \u00e9 batizado, fez comunh\u00e3o, a crisma, casou, tem todos os sacramentos, mas n\u00e3o tem Jesus no cora\u00e7\u00e3o. Que isso n\u00e3o aconte\u00e7a com voc\u00eas!&#8221;<\/sub><\/p>\n<p><sub>A concelebra\u00e7\u00e3o foi feita por&nbsp; Pe. Frei Jos\u00e9 Genilton (p\u00e1roco) e Manoel Carlos (p\u00e1roco da par\u00f3quia Senhor do Bonfim).<\/sub><\/p>\n<p><sub>Vale ressaltar que Frei Carlos In\u00e1cio n\u00e3o est\u00e1 podendo concelebrar, devido a uma cirurgia, mas est\u00e1 participando de todas as noites no noven\u00e1rio.<\/sub><\/p>\n<p><sub>Os convidados da noite foram: a Par\u00f3quia&nbsp; Senhor do Bonfim, Pastoral do&nbsp;<\/sub><sub>D\u00edzimo, Comerciantes (Com\u00e9rcio&nbsp; do S\u00e3o Caetano, Feirantes, Lojas de&nbsp;<\/sub><sub>Material de Constru\u00e7\u00e3o),CDL, Associa\u00e7\u00e3o Comercial de Itabuna, Sindicom,&nbsp;<\/sub><sub>Escrit\u00f3rios de Contabilidades, Bancos, Financeiras, Motoristas, Sindicato dos Taxistas, Motoboys, Empresas de Transportes, Auto Escolas,<\/sub><sub>Empresas de Turismo, Agropecuaristas, pessoas e com\u00e9rcio&nbsp; de nome Rita&nbsp;<\/sub><sub>de C\u00e1ssia.<\/sub><\/p>\n<p><sub>A Liturgia ficou sobre a responsabilidade das&nbsp; Comunidades Santa Luzia,<\/sub><sub>Nossa Senhora de Lourdes, S\u00e3o Paulo Ap\u00f3stolo e S\u00e3o Francisco de Assis.<\/sub><\/p>\n<p><sub><strong>Quermesse<\/strong>: Pastoral Familiar e Comunidade S\u00e3o Francisco de Assis.<\/sub><\/p>\n<p><sub>Barraca de Espetinho-Pastoral do D\u00edzimo<\/sub><\/p>\n<p><sub>A oferta da noite: Esp\u00e9cie<\/sub><\/p>\n<p><sub>Confira o restante da programa\u00e7\u00e3o:<\/sub><\/p>\n<p><strong><sub>8\u00aa Noite 20.05 (Segunda-feira)-19h<\/sub><\/strong><\/p>\n<p><sub>Subtema: Santa Rita, exemplo de luta pelo direito pela justi\u00e7a e pela&nbsp;<\/sub><sub>fraternidade.<\/sub><\/p>\n<p><sub><strong>Convidados:<\/strong> Par\u00f3quia Nossa Senhora das Vit\u00f3rias, Par\u00f3quia Santa Maria&nbsp;<\/sub><sub>Madalena, Par\u00f3quia Nossa Senhora da Concei\u00e7\u00e3o, Pastoral Carcer\u00e1ria,&nbsp;<\/sub><sub>Poder Executivo (Prefeito, Vice-Prefeito, secretariados e&nbsp;<\/sub><sub>funcion\u00e1rios),Poder Legislativo (Vereadores e funcion\u00e1rios da C\u00e2mera de&nbsp;<\/sub><sub>Vereadores )&nbsp; Minist\u00e9rio P\u00fablico, Defensoria P\u00fablica, Justi\u00e7a do&nbsp;<\/sub><sub>Trabalho, SAC, OAB, Cart\u00f3rios de Registros, FICC, EMASA, CEPLAC,&nbsp;<\/sub><sub>Entidades Filantr\u00f3picas (Rotary e Lions Clubes),ONGS e Garis.<\/sub><\/p>\n<p><sub>Liturgia: Pastoral do Batismo, OFS, MEFA.<\/sub><\/p>\n<p><sub>Quermesse: M\u00fasicos, Grupo Santo Ant\u00f4nio e Grupo Bom Viver e Pascom.<\/sub><\/p>\n<p><sub>Barraca de Espetinho-Pastoral do D\u00edzimo<\/sub><\/p>\n<p><sub>Oferta da noite: Esp\u00e9cie<\/sub><\/p>\n<p><strong><sub>9\u00aa Noite 21.05 (Ter\u00e7a-feira) -19h<\/sub><\/strong><\/p>\n<p><sub>Subtema: Santa Rita, intercessora do amor de Deus para com os mais&nbsp;<\/sub><sub>necessitados de fraternidade, e da solidariedade.<\/sub><\/p>\n<p><sub>Convidados: Par\u00f3quia Nossa Senhora de F\u00e1tima, Grupos das par\u00f3quias e da&nbsp;<\/sub><sub>Diocese ( RCC, Legi\u00e3o de Maria, Apostolado da Ora\u00e7\u00e3o).Comunidades: S\u00e3o&nbsp;<\/sub><sub>Francisco de Assis, S\u00e3o Paulo Ap\u00f3stolo, Santa Luzia, Nossa Senhora de&nbsp;<\/sub><sub>Lourdes, Pastoral da Crian\u00e7a, MECE, Ordem Franciscana, Grupo de Pe. Pio,&nbsp;<\/sub><sub>M\u00fasicos,&nbsp; Grupo Santo Ant\u00f4nio, ECC, Ter\u00e7o dos Homens, Bom Viver,&nbsp;<\/sub><sub>Vicentinos e Cursilho).<\/sub><\/p>\n<p><sub><strong>Liturgia:<\/strong> Grupos de Jovens, M\u00fasicos, Coroinhas e EJC.<\/sub><\/p>\n<p><sub><strong>Quermesse<\/strong>: Apostolado da Ora\u00e7\u00e3o e Pastoral da Catequese.<\/sub><\/p>\n<p><sub>Barraca de Espetinho-Pastoral do D\u00edzimo<\/sub><\/p>\n<p><sub>Oferta da noite: Refrigerante<\/sub><\/p>\n<p><strong><sub>Dia 22 (Quarta-feira)- \u00daltimo dia<\/sub><\/strong><\/p>\n<p><sub>Solenidade de santa Rita de C\u00e1ssia<\/sub><\/p>\n<p><sub>05h-Alvorada<\/sub><\/p>\n<p><sub>19h-Missa Solene seguida de prociss\u00e3o<\/sub><\/p>\n<p><sub>Liturgia: Pastoral&nbsp; Lit\u00fargica<\/sub><\/p>\n<p><sub>Quermesse: Todas as pastorais, grupos, movimentos e comunidades da&nbsp;<\/sub><sub>par\u00f3quia.<\/sub><\/p>\n<p><sub>Convide seus amigos, re\u00fana sua fam\u00edlia e participe! Voc\u00ea tamb\u00e9m pode&nbsp;<\/sub><sub>acompanhar tudo de casa, pela Web R\u00e1dio do Portal Cat\u00f3lico.<\/sub><\/p>\n<p><sub>Acompanhe ao vivo nossa transmiss\u00e3o. Baixe o nosso aplicativo no Play&nbsp;<\/sub><sub>Store ou acesse o link:<\/sub><\/p>\n<p><sub><a href=\"https:\/\/play.google.com\/store\/apps\/details?id=com.shoutcast.stm.musicalportalcatolico\" target=\"_blank\" rel=\"noopener noreferrer\">https:\/\/play.google.com\/store\/apps\/details?id=com.shoutcast.stm.musicalportalcatolico<\/a><\/sub><\/p>\n<div style=\"text-align: left;\" align=\"center\">Mais fotos.<a href=\"https:\/\/www.facebook.com\/portalcatolicooficial\/\"><strong>Clique aqui e confira<\/strong><\/a><\/div>\n<div align=\"center\">&nbsp;<\/div>\n","protected":false},"excerpt":{"rendered":"<p>O noven\u00e1rio&nbsp; teve in\u00edcio no dia 13&nbsp; e segue at\u00e9 o dia 21, com missas todas as noites, \u00e0s 19h. No dia dedicado \u00e0 santa, 22 de maio, a santa missa ser\u00e1 presidida pelo bispo diocesano dom Carlos Alberto dos Santos. E como j\u00e1 \u00e9 tradi\u00e7\u00e3o, em seguida, acontecer\u00e1 a tradicional&nbsp; prociss\u00e3o pelas ruas do&nbsp;bairro&nbsp;<\/p>\n<p><a class=\"btn btn-style\" href=\"https:\/\/portalcatolico.net\/portal\/continua-em-itabuna-o-novenario-de-santa-rita-de-cassia\/\">Continue Reading<\/a><\/p>\n","protected":false},"author":2,"featured_media":64598,"comment_status":"open","ping_status":"open","sticky":false,"template":"","format":"standard","meta":{"footnotes":""},"categories":[68],"tags":[],"class_list":["post-64597","post","type-post","status-publish","format-standard","has-post-thumbnail","hentry","category-homilias"],"_links":{"self":[{"href":"https:\/\/portalcatolico.net\/portal\/wp-json\/wp\/v2\/posts\/64597","targetHints":{"allow":["GET"]}}],"collection":[{"href":"https:\/\/portalcatolico.net\/portal\/wp-json\/wp\/v2\/posts"}],"about":[{"href":"https:\/\/portalcatolico.net\/portal\/wp-json\/wp\/v2\/types\/post"}],"author":[{"embeddable":true,"href":"https:\/\/portalcatolico.net\/portal\/wp-json\/wp\/v2\/users\/2"}],"replies":[{"embeddable":true,"href":"https:\/\/portalcatolico.net\/portal\/wp-json\/wp\/v2\/comments?post=64597"}],"version-history":[{"count":2,"href":"https:\/\/portalcatolico.net\/portal\/wp-json\/wp\/v2\/posts\/64597\/revisions"}],"predecessor-version":[{"id":64607,"href":"https:\/\/portalcatolico.net\/portal\/wp-json\/wp\/v2\/posts\/64597\/revisions\/64607"}],"wp:featuredmedia":[{"embeddable":true,"href":"https:\/\/portalcatolico.net\/portal\/wp-json\/wp\/v2\/media\/64598"}],"wp:attachment":[{"href":"https:\/\/portalcatolico.net\/portal\/wp-json\/wp\/v2\/media?parent=64597"}],"wp:term":[{"taxonomy":"category","embeddable":true,"href":"https:\/\/portalcatolico.net\/portal\/wp-json\/wp\/v2\/categories?post=64597"},{"taxonomy":"post_tag","embeddable":true,"href":"https:\/\/portalcatolico.net\/portal\/wp-json\/wp\/v2\/tags?post=64597"}],"curies":[{"name":"wp","href":"https:\/\/api.w.org\/{rel}","templated":true}]}}