{"id":64594,"date":"2019-05-19T18:41:06","date_gmt":"2019-05-19T21:41:06","guid":{"rendered":"http:\/\/portalcatolico.net\/portal\/?p=64594"},"modified":"2019-05-19T18:41:06","modified_gmt":"2019-05-19T21:41:06","slug":"a-heranca-de-irma-dulce","status":"publish","type":"post","link":"https:\/\/portalcatolico.net\/portal\/a-heranca-de-irma-dulce\/","title":{"rendered":"A heran\u00e7a de Irm\u00e3 Dulce"},"content":{"rendered":"<div class=\"article__subTitle\">&#8220;Nos pobres que Irm\u00e3 Dulce acolhia, nos doentes que abra\u00e7ava, nas crian\u00e7as que encontrava abandonadas, tinha a capacidade de ver o rosto de Jesus&#8221;.<\/div>\n<div class=\"article__text\">\n<p>\u201cSantificai em vossos cora\u00e7\u00f5es o Senhor Jesus Cristo, e estai sempre prontos a dar a raz\u00e3o da vossa esperan\u00e7a a todo aquele que vo-la pedir\u201d.&nbsp;Essa sugest\u00e3o do ap\u00f3stolo Pedro (1Pe 3,15)&nbsp;\u00e9&nbsp;uma s\u00edntese do que a Bem-aventurada Dulce dos Pobres procurou realizar ao longo de sua vida. Pedro estava preocupado com a persegui\u00e7\u00e3o que come\u00e7ara contra os primeiros crist\u00e3os e queria lhes ensinar como reagir quando perseguidos. Recomendou-lhes dar um lugar especial a Cristo em seu cora\u00e7\u00e3o, cultivando com ele uma profunda amizade, mesmo porque n\u00e3o era contra eles que nascia o&nbsp;\u00f3dio dos perseguidores, mas contra o Senhor Jesus.<\/p>\n<p>Irm\u00e3&nbsp;Dulce n\u00e3o foi perseguida, n\u00e3o foi caluniada e, longe de sentir nascer contra si o&nbsp;\u00f3dio da sociedade, era admirada, louvada e procurada por multid\u00f5es. Sabemos que a causa de seu longo mart\u00edrio&nbsp;\u2013&nbsp;e uso aqui essa palavra no seu sentido original, referindo-me&nbsp;\u00e0&nbsp;pessoa que d\u00e1&nbsp;testemunho de Jesus Cristo&nbsp;\u2013&nbsp;teve outras causas: (1\u00aa) Deus lhe deu um cora\u00e7\u00e3o sens\u00edvel, capaz de se condoer com a situa\u00e7\u00e3o dos pobres. Ela ent\u00e3o sofria porque, por mais que os ajudasse, via que mais lhe restava por fazer. (2\u00aa) Deus permitiu que sua sa\u00fade fosse fr\u00e1gil. Como ela sentia a for\u00e7a de Cristo em seu cora\u00e7\u00e3o, esquecia-se de seus pr\u00f3prios sofrimentos, para debru\u00e7ar-se sobre a dor dos pobres que encontrava ou que a procuravam. (3\u00aa) Deus lhe concedeu um cora\u00e7\u00e3o ousado, capaz de dar passos que o bom senso humano n\u00e3o recomendaria; por isso mesmo, ela precisou enfrentar incompreens\u00f5es e sofrimentos.<\/p>\n<p>A s\u00edntese de seu mart\u00edrio, contudo, foram os&nbsp;\u00faltimos 16 meses de sua vida&nbsp;\u2013&nbsp;meses de agonia, meses de Calv\u00e1rio. Nessa&nbsp;\u00faltima etapa de sua caminhada, passou por sofrimentos tais que nos fazem concluir que Deus n\u00e3o poupa em nada os seus amigos e amigas&nbsp;\u2013&nbsp;antes, espera que lhe demonstrem seu amor tamb\u00e9m dessa forma e nessa hora, e a demonstrem especialmente aos necessitados.<\/p>\n<p>Nos pobres que Irm\u00e3 Dulce acolhia, nos doentes que abra\u00e7ava, nas crian\u00e7as que encontrava abandonadas, tinha a capacidade de ver o rosto de Jesus. Por isso, n\u00e3o lhe era dif\u00edcil socorr\u00ea-los; era, antes, uma oportunidade de demonstrar ao seu grande amigo o quanto lhe queria bem. Ela mesma testemunhou isso:&nbsp;\u201cN\u00e3o h\u00e1&nbsp;maior alegria neste mundo que entregar-se totalmente a Deus, servindo-o na pessoa de nosso irm\u00e3o mais necessitado, mais sofredor\u201d&nbsp;(<i>Summarium,&nbsp;<\/i>p. 580).<\/p>\n<p>Tendo a Santa S\u00e9 aprovado o milagre necess\u00e1rio para a sua canoniza\u00e7\u00e3o, cuja data ainda n\u00e3o est\u00e1 determinada, cabe-nos fazer a pergunta: Qual a heran\u00e7a que Irm\u00e3 Dulce nos deixou? Ela nos deixou uma importante obra social e deixou \u00e0 Igreja uma nova congrega\u00e7\u00e3o religiosa. Creio, contudo, que sua maior heran\u00e7a consiste na motiva\u00e7\u00e3o&nbsp;&nbsp;que orientou a&nbsp;&nbsp;sua vida, que a levou a fazer as escolhas que fez e que determinou a dire\u00e7\u00e3o dos seus passos. Essa motiva\u00e7\u00e3o tem o&nbsp;&nbsp;nome e o&nbsp;&nbsp;rosto de&nbsp;&nbsp;Jesus de Nazar\u00e9. Para Irm\u00e3&nbsp;Dulce, conhecer a Jesus Cristo pela f\u00e9&nbsp;foi a fonte de sua alegria; segui-lo foi uma gra\u00e7a, e transmitir o amor que dele recebeu, e com o qual se enriqueceu, foi a tarefa que sentia ser sua obriga\u00e7\u00e3o levar adiante (Cf. Confer\u00eancia de Aparecida, 18). Cabe-nos, pois, acolher essa heran\u00e7a e nos aprofundar nela.<\/p>\n<p>Para quem Irm\u00e3 Dulce deixou sua heran\u00e7a?<i>&nbsp;<\/i>Ela a deixou para todos n\u00f3s. Al\u00e9m de sermos respons\u00e1veis pela continuidade de&nbsp;&nbsp;sua Obra Social, somos herdeiros das motiva\u00e7\u00f5es que orientaram e deram vida a seus passos. Contudo, n\u00e3o nos esque\u00e7amos: ser\u00e1&nbsp;necess\u00e1rio, sim, irmos ao encontro daqueles que foram a raz\u00e3o de ser dos trabalhos de Irm\u00e3&nbsp;Dulce. Mas, como ela, n\u00e3o lhes levemos apenas p\u00e3o, rem\u00e9dio e cura f\u00edsica. Somos chamados a dar aos necessitados aquele pelo qual Irm\u00e3&nbsp;Dulce viveu, trabalhou e sofreu: Jesus Cristo. Em outras palavras: Irm\u00e3&nbsp;Dulce n\u00e3o nos deixou apenas uma ONG para cuidar dos pobres. Deixou-nos, sim, uma miss\u00e3o: a de colocar esses nossos irm\u00e3os e irm\u00e3s que sofrem em contato com Jesus Cristo, para que tenham um encontro pessoal com ele e possam, ent\u00e3o, segui-lo. Fazendo isso, estaremos demonstrando ter compreendido e acolhido a rica heran\u00e7a que a Bem-aventurada Dulce dos Pobres nos deixou.(Vatican News)<\/p>\n<p><b>Dom Murilo S.R. Krieger, scj &#8211;&nbsp;Arcebispo de S\u00e3o Salvador da Bahia, Primaz do Brasil<\/b><\/div>\n","protected":false},"excerpt":{"rendered":"<p>&#8220;Nos pobres que Irm\u00e3 Dulce acolhia, nos doentes que abra\u00e7ava, nas crian\u00e7as que encontrava abandonadas, tinha a capacidade de ver o rosto de Jesus&#8221;. \u201cSantificai em vossos cora\u00e7\u00f5es o Senhor Jesus Cristo, e estai sempre prontos a dar a raz\u00e3o da vossa esperan\u00e7a a todo aquele que vo-la pedir\u201d.&nbsp;Essa sugest\u00e3o do ap\u00f3stolo Pedro (1Pe 3,15)&nbsp;\u00e9&nbsp;uma&nbsp;<\/p>\n<p><a class=\"btn btn-style\" href=\"https:\/\/portalcatolico.net\/portal\/a-heranca-de-irma-dulce\/\">Continue Reading<\/a><\/p>\n","protected":false},"author":2,"featured_media":64595,"comment_status":"open","ping_status":"open","sticky":false,"template":"","format":"standard","meta":{"footnotes":""},"categories":[5],"tags":[],"class_list":["post-64594","post","type-post","status-publish","format-standard","has-post-thumbnail","hentry","category-igreja_no_mundo"],"_links":{"self":[{"href":"https:\/\/portalcatolico.net\/portal\/wp-json\/wp\/v2\/posts\/64594","targetHints":{"allow":["GET"]}}],"collection":[{"href":"https:\/\/portalcatolico.net\/portal\/wp-json\/wp\/v2\/posts"}],"about":[{"href":"https:\/\/portalcatolico.net\/portal\/wp-json\/wp\/v2\/types\/post"}],"author":[{"embeddable":true,"href":"https:\/\/portalcatolico.net\/portal\/wp-json\/wp\/v2\/users\/2"}],"replies":[{"embeddable":true,"href":"https:\/\/portalcatolico.net\/portal\/wp-json\/wp\/v2\/comments?post=64594"}],"version-history":[{"count":1,"href":"https:\/\/portalcatolico.net\/portal\/wp-json\/wp\/v2\/posts\/64594\/revisions"}],"predecessor-version":[{"id":64596,"href":"https:\/\/portalcatolico.net\/portal\/wp-json\/wp\/v2\/posts\/64594\/revisions\/64596"}],"wp:featuredmedia":[{"embeddable":true,"href":"https:\/\/portalcatolico.net\/portal\/wp-json\/wp\/v2\/media\/64595"}],"wp:attachment":[{"href":"https:\/\/portalcatolico.net\/portal\/wp-json\/wp\/v2\/media?parent=64594"}],"wp:term":[{"taxonomy":"category","embeddable":true,"href":"https:\/\/portalcatolico.net\/portal\/wp-json\/wp\/v2\/categories?post=64594"},{"taxonomy":"post_tag","embeddable":true,"href":"https:\/\/portalcatolico.net\/portal\/wp-json\/wp\/v2\/tags?post=64594"}],"curies":[{"name":"wp","href":"https:\/\/api.w.org\/{rel}","templated":true}]}}