{"id":64588,"date":"2019-05-18T18:39:54","date_gmt":"2019-05-18T21:39:54","guid":{"rendered":"http:\/\/portalcatolico.net\/portal\/?p=64588"},"modified":"2019-05-18T18:39:54","modified_gmt":"2019-05-18T21:39:54","slug":"capitulo-geral-da-ordem-dos-frades-conventuais","status":"publish","type":"post","link":"https:\/\/portalcatolico.net\/portal\/capitulo-geral-da-ordem-dos-frades-conventuais\/","title":{"rendered":"Cap\u00edtulo Geral da Ordem dos Frades Conventuais"},"content":{"rendered":"<div class=\"article__subTitle\">Tomar\u00e3o parte do Cap\u00edtulo Geral as Ordem dos Conventuais 100 delegados, representantes dos cerca de 4000 frades, 68 pa\u00edses, 608 comunidades, 28 prov\u00edncias, 20 cust\u00f3dias, 22 delega\u00e7\u00f5es e 7 miss\u00f5es.<\/div>\n<div>&nbsp;<\/div>\n<div class=\"title__separator\">\n<p>Os Frades Menores Conventuais se reunir\u00e3o em Assis, na It\u00e1lia, a partir de hoje, 18 de maio, at\u00e9 17 de junho pr\u00f3ximos, para seu 202\u00ba Cap\u00edtulo Geral Ordin\u00e1rio, que eleger\u00e1 o novo Ministro geral e o governo, que guiar\u00e3o a Ordem no pr\u00f3ximo sex\u00eanio.<\/p>\n<p>A primeira parte dos trabalhos se realizar\u00e1 em Assis, cidade de S\u00e3o Francisco; depois, os trabalhos continuar\u00e3o e se concluir\u00e3o em Collevalenza.<\/p>\n<p>Tomar\u00e3o parte do Cap\u00edtulo Geral as Ordem dos Conventuais, 100 delegados, representantes dos cerca de 4000 frades, 68 pa\u00edses, 608 comunidades, 28 prov\u00edncias, 20 cust\u00f3dias, 22 delega\u00e7\u00f5es e 7 miss\u00f5es.<\/p>\n<p><strong>Origem da Ordem<\/strong><\/p>\n<p>A fam\u00edlia dos Franciscanos Conventuais \u00e9 um ramo da Ordem religiosa, fundada por S\u00e3o Francisco, em Assis, em 22 de dezembro de 1209. Seu nome original era Ordem dos Frades Menores, \u00e0 qual, depois, foi acrescentado o t\u00edtulo de Conventuais. Mais tarde, foi feita uma reforma ao carisma deste ramo da Ordem Franciscana, dando origem aos Frades Franciscanos da Imaculada.<\/p>\n<p>O nome Conventual da Ordem surgiu entre 1249 e 1250 para identificar as Comunidades de frades que moravam em conventos, dedicados aos estudos e ao trabalho apost\u00f3lico em igrejas chamadas conventuais, que valorizavam intensamente a fraternidade desejada por S\u00e3o Francisco de Assis, como caracter\u00edstica da sua Ordem religiosa.<\/p>\n<p>Desde o in\u00edcio, a comunidade dos Frades Menores foi considerada uma verdadeira Ordem religiosa, caracterizada, por\u00e9m, por diversos elementos de grande novidade, em rela\u00e7\u00e3o ao estilo de vida dos religiosos da \u00e9poca: os monges.<\/p>\n<p><strong>Irm\u00e3os itinerantes<\/strong><\/p>\n<p>Seus membros, provenientes de todas as camadas da sociedade, tornavam-se irm\u00e3os, segundo o princ\u00edpio evang\u00e9lico da fraternidade. Os irm\u00e3os n\u00e3o viviam em mosteiros, mas eram itinerantes, detendo-se, \u00e0s vezes, em eremit\u00e9rios por breves per\u00edodos.<\/p>\n<p>Estes irm\u00e3os eram ligados entre si pela figura arrebatadora do fundador, Francisco de Assis. O esp\u00edrito franciscano e a unidade entre os frades eram assegurados pela Regra de Vida, escrita por S\u00e3o Francisco, pelo ele da obedi\u00eancia e por um sinal externo: o saio franciscano, de cor cinza.<\/p>\n<p>Duas vezes por ano, os Frades se reuniam em cap\u00edtulos para falar das coisas de Deus, para tomar decis\u00f5es acerca de seu estilo de vida e cultivar o elo de unidade e fraternidade.<\/p>\n<p><strong>Dificuldades e transforma\u00e7\u00f5es<\/strong><\/p>\n<p>Embora este fosse um estilo de vida fascinante, logo, por\u00e9m, come\u00e7aram a aparecer algumas dificuldades: o perigo da ociosidade; frades que perambulavam separados dos demais; a pobreza radical, que colocava os frades em situa\u00e7\u00f5es de extrema pen\u00faria; nenhum asilo para abrigar os irm\u00e3os enfermos e idosos.<\/p>\n<p>Por isso, nos \u00faltimos anos da vida de S\u00e3o Francisco de Assis (1220-26), a Ordem Franciscana passou por profundas transforma\u00e7\u00f5es, que o pr\u00f3prio Fundador aprovava e procurava harmonizar com o esp\u00edrito original da sua comunidade. Assim, come\u00e7aram a surgir outros elementos, que caracterizam a vida franciscana: os frades itinerantes se tornavam est\u00e1veis e moravam em conventos; os iletrados, como Santo Ant\u00f4nio e outros, tornaram-se estudiosos de teologia; o zelo pela prega\u00e7\u00e3o do Evangelho levou os frades a transferir seus conventos para as cidades e a se dedicarem ao trabalho pastoral; procuravam meios menos prec\u00e1rios de sustento com uma consequente administra\u00e7\u00e3o mais elaborada.<\/p>\n<p>Com estas transforma\u00e7\u00f5es, a fraternidade franciscana come\u00e7ou a contar com elementos que a levaram a adotar um estilo de vida conventual, como nova dimens\u00e3o de unidade e fraternidade.<\/p>\n<p>Com esta tend\u00eancia, concordavam Francisco de Assis, todos os membros de boa vontade da Ordem e a Igreja Cat\u00f3lica Romana.<\/p>\n<p>As fontes franciscanas, historicamente mais pr\u00f3ximas a S\u00e3o Francisco, demonstram que ele mesmo favoreceu tais mudan\u00e7as, embora certas fontes afirmassem o contr\u00e1rio.<\/p>\n<p>Por Manoel Tavares\/Vatican News<\/p>\n<\/div>\n<div class=\"article__text\">\n<p>&nbsp;<\/p>\n<\/div>\n","protected":false},"excerpt":{"rendered":"<p>Tomar\u00e3o parte do Cap\u00edtulo Geral as Ordem dos Conventuais 100 delegados, representantes dos cerca de 4000 frades, 68 pa\u00edses, 608 comunidades, 28 prov\u00edncias, 20 cust\u00f3dias, 22 delega\u00e7\u00f5es e 7 miss\u00f5es. &nbsp; Os Frades Menores Conventuais se reunir\u00e3o em Assis, na It\u00e1lia, a partir de hoje, 18 de maio, at\u00e9 17 de junho pr\u00f3ximos, para seu&nbsp;<\/p>\n<p><a class=\"btn btn-style\" href=\"https:\/\/portalcatolico.net\/portal\/capitulo-geral-da-ordem-dos-frades-conventuais\/\">Continue Reading<\/a><\/p>\n","protected":false},"author":2,"featured_media":64589,"comment_status":"open","ping_status":"open","sticky":false,"template":"","format":"standard","meta":{"footnotes":""},"categories":[5],"tags":[],"class_list":["post-64588","post","type-post","status-publish","format-standard","has-post-thumbnail","hentry","category-igreja_no_mundo"],"_links":{"self":[{"href":"https:\/\/portalcatolico.net\/portal\/wp-json\/wp\/v2\/posts\/64588","targetHints":{"allow":["GET"]}}],"collection":[{"href":"https:\/\/portalcatolico.net\/portal\/wp-json\/wp\/v2\/posts"}],"about":[{"href":"https:\/\/portalcatolico.net\/portal\/wp-json\/wp\/v2\/types\/post"}],"author":[{"embeddable":true,"href":"https:\/\/portalcatolico.net\/portal\/wp-json\/wp\/v2\/users\/2"}],"replies":[{"embeddable":true,"href":"https:\/\/portalcatolico.net\/portal\/wp-json\/wp\/v2\/comments?post=64588"}],"version-history":[{"count":1,"href":"https:\/\/portalcatolico.net\/portal\/wp-json\/wp\/v2\/posts\/64588\/revisions"}],"predecessor-version":[{"id":64590,"href":"https:\/\/portalcatolico.net\/portal\/wp-json\/wp\/v2\/posts\/64588\/revisions\/64590"}],"wp:featuredmedia":[{"embeddable":true,"href":"https:\/\/portalcatolico.net\/portal\/wp-json\/wp\/v2\/media\/64589"}],"wp:attachment":[{"href":"https:\/\/portalcatolico.net\/portal\/wp-json\/wp\/v2\/media?parent=64588"}],"wp:term":[{"taxonomy":"category","embeddable":true,"href":"https:\/\/portalcatolico.net\/portal\/wp-json\/wp\/v2\/categories?post=64588"},{"taxonomy":"post_tag","embeddable":true,"href":"https:\/\/portalcatolico.net\/portal\/wp-json\/wp\/v2\/tags?post=64588"}],"curies":[{"name":"wp","href":"https:\/\/api.w.org\/{rel}","templated":true}]}}