{"id":64575,"date":"2019-05-18T07:54:05","date_gmt":"2019-05-18T10:54:05","guid":{"rendered":"http:\/\/portalcatolico.net\/portal\/?p=64575"},"modified":"2019-05-18T07:55:44","modified_gmt":"2019-05-18T10:55:44","slug":"oracao-a-santa-rita-de-cassia-por-uma-causa-impossivel","status":"publish","type":"post","link":"https:\/\/portalcatolico.net\/portal\/oracao-a-santa-rita-de-cassia-por-uma-causa-impossivel\/","title":{"rendered":"Ora\u00e7\u00e3o a santa Rita de C\u00e1ssia por uma causa imposs\u00edvel"},"content":{"rendered":"<p class=\"subtitle\">Descubra por que ela \u00e9 a santa das causas imposs\u00edveis e pe\u00e7a com f\u00e9 sua intercess\u00e3o<\/p>\n<div class=\"base-post-content\">\n<p>Imediatamente ap\u00f3s sua morte, Santa Rita de C\u00e1ssia j\u00e1 era venerada como protetora contra a peste, provavelmente pelo fato de ter se dedicado em vida ao cuidado dos enfermos de peste, sem contrair jamais a doen\u00e7a. Este foi o principal motivo pelo qual era come\u00e7ou a ser conhecida como a Santa das Causas Imposs\u00edveis.<strong>Ora\u00e7\u00e3o a Santa Rita por uma causa imposs\u00edvel<\/strong><\/p>\n<p>\u00d3 poderosa e gloriosa Santa Rita chamada Santa das causas imposs\u00edveis, advogada dos casos desesperados, auxiliadora da \u00faltima hora, ref\u00fagio e abrigo da dor que arrasta para o abismo do pecado e da desesperan\u00e7a, com toda a confian\u00e7a em vosso poder junto ao Cora\u00e7\u00e3o Sagrado de Jesus, a v\u00f3s recorro no caso dif\u00edcil e imprevisto, que dolorosamente oprime o meu cora\u00e7\u00e3o.<\/p>\n<p>(<strong>Fa\u00e7a seu pedido<\/strong>)<\/p>\n<p>Alcan\u00e7ai&nbsp;a gra\u00e7a que desejo, pois sendo-me necess\u00e1ria, eu a quero. Apresentada por v\u00f3s a minha ora\u00e7\u00e3o, o meu pedido, por v\u00f3s que sois t\u00e3o amada por Deus, certamente ser\u00e1 atendido. Dizei a Nosso Senhor que me valerei da gra\u00e7a para melhorar a minha vida e os meus costumes e para cantar na Terra e no C\u00e9u a Divina Miseric\u00f3rdia.<\/p>\n<p>Santa Rita das causas imposs\u00edveis, intercedei por n\u00f3s! Am\u00e9m.<\/p>\n<\/div>\n","protected":false},"excerpt":{"rendered":"<p>Descubra por que ela \u00e9 a santa das causas imposs\u00edveis e pe\u00e7a com f\u00e9 sua intercess\u00e3o Imediatamente ap\u00f3s sua morte, Santa Rita de C\u00e1ssia j\u00e1 era venerada como protetora contra a peste, provavelmente pelo fato de ter se dedicado em vida ao cuidado dos enfermos de peste, sem contrair jamais a doen\u00e7a. Este foi o&nbsp;<\/p>\n<p><a class=\"btn btn-style\" href=\"https:\/\/portalcatolico.net\/portal\/oracao-a-santa-rita-de-cassia-por-uma-causa-impossivel\/\">Continue Reading<\/a><\/p>\n","protected":false},"author":2,"featured_media":64546,"comment_status":"open","ping_status":"open","sticky":false,"template":"","format":"standard","meta":{"footnotes":""},"categories":[69],"tags":[],"class_list":["post-64575","post","type-post","status-publish","format-standard","has-post-thumbnail","hentry","category-artigos"],"_links":{"self":[{"href":"https:\/\/portalcatolico.net\/portal\/wp-json\/wp\/v2\/posts\/64575","targetHints":{"allow":["GET"]}}],"collection":[{"href":"https:\/\/portalcatolico.net\/portal\/wp-json\/wp\/v2\/posts"}],"about":[{"href":"https:\/\/portalcatolico.net\/portal\/wp-json\/wp\/v2\/types\/post"}],"author":[{"embeddable":true,"href":"https:\/\/portalcatolico.net\/portal\/wp-json\/wp\/v2\/users\/2"}],"replies":[{"embeddable":true,"href":"https:\/\/portalcatolico.net\/portal\/wp-json\/wp\/v2\/comments?post=64575"}],"version-history":[{"count":2,"href":"https:\/\/portalcatolico.net\/portal\/wp-json\/wp\/v2\/posts\/64575\/revisions"}],"predecessor-version":[{"id":64578,"href":"https:\/\/portalcatolico.net\/portal\/wp-json\/wp\/v2\/posts\/64575\/revisions\/64578"}],"wp:featuredmedia":[{"embeddable":true,"href":"https:\/\/portalcatolico.net\/portal\/wp-json\/wp\/v2\/media\/64546"}],"wp:attachment":[{"href":"https:\/\/portalcatolico.net\/portal\/wp-json\/wp\/v2\/media?parent=64575"}],"wp:term":[{"taxonomy":"category","embeddable":true,"href":"https:\/\/portalcatolico.net\/portal\/wp-json\/wp\/v2\/categories?post=64575"},{"taxonomy":"post_tag","embeddable":true,"href":"https:\/\/portalcatolico.net\/portal\/wp-json\/wp\/v2\/tags?post=64575"}],"curies":[{"name":"wp","href":"https:\/\/api.w.org\/{rel}","templated":true}]}}