{"id":64475,"date":"2019-05-11T23:09:39","date_gmt":"2019-05-12T02:09:39","guid":{"rendered":"http:\/\/portalcatolico.net\/portal\/?p=64475"},"modified":"2019-05-12T06:23:44","modified_gmt":"2019-05-12T09:23:44","slug":"continua-em-itabuna-o-novenario-em-honra-a-nossa-senhora-de-fatima","status":"publish","type":"post","link":"https:\/\/portalcatolico.net\/portal\/continua-em-itabuna-o-novenario-em-honra-a-nossa-senhora-de-fatima\/","title":{"rendered":"Continua em Itabuna, o Noven\u00e1rio em honra \u00e0 Nossa Senhora de F\u00e1tima"},"content":{"rendered":"<div dir=\"auto\">Com o subtema: &#8220;Juventude e sua a\u00e7\u00e3o transformadora na Igreja e no&nbsp;mundo&#8221;, neste s\u00e1bado, 11 de maio, foi realizada a oitava noite dos preparativos para o grande dia da&nbsp;&nbsp;festa de Nossa Senhora de F\u00e1tima em Itabuna (BA), que acontece nesta segunda-feira, 13 de maio.<\/div>\n<div dir=\"auto\"><img loading=\"lazy\" decoding=\"async\" class=\"alignnone wp-image-64477\" src=\"http:\/\/portalcatolico.net\/portal\/wp-content\/uploads\/2019\/05\/sem-t\u00edtulo-3-300x225.jpg\" alt=\"\" width=\"739\" height=\"554\" srcset=\"https:\/\/portalcatolico.net\/portal\/wp-content\/uploads\/2019\/05\/sem-t\u00edtulo-3-300x225.jpg 300w, https:\/\/portalcatolico.net\/portal\/wp-content\/uploads\/2019\/05\/sem-t\u00edtulo-3-768x576.jpg 768w, https:\/\/portalcatolico.net\/portal\/wp-content\/uploads\/2019\/05\/sem-t\u00edtulo-3-1024x768.jpg 1024w, https:\/\/portalcatolico.net\/portal\/wp-content\/uploads\/2019\/05\/sem-t\u00edtulo-3.jpg 2000w\" sizes=\"auto, (max-width: 739px) 100vw, 739px\" \/><\/div>\n<div dir=\"auto\">&nbsp;<\/div>\n<div dir=\"auto\">Os convidados da noite foram os paroquianos da Par\u00f3quia Nossa Senhora&nbsp;da Piedade. Os respons\u00e1veis pela liturgia foram o Setor Juventude e a&nbsp;Comunidade S\u00e3o Jo\u00e3o Batista.<\/div>\n<div dir=\"auto\">Para refletir o tema citado acima foi convidado&nbsp; especial foi Pe. o&nbsp;&nbsp;Frei Ivanilton Oliveira, p\u00e1roco da Par\u00f3quia Nossa Senhora da Piedade , situada no bairro Maria Pinheiro.&nbsp;<\/div>\n<div dir=\"auto\">&nbsp;<\/div>\n<div dir=\"auto\">&#8220;O crist\u00e3o \u00e9 verdadeiro n\u00e3o quando ele fala mas quando ele vive. Se voc\u00ea diz que ama a Deus sobre todas as coisas e n\u00e3o vai \u00e0 missa, reze pra n\u00e3o morrer&#8221;, brincou o padre durante a homilia.<\/div>\n<div dir=\"auto\">A novena teve in\u00edcio \u00e0s 18h, com o santo of\u00edcio. \u00c0s 19h, teve celebra\u00e7\u00e3o com a participa\u00e7\u00e3o do di\u00e1cono permanente da diocese, o Jos\u00e9 Ara\u00fajo.<\/div>\n<div dir=\"auto\">\u00c0s 21h, teve quermesse e anima\u00e7\u00e3o&nbsp;&nbsp; com a participa\u00e7\u00e3o do Minist\u00e9rio de&nbsp;m\u00fasica da par\u00f3quia e convidados.<\/div>\n<div dir=\"auto\">&nbsp;<\/div>\n<div dir=\"auto\">A 9\u00aa noite acontece neste domingo, com duas celebra\u00e7\u00f5es, sendo \u00e0s 7h e \u00e0s 19h, com o Subtema: &#8220;Maria, m\u00e3e da igreja e das fam\u00edlias&#8221;.<\/div>\n<div dir=\"auto\">Convidado: Dom Ceslau Stanula, Bispo em\u00e9rito da diocese de Itabuna.<\/div>\n<div dir=\"auto\">Respons\u00e1veis: os membros da&nbsp; Legi\u00e3o de Maria (Adulto e Juvenil), Congrega\u00e7\u00e3o Mariana, Comunidade N. S. do Carmo e M\u00e3e Rainha.<\/div>\n<div dir=\"auto\"><img loading=\"lazy\" decoding=\"async\" class=\"size-medium wp-image-64478 alignleft\" src=\"http:\/\/portalcatolico.net\/portal\/wp-content\/uploads\/2019\/05\/sem-t\u00edtulo-29-300x225.jpg\" alt=\"\" width=\"300\" height=\"225\" srcset=\"https:\/\/portalcatolico.net\/portal\/wp-content\/uploads\/2019\/05\/sem-t\u00edtulo-29-300x225.jpg 300w, https:\/\/portalcatolico.net\/portal\/wp-content\/uploads\/2019\/05\/sem-t\u00edtulo-29-768x576.jpg 768w, https:\/\/portalcatolico.net\/portal\/wp-content\/uploads\/2019\/05\/sem-t\u00edtulo-29-1024x768.jpg 1024w, https:\/\/portalcatolico.net\/portal\/wp-content\/uploads\/2019\/05\/sem-t\u00edtulo-29.jpg 2000w\" sizes=\"auto, (max-width: 300px) 100vw, 300px\" \/><\/div>\n<div dir=\"auto\">&nbsp;<\/div>\n<div dir=\"auto\">A missa festiva acontece segunda-feira,dia dedicado \u00e0 Nossa Senhora de&nbsp;F\u00e1tima, padroeira do bairro que tem seu nome em sua homenagem.<\/div>\n<div dir=\"auto\">\u00c0s 5h30 ter\u00e1 Alvorada; \u00e0s 19h, ter\u00e1 Missa Solene. E em seguida, prociss\u00e3o com a imagem da danta pelas principais ruas do bairro.<\/div>\n<div dir=\"auto\">Respons\u00e1veis pela liturgia: os membros da Comiss\u00e3o da festa e a Pastoral&nbsp;da Liturgia.<\/div>\n<div dir=\"auto\">A celebra\u00e7\u00e3o Eucar\u00edstica tem a presid\u00eancia&nbsp; de Dom Carlos Alberto dos&nbsp;Santos&nbsp; bispo da Diocese de Itabuna e concelebra\u00e7\u00e3o pelo p\u00e1roco da igreja&nbsp;matriz de F\u00e1tima e vig\u00e1rio geral da diocese, o Pe. Nicolau Klak, al\u00e9m de padres e di\u00e1conos convidados.<\/div>\n<div dir=\"auto\">A festa da padroeira faz parte da miss\u00e3o de evangelizar e anunciar a boa nova de Jesus Cristo!<\/div>\n<div dir=\"auto\">&nbsp;<\/div>\n<div dir=\"auto\">Fotos:Acervo\/Portal Cat\u00f3lico.Confira <a href=\"https:\/\/www.facebook.com\/portalcatolicooficial\/\"><strong>AQUI<\/strong><\/a><\/div>\n<div dir=\"auto\">&nbsp;<\/div>\n<div dir=\"auto\">Texto:Reda\u00e7\u00e3o\/Portal Cat\u00f3lico<\/div>\n<div dir=\"auto\">&nbsp;<\/div>\n<div dir=\"auto\"><strong>Assista os videos: <a href=\"http:\/\/portalcatolico.net\/portal\/videos\/\">Clique&nbsp; aqui<\/a> e confita!<\/strong><\/div>\n<div dir=\"auto\">&nbsp;<\/div>\n<div dir=\"auto\">&nbsp;<\/div>\n","protected":false},"excerpt":{"rendered":"<p>Com o subtema: &#8220;Juventude e sua a\u00e7\u00e3o transformadora na Igreja e no&nbsp;mundo&#8221;, neste s\u00e1bado, 11 de maio, foi realizada a oitava noite dos preparativos para o grande dia da&nbsp;&nbsp;festa de Nossa Senhora de F\u00e1tima em Itabuna (BA), que acontece nesta segunda-feira, 13 de maio. &nbsp; Os convidados da noite foram os paroquianos da Par\u00f3quia Nossa&nbsp;<\/p>\n<p><a class=\"btn btn-style\" href=\"https:\/\/portalcatolico.net\/portal\/continua-em-itabuna-o-novenario-em-honra-a-nossa-senhora-de-fatima\/\">Continue Reading<\/a><\/p>\n","protected":false},"author":2,"featured_media":64476,"comment_status":"open","ping_status":"open","sticky":false,"template":"","format":"standard","meta":{"footnotes":""},"categories":[68],"tags":[],"class_list":["post-64475","post","type-post","status-publish","format-standard","has-post-thumbnail","hentry","category-homilias"],"_links":{"self":[{"href":"https:\/\/portalcatolico.net\/portal\/wp-json\/wp\/v2\/posts\/64475","targetHints":{"allow":["GET"]}}],"collection":[{"href":"https:\/\/portalcatolico.net\/portal\/wp-json\/wp\/v2\/posts"}],"about":[{"href":"https:\/\/portalcatolico.net\/portal\/wp-json\/wp\/v2\/types\/post"}],"author":[{"embeddable":true,"href":"https:\/\/portalcatolico.net\/portal\/wp-json\/wp\/v2\/users\/2"}],"replies":[{"embeddable":true,"href":"https:\/\/portalcatolico.net\/portal\/wp-json\/wp\/v2\/comments?post=64475"}],"version-history":[{"count":4,"href":"https:\/\/portalcatolico.net\/portal\/wp-json\/wp\/v2\/posts\/64475\/revisions"}],"predecessor-version":[{"id":64482,"href":"https:\/\/portalcatolico.net\/portal\/wp-json\/wp\/v2\/posts\/64475\/revisions\/64482"}],"wp:featuredmedia":[{"embeddable":true,"href":"https:\/\/portalcatolico.net\/portal\/wp-json\/wp\/v2\/media\/64476"}],"wp:attachment":[{"href":"https:\/\/portalcatolico.net\/portal\/wp-json\/wp\/v2\/media?parent=64475"}],"wp:term":[{"taxonomy":"category","embeddable":true,"href":"https:\/\/portalcatolico.net\/portal\/wp-json\/wp\/v2\/categories?post=64475"},{"taxonomy":"post_tag","embeddable":true,"href":"https:\/\/portalcatolico.net\/portal\/wp-json\/wp\/v2\/tags?post=64475"}],"curies":[{"name":"wp","href":"https:\/\/api.w.org\/{rel}","templated":true}]}}