{"id":64472,"date":"2019-05-12T00:08:47","date_gmt":"2019-05-12T03:08:47","guid":{"rendered":"http:\/\/portalcatolico.net\/portal\/?p=64472"},"modified":"2019-05-11T16:09:10","modified_gmt":"2019-05-11T19:09:10","slug":"dia-das-maes-por-que-nao-dia-do-amor-dia-do-afeto-dia-da-bondade","status":"publish","type":"post","link":"https:\/\/portalcatolico.net\/portal\/dia-das-maes-por-que-nao-dia-do-amor-dia-do-afeto-dia-da-bondade\/","title":{"rendered":"Dia das M\u00e3es! Por que n\u00e3o Dia do Amor, Dia do Afeto, Dia da Bondade?"},"content":{"rendered":"<p>Existe o Dia do Amor, Dia do Afeto, Dia da Bondade, Dia da Miseric\u00f3rdia?&nbsp;<br \/>\nSinceramente, no mundo de hoje, quando se decretou uma prolifera\u00e7\u00e3o de &#8220;dias&#8221; para cada coisa, profiss\u00e3o, institui\u00e7\u00e3o, pessoas, eu n\u00e3o conhe\u00e7o.<\/p>\n<p>Talvez seja por isso mesmo que foi institu\u00eddo o Dia das M\u00e3es&#8230;<\/p>\n<p>Pois, na verdade, a pessoa que \u00e9 Amor, que distribui Carinho e Afeto, que \u00e9 fonte de Bondade e Miseric\u00f3rdia e que ainda nos deu a vida \u00e9 uma s\u00f3.<\/p>\n<p>Ela \u00e9 expressa por uma palavra que, tendo um especial significado, anuncia e resume estas virtudes em uma s\u00f3 pessoa: M\u00e3e!<\/p>\n<p>Uma s\u00f3 pessoa, pois, a palavra fam\u00edlia indica uma pluralidade de pessoas e&nbsp;<br \/>\nM\u00e3e \u00e9 a quintess\u00eancia da fam\u00edlia, porque \u00e9 a quintess\u00eancia do amor, a quintess\u00eancia do afeto; e, nessas condi\u00e7\u00f5es, a quintess\u00eancia da bondade e da miseric\u00f3rdia.<\/p>\n<p>Dentro da fam\u00edlia, a alma da crian\u00e7a, em contato com a M\u00e3e, come\u00e7a a compreender o que \u00e9 a bondade que n\u00e3o se cansa, o que \u00e9 a gra\u00e7a, o favor, o amor que n\u00e3o se exaure.<\/p>\n<p>Nessa vivencia com a M\u00e3e a crian\u00e7a come\u00e7a a compreender tamb\u00e9m aquela forma de afeto materno que inclina a m\u00e3e a jamais achar tedioso estar com o filho.<\/p>\n<p>Para a M\u00e3e, carregar seu filho nos bra\u00e7os, brincar com ele, solt\u00e1-lo no ch\u00e3o, v\u00ea-lo correr de um lado para outro, ser importunada por ele incont\u00e1veis vezes durante o dia com perguntinhas, com brinquedinhos, para a boa m\u00e3e, nisto est\u00e1 e nisso consiste a alegria da vida.<\/p>\n<p>E, se algu\u00e9m, no come\u00e7o de sua exist\u00eancia, percebe o que \u00e9 a alegria de ter uma boa m\u00e3e, essa pessoa compreende que a vida na Terra pode ser muito dif\u00edcil; mas, enquanto conservar em seu cora\u00e7\u00e3o a recorda\u00e7\u00e3o de sua m\u00e3e, guardar\u00e1 tamb\u00e9m a lembran\u00e7a e a saudade do para\u00edso em que vivia quando estava em comunica\u00e7\u00e3o com ela.<\/p>\n<p>A boa M\u00e3e \u00e9 a \u00fanica lembran\u00e7a paradis\u00edaca que nos resta da inf\u00e2ncia. Retendo essa recorda\u00e7\u00e3o, a pessoa mant\u00e9m a esperan\u00e7a do Para\u00edso Celeste, onde a boa M\u00e3e vai nos receber.<\/p>\n<p><img loading=\"lazy\" decoding=\"async\" class=\"aligncenter\" title=\"Dia das M\u00e3es. Por que n\u00e3o Dia do Amor, Dia do Afeto, Dia da Bondade.jpg\" src=\"https:\/\/www.gaudiumpress.org\/resource\/view?id=165783&amp;size=2\" alt=\"Dia das M\u00e3es. Por que n\u00e3o Dia do Amor, Dia do Afeto, Dia da Bondade.jpg\" width=\"380\" height=\"500\"><\/p>\n<p>Maria, a M\u00e3e das M\u00e3es, \u00e9 para quem me remete quando imagino que Deus, admirando tudo o que Ele criou, viu que a M\u00e3e era a melhor e mais bela de todas criaturas. E por isso mesmo, Ele quis criar uma para Si&#8230;<\/p>\n<p>Que a criatura mais bela, M\u00e3e de Cristo meu Senhor, acompanhe e aben\u00e7oe todas M\u00e3es e d\u00ea a elas a certeza de que, em todos os dias, elas s\u00e3o o para\u00edso para dos filhos.<\/p>\n<p>Que Ela d\u00ea tamb\u00e9m a elas a certeza de que \u00e9 por isso mesmo que n\u00e3o h\u00e1 necessidade de ter Dia do Amor, Dia do Afeto, Dia da Bondade, Dia da Miseric\u00f3rdia:&nbsp;<br \/>\nJ\u00e1 existe o Dia das M\u00e3es&#8230;(Gaudiumpress)<\/p>\n","protected":false},"excerpt":{"rendered":"<p>Existe o Dia do Amor, Dia do Afeto, Dia da Bondade, Dia da Miseric\u00f3rdia?&nbsp; Sinceramente, no mundo de hoje, quando se decretou uma prolifera\u00e7\u00e3o de &#8220;dias&#8221; para cada coisa, profiss\u00e3o, institui\u00e7\u00e3o, pessoas, eu n\u00e3o conhe\u00e7o. Talvez seja por isso mesmo que foi institu\u00eddo o Dia das M\u00e3es&#8230; Pois, na verdade, a pessoa que \u00e9 Amor,&nbsp;<\/p>\n<p><a class=\"btn btn-style\" href=\"https:\/\/portalcatolico.net\/portal\/dia-das-maes-por-que-nao-dia-do-amor-dia-do-afeto-dia-da-bondade\/\">Continue Reading<\/a><\/p>\n","protected":false},"author":2,"featured_media":64473,"comment_status":"open","ping_status":"open","sticky":false,"template":"","format":"standard","meta":{"footnotes":""},"categories":[69],"tags":[],"class_list":["post-64472","post","type-post","status-publish","format-standard","has-post-thumbnail","hentry","category-artigos"],"_links":{"self":[{"href":"https:\/\/portalcatolico.net\/portal\/wp-json\/wp\/v2\/posts\/64472","targetHints":{"allow":["GET"]}}],"collection":[{"href":"https:\/\/portalcatolico.net\/portal\/wp-json\/wp\/v2\/posts"}],"about":[{"href":"https:\/\/portalcatolico.net\/portal\/wp-json\/wp\/v2\/types\/post"}],"author":[{"embeddable":true,"href":"https:\/\/portalcatolico.net\/portal\/wp-json\/wp\/v2\/users\/2"}],"replies":[{"embeddable":true,"href":"https:\/\/portalcatolico.net\/portal\/wp-json\/wp\/v2\/comments?post=64472"}],"version-history":[{"count":1,"href":"https:\/\/portalcatolico.net\/portal\/wp-json\/wp\/v2\/posts\/64472\/revisions"}],"predecessor-version":[{"id":64474,"href":"https:\/\/portalcatolico.net\/portal\/wp-json\/wp\/v2\/posts\/64472\/revisions\/64474"}],"wp:featuredmedia":[{"embeddable":true,"href":"https:\/\/portalcatolico.net\/portal\/wp-json\/wp\/v2\/media\/64473"}],"wp:attachment":[{"href":"https:\/\/portalcatolico.net\/portal\/wp-json\/wp\/v2\/media?parent=64472"}],"wp:term":[{"taxonomy":"category","embeddable":true,"href":"https:\/\/portalcatolico.net\/portal\/wp-json\/wp\/v2\/categories?post=64472"},{"taxonomy":"post_tag","embeddable":true,"href":"https:\/\/portalcatolico.net\/portal\/wp-json\/wp\/v2\/tags?post=64472"}],"curies":[{"name":"wp","href":"https:\/\/api.w.org\/{rel}","templated":true}]}}