{"id":64469,"date":"2019-05-11T15:13:06","date_gmt":"2019-05-11T18:13:06","guid":{"rendered":"http:\/\/portalcatolico.net\/portal\/?p=64469"},"modified":"2019-05-11T15:13:06","modified_gmt":"2019-05-11T18:13:06","slug":"sao-joao-paulo-ii-consagrou-a-russia-ao-imaculado-coracao-de-maria","status":"publish","type":"post","link":"https:\/\/portalcatolico.net\/portal\/sao-joao-paulo-ii-consagrou-a-russia-ao-imaculado-coracao-de-maria\/","title":{"rendered":"S\u00e3o Jo\u00e3o Paulo II consagrou a R\u00fassia ao Imaculado Cora\u00e7\u00e3o de Maria?"},"content":{"rendered":"<p>Depois de ler a terceira parte do segredo de F\u00e1tima, S\u00e3o Jo\u00e3o Paulo II decidiu viajar a Portugal no dia 13 de maio de 1982 e consagrar n\u00e3o s\u00f3 a R\u00fassia, mas tamb\u00e9m o mundo inteiro ao Imaculado Cora\u00e7\u00e3o de Maria.<\/p>\n<p>Este ato, entretanto, n\u00e3o satisfez a consagra\u00e7\u00e3o solicitada pela&nbsp;Virgem Maria&nbsp;\u2013 pois tamb\u00e9m deviam participar os&nbsp;bispos&nbsp;de todo o mundo. Portanto, \u201cem 25 de mar\u00e7o de 1984, na Pra\u00e7a de S\u00e3o Pedro, recordando o mandato pronunciado por Maria, o Santo Padre em uni\u00e3o espiritual com os bispos do mundo, confiou todos os homens e mulheres e todos os povos ao Imaculado Cora\u00e7\u00e3o de Maria\u201d. (Cardeal Tarc\u00edsio Bertone)<\/p>\n<p>\u201cA Irm\u00e3 L\u00facia confirmou pessoalmente que este ato solene e universal de consagra\u00e7\u00e3o correspondia aos desejos de Nossa Senhora (\u2018Sim, desde 25 de mar\u00e7o de 1984\u2019: carta de 8 de novembro de 1989). Portanto, toda discuss\u00e3o, assim como outro pedido ulterior, carece de fundamento\u201d. (Cardeal Tarc\u00edsio Bertone)<\/p>\n<p><strong>F\u00e1tima e a queda do comunismo russo<\/strong><\/p>\n<p>O ano de 1917 foi um per\u00edodo agitado para a R\u00fassia. Al\u00e9m de combater na Primeira Guerra Mundial, o pa\u00eds esteve em duas guerras civis conhecidas como a Revolu\u00e7\u00e3o de Fevereiro e a Revolu\u00e7\u00e3o de Outubro.<\/p>\n<p>A primeira conduziu \u00e0 cria\u00e7\u00e3o de um governo provis\u00f3rio que resultou inst\u00e1vel. Depois, nos dias 24 e 25 de outubro, quase duas semanas depois da \u00faltima apari\u00e7\u00e3o da Virgem de F\u00e1tima, a segunda revolu\u00e7\u00e3o teve como consequ\u00eancia a cria\u00e7\u00e3o da Uni\u00e3o Sovi\u00e9tica.<\/p>\n<p>Nos anos seguintes, a R\u00fassia ampliou sua esfera de influ\u00eancia exportando sua ideologia comunista a v\u00e1rios pa\u00edses e martirizou um grande n\u00famero de crist\u00e3os.<\/p>\n<p>Depois da consagra\u00e7\u00e3o realizada na Pra\u00e7a de S\u00e3o Pedro em 1984, derrubou-se em primeiro lugar o bloco sovi\u00e9tico em 1989 e logo depois a pr\u00f3pria Uni\u00e3o de Rep\u00fablicas Socialistas Sovi\u00e9ticas (URSS), devido a diversos fatores sociais, pol\u00edticos e econ\u00f4micos.<\/p>\n<p>O pr\u00f3prio Papa S\u00e3o Jo\u00e3o Paulo assinalou:<\/p>\n<p>\u201cE o que diremos das tr\u00eas crian\u00e7as de F\u00e1tima que, de repente, na v\u00e9spera do estalo da Revolu\u00e7\u00e3o de Outubro escutaram: \u2018R\u00fassia se converter\u00e1\u2019 e \u2018ao final, meu [Imaculado] Cora\u00e7\u00e3o triunfar\u00e1\u2019? Eles n\u00e3o puderam inventar tais predi\u00e7\u00f5es porque n\u00e3o sabiam o suficiente a respeito de hist\u00f3ria ou geografia, e muito menos dos movimentos sociais e a evolu\u00e7\u00e3o ideol\u00f3gica e, entretanto, aconteceu tal como haviam dito\u201d. (Cruzando o Limiar da Esperan\u00e7a, p\u00e1gina 131)<\/p>\n<p>Embora n\u00e3o tenha revelado a terceira parte do segredo at\u00e9 o ano 2000, seis anos antes S\u00e3o Jo\u00e3o Paulo II fez alus\u00e3o a seu conte\u00fado. Imediatamente depois meditou sobre a queda do comunismo relacionando-o com F\u00e1tima e escreveu:<\/p>\n<p>\u201cTalvez este seja o motivo pelo qual o Papa tenha sido chamado de um \u2018pa\u00eds long\u00ednquo\u2019, talvez porque era necess\u00e1rio que a tentativa de assassinato acontecesse na Pra\u00e7a de S\u00e3o Pedro, precisamente em 13 de maio de 1981, no anivers\u00e1rio da primeira apari\u00e7\u00e3o em F\u00e1tima, de modo que tudo poderia ser mais transparente e compreens\u00edvel, para que a voz de Deus que fala na hist\u00f3ria humana atrav\u00e9s dos \u2018sinais dos tempos\u2019 pudesse ser mais facilmente aud\u00edvel e compreens\u00edvel\u201d.&nbsp; (Cruzando o Limiar da Esperan\u00e7a, p\u00e1ginas 131-132)<\/p>\n<p>Para o ano 2000, o Santo Padre se sentiu capaz de revelar a parte final do segredo de F\u00e1tima, pois \u201cos acontecimentos aos quais a terceira parte do \u2018segredo\u2019 de F\u00e1tima se referia parecem agora que fazem parte do passado\u201d, disse o ent\u00e3o secret\u00e1rio de Estado do Vaticano, Cardeal Angelo Sodano.<\/p>\n<p>O Pont\u00edfice escolheu a beatifica\u00e7\u00e3o de Jacinta e Francisco para o dia 13 de maio de 2000, em Portugal, como ocasi\u00e3o para anunciar este acontecimento.(ACI Digital)<\/p>\n<p>Pra\u00e7a Vermelha na R\u00fassia e Jo\u00e3o Paulo II \/ pixin.net (CC-BY-SA-3.0) \/ Flickr Dennis Jarvis (CC-BY-SA-2.0)<\/p>\n","protected":false},"excerpt":{"rendered":"<p>Depois de ler a terceira parte do segredo de F\u00e1tima, S\u00e3o Jo\u00e3o Paulo II decidiu viajar a Portugal no dia 13 de maio de 1982 e consagrar n\u00e3o s\u00f3 a R\u00fassia, mas tamb\u00e9m o mundo inteiro ao Imaculado Cora\u00e7\u00e3o de Maria. Este ato, entretanto, n\u00e3o satisfez a consagra\u00e7\u00e3o solicitada pela&nbsp;Virgem Maria&nbsp;\u2013 pois tamb\u00e9m deviam participar&nbsp;<\/p>\n<p><a class=\"btn btn-style\" href=\"https:\/\/portalcatolico.net\/portal\/sao-joao-paulo-ii-consagrou-a-russia-ao-imaculado-coracao-de-maria\/\">Continue Reading<\/a><\/p>\n","protected":false},"author":2,"featured_media":64470,"comment_status":"open","ping_status":"open","sticky":false,"template":"","format":"standard","meta":{"footnotes":""},"categories":[5],"tags":[],"class_list":["post-64469","post","type-post","status-publish","format-standard","has-post-thumbnail","hentry","category-igreja_no_mundo"],"_links":{"self":[{"href":"https:\/\/portalcatolico.net\/portal\/wp-json\/wp\/v2\/posts\/64469","targetHints":{"allow":["GET"]}}],"collection":[{"href":"https:\/\/portalcatolico.net\/portal\/wp-json\/wp\/v2\/posts"}],"about":[{"href":"https:\/\/portalcatolico.net\/portal\/wp-json\/wp\/v2\/types\/post"}],"author":[{"embeddable":true,"href":"https:\/\/portalcatolico.net\/portal\/wp-json\/wp\/v2\/users\/2"}],"replies":[{"embeddable":true,"href":"https:\/\/portalcatolico.net\/portal\/wp-json\/wp\/v2\/comments?post=64469"}],"version-history":[{"count":1,"href":"https:\/\/portalcatolico.net\/portal\/wp-json\/wp\/v2\/posts\/64469\/revisions"}],"predecessor-version":[{"id":64471,"href":"https:\/\/portalcatolico.net\/portal\/wp-json\/wp\/v2\/posts\/64469\/revisions\/64471"}],"wp:featuredmedia":[{"embeddable":true,"href":"https:\/\/portalcatolico.net\/portal\/wp-json\/wp\/v2\/media\/64470"}],"wp:attachment":[{"href":"https:\/\/portalcatolico.net\/portal\/wp-json\/wp\/v2\/media?parent=64469"}],"wp:term":[{"taxonomy":"category","embeddable":true,"href":"https:\/\/portalcatolico.net\/portal\/wp-json\/wp\/v2\/categories?post=64469"},{"taxonomy":"post_tag","embeddable":true,"href":"https:\/\/portalcatolico.net\/portal\/wp-json\/wp\/v2\/tags?post=64469"}],"curies":[{"name":"wp","href":"https:\/\/api.w.org\/{rel}","templated":true}]}}