{"id":64462,"date":"2019-05-10T22:13:32","date_gmt":"2019-05-11T01:13:32","guid":{"rendered":"http:\/\/portalcatolico.net\/portal\/?p=64462"},"modified":"2019-05-10T22:19:15","modified_gmt":"2019-05-11T01:19:15","slug":"cnbb-recebe-nova-presidencia-durante-o-encerramento-da-57a-assembleia-geral-dos-bispos-do-brasil","status":"publish","type":"post","link":"https:\/\/portalcatolico.net\/portal\/cnbb-recebe-nova-presidencia-durante-o-encerramento-da-57a-assembleia-geral-dos-bispos-do-brasil\/","title":{"rendered":"CNBB recebe nova presid\u00eancia durante o encerramento da 57\u00aa Assembleia Geral dos Bispos do Brasil"},"content":{"rendered":"<p><img loading=\"lazy\" decoding=\"async\" class=\"alignnone  wp-image-64465\" src=\"http:\/\/portalcatolico.net\/portal\/wp-content\/uploads\/2019\/05\/Capturar123123-300x165.png\" alt=\"\" width=\"740\" height=\"407\" srcset=\"https:\/\/portalcatolico.net\/portal\/wp-content\/uploads\/2019\/05\/Capturar123123-300x165.png 300w, https:\/\/portalcatolico.net\/portal\/wp-content\/uploads\/2019\/05\/Capturar123123-768x423.png 768w, https:\/\/portalcatolico.net\/portal\/wp-content\/uploads\/2019\/05\/Capturar123123.png 905w\" sizes=\"auto, (max-width: 740px) 100vw, 740px\" \/><\/p>\n<p>A nova presid\u00eancia da Confer\u00eancia Nacional dos Bispos do Brasil (CNBB) foi empossada na manh\u00e3 desta sexta-feira, 10 de maio, durante a cerim\u00f4nia de encerramento da 57\u00aa Assembleia Geral dos Bispos do Brasil, realizada em Aparecida desde o dia 1\u00ba de maio. O at\u00e9 ent\u00e3o presidente da entidade, o arcebispo de Bras\u00edlia, cardeal Sergio da Rocha, no in\u00edcio da celebra\u00e7\u00e3o fez uma extensa lista de agradecimentos a todos que colaboraram com o trabalho da presid\u00eancia que se despede. Ele pediu ora\u00e7\u00f5es pela CNBB neste novo quadri\u00eanio. &#8220;Se h\u00e1 uma certeza, \u00e9 a de que somente podemos servir com a Gra\u00e7a de Deus&#8221;, disse.<\/p>\n<p>Ao novo presidente eleito, o arcebispo de Belo Horizonte (MG), dom Walmor Oliveira de Azevedo, ele desejou que possa cumprir sua miss\u00e3o promovendo sempre mais a comunh\u00e3o entre o episcopado brasileiro, entre a Igreja do Brasil e com o Santo Padre.<\/p>\n<p>Na Cerim\u00f4nia de Encerramento, o n\u00fancio apost\u00f3lico no Brasil, dom Giovanni D&#8217;aniello, leu a correspond\u00eancia enviada pelo papa Francisco em resposta \u00e0 carta que os bispos do Brasil enviaram a ele durante o evento. Na correspond\u00eancia, o papa, agradecendo a manifesta\u00e7\u00e3o de comunh\u00e3o da confer\u00eancia brasileira, fez votos de que os compromissos assumidos durante a assembleia ajudem os bispos a ser mais fieis \u00e0 sua miss\u00e3o evangelizadora.<\/p>\n<p>Simbolicamente, o cardeal Sergio da Rocha entregou ao novo presidente eleito, dom Walmor, o texto das Novas Diretrizes Gerais da A\u00e7\u00e3o Evangelizadora 2019-2023, aprovado na 57\u00aa Assembleia Geral, e trocaram de lugar na mesa. Dom Walmor sentou na cadeira onde estava sentado o presidente, assumindo o cargo. O arcebispo primaz do Brasil, dom Murilo Krieger, at\u00e9 ent\u00e3o vice-presidente da CNBB, entregou a nova B\u00edblia com tradu\u00e7\u00e3o oficial da CNBB ao vice-presidente eleito, o arcebispo de Porto Alegre (RS), dom Jaime Spengler. E o at\u00e9 ent\u00e3o secret\u00e1rio-geral, bispo auxiliar de Bras\u00edlia (DF), dom Leonardo Steiner, entregou ao novo secret\u00e1rio-geral, o bispo-auxiliar do Rio de Janeiro (RJ), dom Joel Portela o Diret\u00f3rio de Liturgia da Igreja no Brasil.<\/p>\n<p>Em seu primeiro discurso como empossado, no mesmo dia em que comemora 21 anos de sua ordena\u00e7\u00e3o episcopal, dom Walmor Oliveira saudou a dom Giovanni D&#8217;Aniello, assumindo o compromisso de buscar a comunh\u00e3o com o Santo Padre e de ser uma Igreja em sa\u00edda, mission\u00e1ria e hospitaleira.<\/p>\n<p><img loading=\"lazy\" decoding=\"async\" class=\"size-medium wp-image-64467 alignleft\" src=\"http:\/\/portalcatolico.net\/portal\/wp-content\/uploads\/2019\/05\/Capturar00476-300x163.png\" alt=\"\" width=\"300\" height=\"163\" srcset=\"https:\/\/portalcatolico.net\/portal\/wp-content\/uploads\/2019\/05\/Capturar00476-300x163.png 300w, https:\/\/portalcatolico.net\/portal\/wp-content\/uploads\/2019\/05\/Capturar00476-768x417.png 768w, https:\/\/portalcatolico.net\/portal\/wp-content\/uploads\/2019\/05\/Capturar00476.png 910w\" sizes=\"auto, (max-width: 300px) 100vw, 300px\" \/>O novo presidente da CNBB disse que n\u00e3o h\u00e1 nada melhor a oferecer \u00e0 sociedade que o Evangelho de Jesus. Ele saudou e agradeceu a presid\u00eancia que fez a transmiss\u00e3o do cargo, aos bispos, a quem enalteceu a riqueza do exerc\u00edcio da fraternidade nos dias da assembleia. Ele falou da beleza da vida de cada Igreja particular e das experi\u00eancias dos bispos do Brasil.<\/p>\n<p>Segundo ele, a nova presid\u00eancia assume consciente das dificuldades imensas e das complexidades quase indescrit\u00edveis mas com a certeza de que \u00e9 o Evangelho que ajuda a n\u00e3o s\u00f3 dar novas respostas para dentro da Igreja mas tamb\u00e9m \u00e0 sociedade. &#8220;Assumimos o compromisso de ser uma presen\u00e7a solid\u00e1ria. O que de fato vale \u00e9 a f\u00e9 desdobrada em amor&#8221;, disse.<\/p>\n<p>Para no novo presidente, o cora\u00e7\u00e3o da CNBB n\u00e3o \u00e9 a sede em Bras\u00edlia, mas a colegialidade efetiva entre seu episcopado. &#8220;O nosso plano mais importante \u00e9 sermos disc\u00edpulos de Cristo. Nosso programa \u00e9 nos tornar disc\u00edpulos e fazer disc\u00edpulos o tempo todo, aprendendo no di\u00e1logo. S\u00f3 faz disc\u00edpulo quem tamb\u00e9m \u00e9 disc\u00edpulo&#8221;, disse.<\/p>\n<p>Dom Walmor ressaltou que todo o trabalho a ser feito, nas diversas frentes, tenha como fonte Jesus Cristo que \u00e9, segundo ele, o fundamento da colegialidade na Igreja no Brasil. &#8220;\u00c9 hora de uma resposta nova porque o Senhor da vida nos envia e nos conduz. O Evangelho de Jesus Cristo \u00e9 o ouro de nossa vida e de nosso trabalho mission\u00e1rio&#8221;, disse.<\/p>\n<p>Os 12 presidentes eleitos para as Comiss\u00f5es Episcopais Pastorais da CNBB tamb\u00e9m compuseram a mesa e foram empossados simbolicamente. Ap\u00f3s a cerim\u00f4nia de encerramento e posse, a nova presid\u00eancia concedeu entrevista aos jornalista em Coletiva de Imprensa.<\/p>\n<p>Confira no link abaixo as novas presid\u00eancias&nbsp; dos regionais da CNBB&nbsp;eleitas durante a Assembleia Geral para todo o Brasil:&nbsp;<a href=\"http:\/\/www.cnbb.org.br\/durante-a-57a-assembleia-geral-os-regionais-da-cnbb-elegeram-novos-representantes\/\" target=\"_blank\" rel=\"noopener noreferrer\">http:\/\/www.cnbb.org.br\/durante-a-57a-assembleia-geral-os-regionais-da-cnbb-elegeram-novos-representantes\/<\/a><\/p>\n<p>Fotos: Reprodu\u00e7\u00e3o\/TV Aparecida<br \/>\nFonte: CNBB<\/p>\n","protected":false},"excerpt":{"rendered":"<p>A nova presid\u00eancia da Confer\u00eancia Nacional dos Bispos do Brasil (CNBB) foi empossada na manh\u00e3 desta sexta-feira, 10 de maio, durante a cerim\u00f4nia de encerramento da 57\u00aa Assembleia Geral dos Bispos do Brasil, realizada em Aparecida desde o dia 1\u00ba de maio. O at\u00e9 ent\u00e3o presidente da entidade, o arcebispo de Bras\u00edlia, cardeal Sergio da&nbsp;<\/p>\n<p><a class=\"btn btn-style\" href=\"https:\/\/portalcatolico.net\/portal\/cnbb-recebe-nova-presidencia-durante-o-encerramento-da-57a-assembleia-geral-dos-bispos-do-brasil\/\">Continue Reading<\/a><\/p>\n","protected":false},"author":2,"featured_media":64463,"comment_status":"open","ping_status":"open","sticky":false,"template":"","format":"standard","meta":{"footnotes":""},"categories":[4],"tags":[],"class_list":["post-64462","post","type-post","status-publish","format-standard","has-post-thumbnail","hentry","category-destaques"],"_links":{"self":[{"href":"https:\/\/portalcatolico.net\/portal\/wp-json\/wp\/v2\/posts\/64462","targetHints":{"allow":["GET"]}}],"collection":[{"href":"https:\/\/portalcatolico.net\/portal\/wp-json\/wp\/v2\/posts"}],"about":[{"href":"https:\/\/portalcatolico.net\/portal\/wp-json\/wp\/v2\/types\/post"}],"author":[{"embeddable":true,"href":"https:\/\/portalcatolico.net\/portal\/wp-json\/wp\/v2\/users\/2"}],"replies":[{"embeddable":true,"href":"https:\/\/portalcatolico.net\/portal\/wp-json\/wp\/v2\/comments?post=64462"}],"version-history":[{"count":3,"href":"https:\/\/portalcatolico.net\/portal\/wp-json\/wp\/v2\/posts\/64462\/revisions"}],"predecessor-version":[{"id":64468,"href":"https:\/\/portalcatolico.net\/portal\/wp-json\/wp\/v2\/posts\/64462\/revisions\/64468"}],"wp:featuredmedia":[{"embeddable":true,"href":"https:\/\/portalcatolico.net\/portal\/wp-json\/wp\/v2\/media\/64463"}],"wp:attachment":[{"href":"https:\/\/portalcatolico.net\/portal\/wp-json\/wp\/v2\/media?parent=64462"}],"wp:term":[{"taxonomy":"category","embeddable":true,"href":"https:\/\/portalcatolico.net\/portal\/wp-json\/wp\/v2\/categories?post=64462"},{"taxonomy":"post_tag","embeddable":true,"href":"https:\/\/portalcatolico.net\/portal\/wp-json\/wp\/v2\/tags?post=64462"}],"curies":[{"name":"wp","href":"https:\/\/api.w.org\/{rel}","templated":true}]}}