{"id":64459,"date":"2019-05-10T17:12:15","date_gmt":"2019-05-10T20:12:15","guid":{"rendered":"http:\/\/portalcatolico.net\/portal\/?p=64459"},"modified":"2019-05-10T17:12:15","modified_gmt":"2019-05-10T20:12:15","slug":"presidencia-do-regional-nordeste-3-foi-eleita-durante-a-57-a-assembleia-geral-da-cnbb","status":"publish","type":"post","link":"https:\/\/portalcatolico.net\/portal\/presidencia-do-regional-nordeste-3-foi-eleita-durante-a-57-a-assembleia-geral-da-cnbb\/","title":{"rendered":"Presid\u00eancia do Regional Nordeste 3 foi eleita durante a 57 \u00aa Assembleia Geral da CNBB"},"content":{"rendered":"<p>No dia 03 de maio de 2019, os bispos do Regional Nordeste 3, estiveram reunidos no Centro de Eventos padre Vitor Coelho durante a 57\u00aa Assembleia Geral da CNBB. Os membros realizaram uma elei\u00e7\u00e3o para escolher o presidente, o vice-presidente e o secret\u00e1rio do Conselho Episcopal Regional.<\/p>\n<p>Ap\u00f3s realizarem os escrut\u00ednios, foi eleito para presid\u00eancia, o bispo da diocese de Bom Jesus da Lapa-Ba, dom Jo\u00e3o Santos Cardoso, para vice-presid\u00eancia, dom Carlos Alberto Breis Pereira, bispo da diocese de Juazeiro-Ba e para o cargo de secret\u00e1rio regional, foi eleito dom Vitor Agnaldo de Menezes, bispo diocesano de Propri\u00e1-Se.<\/p>\n<p>Os bispos j\u00e1 foram empossados de seus cargos e permanecem at\u00e9 31 de maio de 2022 ao t\u00e9rmino do quadri\u00eanio.<\/p>\n<p>Informa\u00e7\u00f5es e foto site do Regional Nordeste III<\/p>\n","protected":false},"excerpt":{"rendered":"<p>No dia 03 de maio de 2019, os bispos do Regional Nordeste 3, estiveram reunidos no Centro de Eventos padre Vitor Coelho durante a 57\u00aa Assembleia Geral da CNBB. Os membros realizaram uma elei\u00e7\u00e3o para escolher o presidente, o vice-presidente e o secret\u00e1rio do Conselho Episcopal Regional. Ap\u00f3s realizarem os escrut\u00ednios, foi eleito para presid\u00eancia,&nbsp;<\/p>\n<p><a class=\"btn btn-style\" href=\"https:\/\/portalcatolico.net\/portal\/presidencia-do-regional-nordeste-3-foi-eleita-durante-a-57-a-assembleia-geral-da-cnbb\/\">Continue Reading<\/a><\/p>\n","protected":false},"author":2,"featured_media":64460,"comment_status":"open","ping_status":"open","sticky":false,"template":"","format":"standard","meta":{"footnotes":""},"categories":[4],"tags":[],"class_list":["post-64459","post","type-post","status-publish","format-standard","has-post-thumbnail","hentry","category-destaques"],"_links":{"self":[{"href":"https:\/\/portalcatolico.net\/portal\/wp-json\/wp\/v2\/posts\/64459","targetHints":{"allow":["GET"]}}],"collection":[{"href":"https:\/\/portalcatolico.net\/portal\/wp-json\/wp\/v2\/posts"}],"about":[{"href":"https:\/\/portalcatolico.net\/portal\/wp-json\/wp\/v2\/types\/post"}],"author":[{"embeddable":true,"href":"https:\/\/portalcatolico.net\/portal\/wp-json\/wp\/v2\/users\/2"}],"replies":[{"embeddable":true,"href":"https:\/\/portalcatolico.net\/portal\/wp-json\/wp\/v2\/comments?post=64459"}],"version-history":[{"count":1,"href":"https:\/\/portalcatolico.net\/portal\/wp-json\/wp\/v2\/posts\/64459\/revisions"}],"predecessor-version":[{"id":64461,"href":"https:\/\/portalcatolico.net\/portal\/wp-json\/wp\/v2\/posts\/64459\/revisions\/64461"}],"wp:featuredmedia":[{"embeddable":true,"href":"https:\/\/portalcatolico.net\/portal\/wp-json\/wp\/v2\/media\/64460"}],"wp:attachment":[{"href":"https:\/\/portalcatolico.net\/portal\/wp-json\/wp\/v2\/media?parent=64459"}],"wp:term":[{"taxonomy":"category","embeddable":true,"href":"https:\/\/portalcatolico.net\/portal\/wp-json\/wp\/v2\/categories?post=64459"},{"taxonomy":"post_tag","embeddable":true,"href":"https:\/\/portalcatolico.net\/portal\/wp-json\/wp\/v2\/tags?post=64459"}],"curies":[{"name":"wp","href":"https:\/\/api.w.org\/{rel}","templated":true}]}}