{"id":64453,"date":"2019-05-10T16:42:33","date_gmt":"2019-05-10T19:42:33","guid":{"rendered":"http:\/\/portalcatolico.net\/portal\/?p=64453"},"modified":"2019-05-10T16:42:33","modified_gmt":"2019-05-10T19:42:33","slug":"silvonei-jose-uma-ponte-entre-pedro-e-a-igreja","status":"publish","type":"post","link":"https:\/\/portalcatolico.net\/portal\/silvonei-jose-uma-ponte-entre-pedro-e-a-igreja\/","title":{"rendered":"Silvonei Jos\u00e9: uma ponte entre Pedro e a Igreja"},"content":{"rendered":"<h2>&#8220;Trabalhamos como ponte entre o magist\u00e9rio de Pedro e a realidade das igrejas locais&#8221;<\/h2>\n<p>Em mais um dia de&nbsp;<b>Reda\u00e7\u00e3o A12 ao vivo especial para a 57\u00aa Assembleia Geral da CNBB<\/b>, o jornalista&nbsp;<b>Eduardo Gois<\/b>&nbsp;recebe&nbsp;<b>Silvonei Jos\u00e9 Protz<\/b>, locutor da&nbsp;<b>R\u00e1dio Vaticano<\/b>, para partilhar seu&nbsp;<b>testemunho<\/b>, suas experi\u00eancias de&nbsp;<b>carreira no r\u00e1dio<\/b>, sua&nbsp;<b>vida em Roma<\/b>&nbsp;e a<b>&nbsp;rela\u00e7\u00e3o com os Papas<\/b>.<\/p>\n<p><b>A R\u00e1dio Aparecida e o &#8220;Corredor da F\u00e9&#8221;<\/b><\/p>\n<p><b>Silvonei<\/b>, que \u00e9&nbsp;<b>\u201ca voz em portugu\u00eas do Vaticano\u201d<\/b>, conta como iniciou sua carreira no r\u00e1dio:<\/p>\n<p>\u201cEu vim, em 1983, fazer um&nbsp;<b>est\u00e1gio na R\u00e1dio Aparecida<\/b>, porque j\u00e1 trabalhava em r\u00e1dio na minha diocese (Guarapuava\/PR) que, naquele per\u00edodo, estava iniciando o FM, mas n\u00f3s n\u00e3o sab\u00edamos muito bem o que era aquilo. Depois de duas semanas, voltei para o Paran\u00e1 e, na semana seguinte, o&nbsp;<b>Padre Ronoaldo Pelaquin<\/b>&nbsp;me ligou, perguntando se eu gostaria de trabalhar aqui em&nbsp;<b>Aparecida<\/b>. Ent\u00e3o voltei, para falar com o&nbsp;Padre Antonio C\u00e9sar Moreira Miguel, Padre Valdir e Padre Pelaquin, e acabei ficando mais de tr\u00eas anos aqui em Aparecida&#8221;.<\/p>\n<p>&#8220;A&nbsp;<b>R\u00e1dio Aparecida<\/b>&nbsp;foi minha universidade, uma grande escola. T\u00ednhamos grandes comunicadores, grandes profissionais. E eu tinha 19 anos; fui como uma esponja, bebendo daqui, tentando assimilar da melhor maneira poss\u00edvel, tudo aquilo que eles, ao longo da experi\u00eancia de vida, tinham e me passaram. E isso foi bom, porque&nbsp;<b>\u00e9ramos uma grande fam\u00edlia<\/b>. E aquele corredor, que hoje tive a alegria de passar, todo branco, n\u00e3o era branco. A gente chamava de&nbsp;<b>\u201ccorredor da f\u00e9\u201d<\/b>, porque a gente passava ali tantas vezes por dia e se encontrava no corredor. Que coisa bonita era contar sobre o final de semana, o que fez, o que ia fazer, a semana que estava come\u00e7ando&#8230; Era um entusiasmo t\u00e3o grande!&nbsp;<b>Eu me sentia dentro de uma grande fam\u00edlia<\/b>\u201d, recordou ele.<\/p>\n<p><b>Vida no Vaticano<\/b><\/p>\n<p>Em seguida, Silvonei contou&nbsp;<b>como chegou ao Vaticano<\/b>. \u201cDepois, fui embora, morar no Rio de Janeiro e, depois, em Pato Branco (PR). Fui para a&nbsp;<b>TV Sudoeste<\/b>, que era uma afiliada da&nbsp;<b>TV Manchete<\/b>. De l\u00e1,&nbsp;<b>fui a Roma para fazer um curso de marketing<\/b>. E l\u00e1, dois dias antes do meu anivers\u00e1rio, quem encontro?&nbsp;<b>Padre Pelaquin<\/b>, que estava fazendo um&nbsp;<b>curso de cinema<\/b>. Foi uma alegria muito grande passar meu anivers\u00e1rio fora de Roma, ainda mais com um grand\u00edssimo amigo como \u00e9 o Padre Pelaquin. Quando voltei de Roma, alguns meses depois, Padre Ronoaldo me ligou e disse:<b>&nbsp;\u2018Estou assumindo a R\u00e1dio Vaticano e gostaria de saber se voc\u00ea quer trabalhar comigo\u2019.<\/b>&nbsp;Mas eram muitos os planos que eu tinha.&nbsp;<b>Aceitei por seis meses<\/b>. Pensei: \u2018Seis meses de experi\u00eancia seriam interessantes\u2019.&nbsp;<b>E esses seis meses se tornaram trinta anos<\/b>, gra\u00e7as ao Padre Ronoaldo Pelaquin\u201d, comemorou.<\/p>\n<p>Sobre seu&nbsp;<b>dia a dia vivendo em outro pa\u00eds<\/b>, precisamente no Vaticano, Silvonei diz que,&nbsp;<b>no primeiro impacto<\/b>&nbsp;ao se chegar em uma nova realidade, por mais que seja muito pr\u00f3xima \u00e0 nossa identidade cultural, ali&nbsp;<b>voc\u00ea se transforma<\/b>. A gente sabe que o italiano tem uma cultura muito forte, no falar, no agir, no comer&#8230;&nbsp;<b>Para entrar numa nova cultura, voc\u00ea tem que entrar pela porta da l\u00edngua. A primeira coisa \u00e9 aprender a l\u00edngua, saber o que dizer.<\/b>&nbsp;A \u00fanica coisa que sabia era&nbsp;<i>\u201cmangiare\u201d&nbsp;<\/i>(comer, em italiano). Eu sabia um pouco de franc\u00eas, ingl\u00eas e espanhol, mas o italiano n\u00e3o, porque nunca havia tido a menor pretens\u00e3o ou ideia de morar na It\u00e1lia. E isso veio depois, &#8216;a cavalo&#8217;, n\u00e9? Ent\u00e3o,&nbsp;<b>os meus primeiros tr\u00eas meses em Roma foram de dor de cabe\u00e7a, porque eu queria aprender a l\u00edngua, me comunicar, interagir com as pessoas que estavam ao meu lado. Eu estudava dia e noite e, depois desses tr\u00eas meses, eu posso dizer que estava me comunicando com os italianos<\/b>. Inclusive essa gestualidade vem deles. Eles falam com a boca, mas a gestualidade do corpo \u00e9 muito forte&#8221;, observou.<\/p>\n<p>&#8220;Ent\u00e3o, ali come\u00e7a a&nbsp;<b>minha aventura italiana<\/b>, atrav\u00e9s da l\u00edngua, a porta de entrada da cultura. E eles t\u00eam uma cultura milenar, \u00e9 muita coisa pra gente aprender. Quem estudou Hist\u00f3ria sabe de toda aquela coisa do Imp\u00e9rio Romano, do per\u00edodo Medieval, do Renascimento&#8230; Tudo isso ligado tamb\u00e9m um pouco \u00e0 nossa f\u00e9;&nbsp;<b>sabemos da presen\u00e7a (dos cat\u00f3licos em Roma) desde Pedro a Francisco.&nbsp;<\/b>\u00c9 uma&nbsp;<b>continuidade de quase dois mil anos<\/b>&nbsp;&#8211; e isso nos d\u00e1 tamb\u00e9m uma alegria muito grande. Morar em Roma tem essa especificidade. Para quem gosta um pouquinho de Hist\u00f3ria, do que \u00e9 mem\u00f3ria,&nbsp;<b>Roma \u00e9 um museu a c\u00e9u aberto<\/b>. Ent\u00e3o esta foi a primeira coisa: entrar no mundo da cultura italiana&#8221;, concluiu.<\/p>\n<p>Aquela, segundo Silvonei, era hora de recome\u00e7ar e&nbsp;<b>fazer um jornalismo diferente<\/b>. &#8220;Vamos tratar dos argumentos que dizem respeito \u00e0 minha comunidade, pensei. Quando estava aqui (no Brasil), era diferente. Ali, a gente ia tratar da palavra do Papa, a\u00ed o universo muda.&nbsp;<b>A especificidade da R\u00e1dio Vaticano, da Vatican News, da TV do Vaticano, do L\u2019Osservatore Romano, \u00e9 o magist\u00e9rio petrino. N\u00f3s trabalhamos como ponte entre o magist\u00e9rio de Pedro e a realidade das igrejas locais<\/b>. \u00c9 isso que a gente faz todo santo dia. Isso \u00e9 importante&#8221;, pontuou.<\/p>\n<p>Silvonei prosseguiu: &#8220;Depois, era aprender a traduzir isso. Agora n\u00e3o tanto, porque com o&nbsp;<b>Papa Francisco<\/b>, \u00e9 muito f\u00e1cil de trabalhar. Ele \u00e9 muito \u2018terra a terra\u2019. Mas recordamos o&nbsp;<b>Papa Bento XVI<\/b>, que \u00e9 de uma&nbsp;<b>alta Teologia&nbsp;<\/b>e voc\u00ea precisa, muitas vezes, simplificar e traduzir numa linguagem que as pessoas possam absorver. Nosso trabalho era tamb\u00e9m esse, de&nbsp;<b>levar para as pessoas, da melhor maneira poss\u00edvel, o pensamento do Santo Padre.<\/b><\/p>\n<p><b>Nossa especificidade \u00e9 o magist\u00e9rio petrino.<\/b>&nbsp;Mas junto com ele, temos tamb\u00e9m a atua\u00e7\u00e3o da&nbsp;<b>Santa S\u00e9<\/b>&nbsp;no mundo inteiro e a pr\u00f3pria igreja local, que acontece no mundo inteiro, dentro das igrejas. E&nbsp;<b>n\u00f3s temos uma liga\u00e7\u00e3o muito grande com a nossa Igreja no Brasil atrav\u00e9s da CNBB<\/b>, atrav\u00e9s dos nossos bispos, que est\u00e3o sempre em contato com a gente. Pelo fato de estarmos longe, n\u00e3o temos essa capacidade, mas os nossos l\u00edderes religiosos, nossos pastores, podem nos traduzir aquilo que acontece dentro da nossa realidade brasileira&#8221;, explicou.<\/p>\n<div class=\"image\" contenteditable=\"false\"><span class=\"image__credit\">Eduardo Gois &#8211; JS<\/span><br \/>\n<img decoding=\"async\" title=\"Eduardo Gois - JS\" src=\"https:\/\/www.a12.com\/source\/files\/originals\/silvonei_jose_eduardo_gois_js.jpg\" alt=\"Eduardo Gois - JS\" data-id=\"56664\"><\/div>\n<p><b>T\u00eas papas, tr\u00eas carismas, uma s\u00f3 mensagem<\/b><\/p>\n<p>Sobre o&nbsp;<b>relacionamento com os papas<\/b>, Silvonei comenta sobre a alegria de ter trabalhado com tr\u00eas:&nbsp;<b>Jo\u00e3o Paulo II, Bento XVI e Francisco<\/b>. &#8220;Tr\u00eas personalidades, tr\u00eas figuras diferentes da nossa hist\u00f3ria, tr\u00eas carismas diferentes, mas com uma ferramenta impressionante&#8221;, frisou.<\/p>\n<p>&#8220;Com<b>&nbsp;Jo\u00e3o Paulo II<\/b>, muitas pessoas cresceram com ele. Quem tem menos de 30 anos s\u00f3 conheceu a ele. Foram mais de 27 anos de pontificado. Ele foi um pai, um av\u00f4, um irm\u00e3o, um amigo,&nbsp;<b>um papa que sai do Vaticano e vai confirmar os irm\u00e3os na f\u00e9. Jo\u00e3o Paulo II nos ensinou a rezar<\/b>, ensinou o&nbsp;valor da ora\u00e7\u00e3o, o valor do parar diante do Sant\u00edssimo, o valor que se tem diante dessa imensid\u00e3o, desse mist\u00e9rio.<\/p>\n<p><b>Bento XVI<\/b>, com toda a sua<b>&nbsp;intelectualidade<\/b>, nos questionou&nbsp;<b>o que significa &#8216;ser cat\u00f3lico&#8217;<\/b>. Cat\u00f3lico de nome, cat\u00f3lico de qualidade, de<b>&nbsp;perten\u00e7a \u00e0 Igreja<\/b>. \u00c9 a grande indaga\u00e7\u00e3o que nos traz Bento. N\u00e3o como n\u00fameros, mas na qualidade de vida que temos como&nbsp;<b>seguidores de Jesus<\/b>.<\/p>\n<p>E agora n\u00f3s temos&nbsp;<b>Francisco<\/b>, que nos tirou de nossa zona de conforto. Quando ele diz que basta de museu, de sof\u00e1, de arm\u00e1rio, todas essas categorias de \u2018cat\u00f3licos\u2019, de pessoas que se fecham em sua zona de conforto e n\u00e3o saem ao confronto da vida. \u00c9, primeiro de tudo, a&nbsp;<b>Igreja em sa\u00edda<\/b>. N\u00e3o significa s\u00f3 sair da igreja e depois voltar. Significa&nbsp;<b>viver como povo de Deus, que \u00e9 a ess\u00eancia da nossa igreja<\/b>, a partir do Conc\u00edlio Vaticano II. Todos n\u00f3s somos povo de Deus e temos essa grande responsabilidade. Papa Francisco nos d\u00e1 isso: ele n\u00e3o fala tanto, como faz tanto.&nbsp;<b>A gestualidade dele \u00e9 que arrasta. Pode ser que voc\u00ea n\u00e3o entenda muito o que ele diz, mas o que ele faz, sim. \u00c9 uma linguagem muito coloquial e simples&#8221;<\/b>, analisou.<\/p>\n<p><b>Vatican News: um desejo do Papa<\/b><\/p>\n<p>Sobre a cria\u00e7\u00e3o da&nbsp;<b>Vatican News<\/b>, h\u00e1 quatro anos, Silvonei contou que&nbsp;<b>a proposta surgiu a partir de um desejo do Papa Francisco, de unir todos os elementos de comunica\u00e7\u00e3o do Vaticano<\/b>&nbsp;\u2013 R\u00e1dio Vaticano, Centro Televisivo, Sala de Imprensa, L\u2019Osservatore Romano, Livraria e Editora Vaticano, Tipografia Vaticano, Servi\u00e7o Fotogr\u00e1fico e o&nbsp;Vatican.va&nbsp;(site oficial do Vaticano) \u2013 &#8220;Todos esses elementos fazendo parte de um \u00fanico meio, porque&nbsp;<b>todos n\u00f3s falamos do Papa<\/b>. Ent\u00e3o, porque n\u00e3o fazermos tudo isso juntos? Da\u00ed surgiu o Secretariado, que agora se tornou&nbsp;<b>Dicast\u00e9rio para a Comunica\u00e7\u00e3o<\/b>&#8220;, contou ele.<\/p>\n<p>&#8220;A diferen\u00e7a \u00e9 que n\u00f3s agora somos um&nbsp;<b>Minist\u00e9rio da Comunica\u00e7\u00e3o<\/b>. N\u00f3s temos um&nbsp;<b>prefeito<\/b>, que agora, com tamb\u00e9m esta &#8216;revolu\u00e7\u00e3o&#8217;,<b>&nbsp;\u00e9 um jornalista leigo, e n\u00e3o um cardeal<\/b>. (&#8230;)&nbsp;\u00c9 uma nova maneira de ver as coisas, e isso se torna uma realidade muito mais palp\u00e1vel&#8221;, completou. Ele ainda contou&nbsp;<b>detalhes sobre sua rotina<\/b>, as reuni\u00f5es de pauta, onde, segundo ele, discute-se qual a linha a adotar, &#8220;pois sabemos que,&nbsp;<b>infelizmente, esc\u00e2ndalos, pol\u00eamicas no mundo inteiro surgem e as pessoas nos cobram uma resposta<\/b>, uma posi\u00e7\u00e3o quanto a isso&#8221;.<\/p>\n<p>O jornalista ainda explicou sobre&nbsp;<b>como \u00e9 a conduta perante as in\u00fameras&nbsp;<i>&#8220;fake news&#8221;<\/i>&nbsp;sobre o Papa e sobre a Igreja<\/b>. \u201cRecebemos centenas de e-mails por semana, pedindo confirma\u00e7\u00e3o: \u2018O papa realmente disse isso?\u2019.&nbsp;<b>\u00c9 um convite que a gente faz sempre: consulte nossa p\u00e1gina. Se o papa falou, est\u00e1 l\u00e1.&nbsp;<\/b>O papa nunca cita nomes, nunca agride ningu\u00e9m. Ent\u00e3o, se voc\u00ea vir alguma coisa nesse sentido, n\u00e3o precisa nem ler. Ele nunca faria isso\u201d.<\/p>\n<p><b>Dom Orani: homem, miss\u00e3o e pensamento<\/b><\/p>\n<p>Por fim, Silvonei falou sobre o seu mais recente livro&nbsp;<b>\u201cO monge que virou cardeal\u201d, uma biografia do Cardeal Dom Orani Jo\u00e3o Tempesta, arcebispo do Rio de Janeiro.<\/b>&nbsp;&#8220;Eu conhe\u00e7o D. Orani h\u00e1 muito tempo, mais ou menos desde 2000. A amizade foi crescendo, ele frequenta minha casa e a gente conversa de tudo. Um dia, num almo\u00e7o,<b>&nbsp;perguntei a ele por que n\u00e3o faz\u00edamos algo juntos, para contar a hist\u00f3ria dele<\/b>. Ele disse que talvez n\u00e3o interessasse \u00e0s pessoas. Eu disse-lhe que&nbsp;<b>n\u00e3o era o caso de interessar, mas de contar tantas coisas bonitas, que poderiam ajudar as pessoas<\/b>. Fomos conversando e, a certa altura, ele disse: \u2018Por que n\u00e3o?\u2019. E isso foi um sim. Quando vim ao Rio, tivemos tr\u00eas encontros e eu resolvi dividir esse livro em 3 partes:&nbsp;<b>o homem<\/b>&nbsp;\u2013 quem \u00e9 ele -;&nbsp;<b>a miss\u00e3o<\/b>&nbsp;\u2013 o chamado; e, por \u00faltimo,&nbsp;<b>o pensamento<\/b>\u2013 sobre v\u00e1rios assuntos: fam\u00edlia, Deus, relacionamento com Nossa Senhora, etc. Tudo isso, ent\u00e3o, nos leva a conhecer uma pessoa por outro prisma&#8221;, relatou.<\/p>\n<p>&#8220;Usamos de uma linguagem bem f\u00e1cil, para que as pessoas pudessem entrar nessa conversa e apreciar a vida de uma pessoa que dedicou toda sua vida ao outro. A s\u00edntese, para mim, de Dom Orani, \u00e9 de&nbsp;<b>algu\u00e9m que serve de modo muito humilde<\/b>, porque o fato de estar vestido de cardeal n\u00e3o significa absolutamente nada. \u00c9 um pastor que serve e que n\u00e3o cria barreiras; os muros para ele n\u00e3o existem. Ele serve, e pra mim, quem serve tem amor. E agora, com alegria, fa\u00e7o parte tamb\u00e9m da fam\u00edlia da&nbsp;<b>Editora Santu\u00e1rio&#8221;<\/b>, finalizou.<\/p>\n<p>Fonte:Portal A12<\/p>\n","protected":false},"excerpt":{"rendered":"<p>&#8220;Trabalhamos como ponte entre o magist\u00e9rio de Pedro e a realidade das igrejas locais&#8221; Em mais um dia de&nbsp;Reda\u00e7\u00e3o A12 ao vivo especial para a 57\u00aa Assembleia Geral da CNBB, o jornalista&nbsp;Eduardo Gois&nbsp;recebe&nbsp;Silvonei Jos\u00e9 Protz, locutor da&nbsp;R\u00e1dio Vaticano, para partilhar seu&nbsp;testemunho, suas experi\u00eancias de&nbsp;carreira no r\u00e1dio, sua&nbsp;vida em Roma&nbsp;e a&nbsp;rela\u00e7\u00e3o com os Papas. A R\u00e1dio&nbsp;<\/p>\n<p><a class=\"btn btn-style\" href=\"https:\/\/portalcatolico.net\/portal\/silvonei-jose-uma-ponte-entre-pedro-e-a-igreja\/\">Continue Reading<\/a><\/p>\n","protected":false},"author":2,"featured_media":64454,"comment_status":"open","ping_status":"open","sticky":false,"template":"","format":"standard","meta":{"footnotes":""},"categories":[65],"tags":[],"class_list":["post-64453","post","type-post","status-publish","format-standard","has-post-thumbnail","hentry","category-entrevistas"],"_links":{"self":[{"href":"https:\/\/portalcatolico.net\/portal\/wp-json\/wp\/v2\/posts\/64453","targetHints":{"allow":["GET"]}}],"collection":[{"href":"https:\/\/portalcatolico.net\/portal\/wp-json\/wp\/v2\/posts"}],"about":[{"href":"https:\/\/portalcatolico.net\/portal\/wp-json\/wp\/v2\/types\/post"}],"author":[{"embeddable":true,"href":"https:\/\/portalcatolico.net\/portal\/wp-json\/wp\/v2\/users\/2"}],"replies":[{"embeddable":true,"href":"https:\/\/portalcatolico.net\/portal\/wp-json\/wp\/v2\/comments?post=64453"}],"version-history":[{"count":1,"href":"https:\/\/portalcatolico.net\/portal\/wp-json\/wp\/v2\/posts\/64453\/revisions"}],"predecessor-version":[{"id":64455,"href":"https:\/\/portalcatolico.net\/portal\/wp-json\/wp\/v2\/posts\/64453\/revisions\/64455"}],"wp:featuredmedia":[{"embeddable":true,"href":"https:\/\/portalcatolico.net\/portal\/wp-json\/wp\/v2\/media\/64454"}],"wp:attachment":[{"href":"https:\/\/portalcatolico.net\/portal\/wp-json\/wp\/v2\/media?parent=64453"}],"wp:term":[{"taxonomy":"category","embeddable":true,"href":"https:\/\/portalcatolico.net\/portal\/wp-json\/wp\/v2\/categories?post=64453"},{"taxonomy":"post_tag","embeddable":true,"href":"https:\/\/portalcatolico.net\/portal\/wp-json\/wp\/v2\/tags?post=64453"}],"curies":[{"name":"wp","href":"https:\/\/api.w.org\/{rel}","templated":true}]}}