{"id":64315,"date":"2019-05-02T18:34:16","date_gmt":"2019-05-02T21:34:16","guid":{"rendered":"http:\/\/portalcatolico.net\/portal\/?p=64315"},"modified":"2019-05-02T18:34:16","modified_gmt":"2019-05-02T21:34:16","slug":"missao-das-comissoes-episcopais-pastorais-da-cnbb-e-pauta-deste-segundo-dia-da-57a-ag","status":"publish","type":"post","link":"https:\/\/portalcatolico.net\/portal\/missao-das-comissoes-episcopais-pastorais-da-cnbb-e-pauta-deste-segundo-dia-da-57a-ag\/","title":{"rendered":"Miss\u00e3o das Comiss\u00f5es Episcopais Pastorais da CNBB \u00e9 pauta deste segundo dia da 57\u00aa AG"},"content":{"rendered":"<p>A 57\u00aa Assembleia Geral da Confer\u00eancia Nacional dos Bispos do Brasil (CNBB) aborda na manh\u00e3 desta quinta-feira, a miss\u00e3o das Comiss\u00f5es Episcopais Pastorais da confer\u00eancia. Este \u00e9 um dos v\u00e1rios temas que est\u00e3o na pauta deste segundo dia do encontro anual dos bispos, em Aparecida (SP).<\/p>\n<p>As doze Comiss\u00f5es Episcopais Pastorais da CNBB, de acordo com o estatuto da entidade, promovem a Pastoral Org\u00e2nica nacional com suas dimens\u00f5es globais e setores especializados. Elas respondem pelo estudo, proposta e anima\u00e7\u00e3o dos programas e projetos do seu \u00e2mbito de atribui\u00e7\u00f5es, em sintonia com as demais Comiss\u00f5es, para garantia da unidade da Pastoral Org\u00e2nica.<\/p>\n<p>Saiba mais sobre a atual miss\u00e3o de cada comiss\u00e3o episcopal pastoral da CNBB:<\/p>\n<ol>\n<li>\n<h4>Minist\u00e9rios Ordenados e a Vida Consagrada<\/h4>\n<\/li>\n<\/ol>\n<p><a href=\"http:\/\/www.cnbb.org.br\/presidente-da-cnbb-celebra-missa-de-encerramento-da-56a-ag\/missa-encerramento-geral-56ag-1\/\"><img loading=\"lazy\" decoding=\"async\" class=\"size-medium wp-image-188039 alignleft\" src=\"http:\/\/www.cnbb.org.br\/wp-content\/uploads\/sites\/32\/2018\/04\/Missa-encerramento-geral-56AG-1-300x168.png\" srcset=\"http:\/\/www.cnbb.org.br\/wp-content\/uploads\/sites\/32\/2018\/04\/Missa-encerramento-geral-56AG-1-300x168.png 300w, http:\/\/www.cnbb.org.br\/wp-content\/uploads\/sites\/32\/2018\/04\/Missa-encerramento-geral-56AG-1-768x431.png 768w, http:\/\/www.cnbb.org.br\/wp-content\/uploads\/sites\/32\/2018\/04\/Missa-encerramento-geral-56AG-1.png 802w\" alt=\"\" width=\"300\" height=\"168\"><\/a>A Comiss\u00e3o Episcopal Pastoral para os Minist\u00e9rios Ordenados e a Vida Consagrada (CMOVC) tem como tarefa despertar, discernir, cultivar, animar, promover e acompanhar as Voca\u00e7\u00f5es e os Minist\u00e9rios Ordenados da Igreja no Brasil.<\/p>\n<p>Sua miss\u00e3o \u00e9 oferecer aos batizados condi\u00e7\u00f5es para a viv\u00eancia da sua voca\u00e7\u00e3o espec\u00edfica atrav\u00e9s da Pastoral Vocacional (PV) e do Servi\u00e7o de Anima\u00e7\u00e3o Vocacional (SAV), bem como acompanhar a forma\u00e7\u00e3o para o Minist\u00e9rio Ordenado, por meio da Organiza\u00e7\u00e3o dos Semin\u00e1rios e Institutos do Brasil (OSIB). \u00c0 Comiss\u00e3o incumbe ainda acompanhar a vida e o minist\u00e9rio dos di\u00e1conos permanentes (CND), dos presb\u00edteros (CNP) e dos bispos, sobretudo dos novos bispos. Al\u00e9m disso, estabelece di\u00e1logo de comunh\u00e3o e parceria com a Confer\u00eancia dos Religiosos do Brasil (CRB) e a Confer\u00eancia Nacional dos Institutos Seculares (CNIS).<\/p>\n<p>Todas as atividades e os projetos, embora de responsabilidade direta de cada organismo, t\u00eam a participa\u00e7\u00e3o da Comiss\u00e3o, que os reconhece, apoia, assessora, e lhes d\u00e1 suporte e legitimidade eclesial.<\/p>\n<p>Para articular melhor estas for\u00e7as vivas, a Comiss\u00e3o elegeu como eixo condutor: \u201cA partir de Jesus Cristo, Verbo Encarnado, \u00e0 luz das Diretrizes Gerais da A\u00e7\u00e3o Evangelizadora da Igreja no Brasil (DGAE), comprometemo-nos a ser uma Igreja servidora, que nos chama a estar com Ele, formando e enviando em miss\u00e3o\u201d.<\/p>\n<ol>\n<li>\n<h4>Laicato<\/h4>\n<\/li>\n<\/ol>\n<p>A Comiss\u00e3o Episcopal Pastoral para o Laicato \u00e9 um servi\u00e7o \u00e0 CNBB nos Regionais, que busca acompanhar, assessorar e promover a identidade, voca\u00e7\u00e3o, espiritualidade e miss\u00e3o dos crist\u00e3os leigos e leigas na Igreja e no mundo.<\/p>\n<p><a href=\"http:\/\/www.cnbb.org.br\/protagonismo-dos-cristaos-leigos-e-assumido-nos-regionais-da-cnbb\/leigos-1\/\"><img loading=\"lazy\" decoding=\"async\" class=\"size-medium wp-image-8480 alignright\" src=\"http:\/\/www.cnbb.org.br\/wp-content\/uploads\/sites\/32\/2017\/10\/leigos-1-300x200.jpg\" srcset=\"http:\/\/www.cnbb.org.br\/wp-content\/uploads\/sites\/32\/2017\/10\/leigos-1-300x200.jpg 300w, http:\/\/www.cnbb.org.br\/wp-content\/uploads\/sites\/32\/2017\/10\/leigos-1.jpg 650w\" alt=\"\" width=\"300\" height=\"200\"><\/a>Acompanha, junto \u00e0 Comiss\u00e3o Nacional Ampliada das CEBs, a organiza\u00e7\u00e3o e realiza\u00e7\u00e3o de reuni\u00f5es, encontros, semin\u00e1rios e dos Intereclesiais das CEBs. Tamb\u00e9m \u00e9 tarefa permanente da Comiss\u00e3o estimular, acompanhar e fortalecer o processo de articula\u00e7\u00e3o e organiza\u00e7\u00e3o do laicato, atrav\u00e9s do Conselho Nacional do Laicato do Brasil (CNLB), nos diferentes \u00e2mbitos. A Comiss\u00e3o apoia e estimula as iniciativas de forma\u00e7\u00e3o, espiritualidade e acompanhamento no campo social e pol\u00edtico, especialmente atrav\u00e9s do Centro Nacional de F\u00e9 e Pol\u00edtica Dom Helder C\u00e2mara (CEFEP).<\/p>\n<p>Visando a promo\u00e7\u00e3o da pastoral org\u00e2nica de conjunto no Brasil, sinal da unidade, comunh\u00e3o e solidariedade eclesiais, a Comiss\u00e3o procura favorecer a integra\u00e7\u00e3o dos &nbsp;Movimentos, Servi\u00e7os Eclesiais, Associa\u00e7\u00f5es Laicais Nascidas dos Carismas das Congrega\u00e7\u00f5es e Ordens Religiosas e das Novas Comunidades.<\/p>\n<p>&nbsp;<\/p>\n<ol>\n<li>\n<h4>A\u00e7\u00e3o Mission\u00e1ria e Coopera\u00e7\u00e3o Intereclesial<\/h4>\n<\/li>\n<\/ol>\n<p><a href=\"http:\/\/www.cnbb.org.br\/missao-ad-gentes-como-atender-ao-chamado-missionario-alem-fronteiras\/missao-jovem-3-2\/\"><img loading=\"lazy\" decoding=\"async\" class=\"size-medium wp-image-201663 alignleft\" src=\"http:\/\/www.cnbb.org.br\/wp-content\/uploads\/sites\/32\/2018\/10\/Miss%C3%A3o-Jovem-3-300x200.jpg\" srcset=\"http:\/\/www.cnbb.org.br\/wp-content\/uploads\/sites\/32\/2018\/10\/Miss\u00e3o-Jovem-3-300x200.jpg 300w, http:\/\/www.cnbb.org.br\/wp-content\/uploads\/sites\/32\/2018\/10\/Miss\u00e3o-Jovem-3.jpg 640w\" alt=\"\" width=\"300\" height=\"200\"><\/a>A Comiss\u00e3o Episcopal Pastoral para a A\u00e7\u00e3o Mission\u00e1ria e Coopera\u00e7\u00e3o Intereclesial tem como incumb\u00eancia favorecer e acompanhar a anima\u00e7\u00e3o, forma\u00e7\u00e3o, articula\u00e7\u00e3o, informa\u00e7\u00e3o e coopera\u00e7\u00e3o mission\u00e1ria da Igreja no Brasil, nos seguintes \u00e2mbitos:<\/p>\n<ol>\n<li>Anima\u00e7\u00e3o mission\u00e1ria: presidir e coordenar o Conselho Mission\u00e1rio Nacional (COMINA); contribuir na assessoria nos Regionais, sobretudo por meio da articula\u00e7\u00e3o dos Conselhos Mission\u00e1rios Regionais e Diocesanos (COMIREs e COMIDIs); promover a espiritualidade e forma\u00e7\u00e3o mission\u00e1ria em colabora\u00e7\u00e3o com os organismos mission\u00e1rios.<\/li>\n<li>Miss\u00e3o Continental: acompanhar e animar as iniciativas nas Igrejas Particulares em vista da convers\u00e3o pastoral para \u201ccolocar a Igreja em estado permanente de miss\u00e3o\u201d; apoiar iniciativas mission\u00e1rias e organiza\u00e7\u00e3o de miss\u00f5es populares; fomentar a forma\u00e7\u00e3o mission\u00e1ria para coordenadores de pastoral, formadores de seminaristas e outros segmentos da vida eclesial.<\/li>\n<li>Coopera\u00e7\u00e3o Intereclesial: acompanhar os projetos de solidariedade mission\u00e1ria ad gentes assumidos pela CNBB; contribuir na articula\u00e7\u00e3o do Projeto Igrejas Irm\u00e3s; apoiar a forma\u00e7\u00e3o de mission\u00e1rios al\u00e9m-fronteiras; atuar na articula\u00e7\u00e3o de organismos e pastorais de coopera\u00e7\u00e3o mission\u00e1ria, como a Pastoral dos Brasileiros no Exterior (PBE).<\/li>\n<\/ol>\n<p>A Comiss\u00e3o coordena e articula a anima\u00e7\u00e3o e coopera\u00e7\u00e3o mission\u00e1ria no Brasil atrav\u00e9s do COMINA.<\/p>\n<p>Realiza suas a\u00e7\u00f5es em comunh\u00e3o com as demais Comiss\u00f5es Pastorais da CNBB, as Pontif\u00edcias Obras Mission\u00e1rias (POM), o Centro Cultural Mission\u00e1rio (CCM) e outros organismos mission\u00e1rios atuantes no Brasil.<\/p>\n<p>&nbsp;<\/p>\n<ol>\n<li>\n<h4>Anima\u00e7\u00e3o B\u00edblico-Catequ\u00e9tica<\/h4>\n<\/li>\n<\/ol>\n<p><a href=\"http:\/\/www.cnbb.org.br\/itinerario-de-formacao-com-catequistas\/catequese-2\/\"><img loading=\"lazy\" decoding=\"async\" class=\"size-medium wp-image-172302 alignright\" src=\"http:\/\/www.cnbb.org.br\/wp-content\/uploads\/sites\/32\/2018\/04\/catequese-300x247.jpg\" srcset=\"http:\/\/www.cnbb.org.br\/wp-content\/uploads\/sites\/32\/2018\/04\/catequese-300x247.jpg 300w, http:\/\/www.cnbb.org.br\/wp-content\/uploads\/sites\/32\/2018\/04\/catequese.jpg 728w\" alt=\"\" width=\"300\" height=\"247\"><\/a>A Comiss\u00e3o Episcopal Pastoral para a Anima\u00e7\u00e3o B\u00edblico-Catequ\u00e9tica est\u00e1 a servi\u00e7o da Igreja do Brasil para operacionalizar as Diretrizes Gerais da A\u00e7\u00e3o Evangelizadora da Igreja no Brasil (DGAE) na \u00f3tica b\u00edblico-catequ\u00e9tica. Atrav\u00e9s dos Bispos Referenciais, das Coordena\u00e7\u00f5es dos Regionais, do Grupo de Refl ex\u00e3o (GREBICAT), da Catequese Junto \u00e0 Pessoa com Defici\u00eancia e Catequese Ind\u00edgena:<\/p>\n<p>a) impulsiona a Anima\u00e7\u00e3o B\u00edblica de toda a Pastoral;<\/p>\n<p>b) estimula a implanta\u00e7\u00e3o da Inicia\u00e7\u00e3o \u00e0 Vida Crist\u00e3, com inspira\u00e7\u00e3o catecumenal, uma catequese mistag\u00f3gica baseada no RICA;<\/p>\n<p>c) promove iniciativas de forma\u00e7\u00e3o, especialmente as Escolas B\u00edblico-Catequ\u00e9ticas;<\/p>\n<p>d) elabora subs\u00eddios para a forma\u00e7\u00e3o;<\/p>\n<p>e) faz da anima\u00e7\u00e3o b\u00edblico-catequ\u00e9tica uma a\u00e7\u00e3o transformadora focada no cuidado de toda a vida.<\/p>\n<p>&nbsp;<\/p>\n<h4>5. Doutrina da F\u00e9<\/h4>\n<p><a href=\"http:\/\/www.cnbb.org.br\/papa-francisco-publica-motu-proprio-sobre-combate-a-lavagem-de-dinheiro-e-financiamento-do-terrorismo\/franciscoassina\/\"><img loading=\"lazy\" decoding=\"async\" class=\"size-medium wp-image-184284 alignleft\" src=\"http:\/\/www.cnbb.org.br\/wp-content\/uploads\/sites\/32\/2018\/04\/Franciscoassina-300x169.jpg\" srcset=\"http:\/\/www.cnbb.org.br\/wp-content\/uploads\/sites\/32\/2018\/04\/Franciscoassina-300x169.jpg 300w, http:\/\/www.cnbb.org.br\/wp-content\/uploads\/sites\/32\/2018\/04\/Franciscoassina.jpg 640w\" alt=\"\" width=\"300\" height=\"169\"><\/a>A Comiss\u00e3o Episcopal Pastoral para a Doutrina da F\u00e9 (CEPDF), composta por 5 bispos, Assessora a CNBB e o episcopado do Brasil em quest\u00f5es doutrinais e teol\u00f3gicas.<\/p>\n<p>Grande parte de seu trabalho \u00e9 a leitura pr\u00e9via das publica\u00e7\u00f5es feitas pela Edi\u00e7\u00f5es CNBB ou em nome de alguma das Comiss\u00f5es da Confer\u00eancia. Suas atribui\u00e7\u00f5es estatut\u00e1rias s\u00e3o: promover a fidelidade \u00e0 doutrina da Igreja, a integridade na sua transmiss\u00e3o, a intelig\u00eancia da f\u00e9, o seu testemunho ante os desafios atuais e, sobretudo, assistir a CNBB no exerc\u00edcio do magist\u00e9rio doutrinal.<\/p>\n<p>A CEPDF conta com a colabora\u00e7\u00e3o do Grupo Interdisciplinar de Peritos (GIP). Composto por 13 peritos nas v\u00e1rias \u00e1reas e disciplinas da teologia entre elas: B\u00edblia, Moral, Liturgia e Dogm\u00e1tica. Esse grupo se re\u00fane ordinariamente uma vez ao ano e seus membros podem ser consultados a respeito de temas espec\u00edficos que sejam submetidos \u00e0 Comiss\u00e3o.<\/p>\n<p>&nbsp;<\/p>\n<ol>\n<li>\n<h4>Liturgia<\/h4>\n<\/li>\n<\/ol>\n<p><a href=\"http:\/\/www.cnbb.org.br\/missao-das-comissoes-episcopais-pastorais-da-cnbb-e-pauta-deste-segundo-dia-da-57a-ag\/objetos-liturgicos\/\"><img loading=\"lazy\" decoding=\"async\" class=\"size-medium wp-image-219009 alignright\" src=\"http:\/\/www.cnbb.org.br\/wp-content\/uploads\/sites\/32\/2019\/05\/objetos-liturgicos-300x200.jpg\" srcset=\"http:\/\/www.cnbb.org.br\/wp-content\/uploads\/sites\/32\/2019\/05\/objetos-liturgicos-300x200.jpg 300w, http:\/\/www.cnbb.org.br\/wp-content\/uploads\/sites\/32\/2019\/05\/objetos-liturgicos-768x512.jpg 768w, http:\/\/www.cnbb.org.br\/wp-content\/uploads\/sites\/32\/2019\/05\/objetos-liturgicos.jpg 1024w\" alt=\"\" width=\"300\" height=\"200\"><\/a>A a\u00e7\u00e3o evangelizadora da Igreja \u201cdestaca o lugar que a liturgia, celebrada na comunidade dos fi\u00e9is, ocupa na a\u00e7\u00e3o mission\u00e1ria da Igreja e no seguimento de Jesus Cristo. Sendo intimamente unida ao conte\u00fado do an\u00fancio (lex orandi, lex credendi), ela \u2018\u00e9 o \u00e1pice para o qual tende a a\u00e7\u00e3o da Igreja e, ao mesmo tempo, a fonte de onde emana toda a sua for\u00e7a\u2019 (SC, n. 10). Por isso, \u2018nenhuma atividade pastoral pode se realizar sem refer\u00eancia \u00e0 liturgia\u2019 (DP, n. 927). Enfim, ela, fonte de verdadeira alegria (At 2,46), tem um papel fundamental na miss\u00e3o evangelizadora da Igreja, na consolida\u00e7\u00e3o da comunidade crist\u00e3, e na forma\u00e7\u00e3o dos disc\u00edpulos mission\u00e1rios\u201d (DGAE, n.46).<\/p>\n<p>Por isso, a Comiss\u00e3o Episcopal Pastoral para a liturgia (CEPL) pretende promover, fortalecer e acompanhar a vida lit\u00fargica da Igreja no Brasil e o seu processo de renova\u00e7\u00e3o e encultura\u00e7\u00e3o, pois a miss\u00e3o da Igreja nasce da \u201cdimens\u00e3o celebrativa\u201d e festiva da f\u00e9 crist\u00e3 centrada no mist\u00e9rio pascal de Cristo Salvador, em particular na Eucaristia\u201d (DAp 99p).<\/p>\n<p>A CEPL comp\u00f5e-se de tr\u00eas setores: Pastoral Lit\u00fargica, M\u00fasica Lit\u00fargica e Espa\u00e7o Lit\u00fargico.<\/p>\n<p>&nbsp;<\/p>\n<ol>\n<li>\n<h4>Ecumenismo e Di\u00e1logo Inter-Religioso<\/h4>\n<\/li>\n<\/ol>\n<p><a href=\"http:\/\/www.cnbb.org.br\/semana-mundial-de-harmonia-inter-religiosa-2018-estimula-compreensao-mutua-entre-religioes\/ecumenismo-3\/\"><img loading=\"lazy\" decoding=\"async\" class=\"size-medium wp-image-164149 alignleft\" src=\"http:\/\/www.cnbb.org.br\/wp-content\/uploads\/sites\/32\/2018\/02\/Ecumenismo-300x193.jpg\" srcset=\"http:\/\/www.cnbb.org.br\/wp-content\/uploads\/sites\/32\/2018\/02\/Ecumenismo-300x193.jpg 300w, http:\/\/www.cnbb.org.br\/wp-content\/uploads\/sites\/32\/2018\/02\/Ecumenismo.jpg 570w\" alt=\"\" width=\"300\" height=\"193\"><\/a>A Comiss\u00e3o Episcopal Pastoral para o Ecumenismo e o Di\u00e1logo Inter-religioso da CNBB tem por miss\u00e3o promover a unidade dos crist\u00e3os e o di\u00e1logo inter-religioso no \u00e2mbito da Igreja Cat\u00f3lica no Brasil, conforme as orienta\u00e7\u00f5es do Magist\u00e9rio e em aten\u00e7\u00e3o ao cen\u00e1rio religioso do pa\u00eds. Cabe \u00e0 Comiss\u00e3o apoiar os Regionais da CNBB na cria\u00e7\u00e3o, na organiza\u00e7\u00e3o e no acompanhamento de Comiss\u00f5es em \u00e2mbito regional e local a fim de que esta mesma dimens\u00e3o seja vivida a partir da base, favorecendo reflex\u00f5es e encontros entre igrejas e lideran\u00e7as de outras tradi\u00e7\u00f5es religiosas.<\/p>\n<p>&nbsp;<\/p>\n<ol>\n<li>\n<h4>A\u00e7\u00e3o Social Transformadora<\/h4>\n<\/li>\n<\/ol>\n<p><a href=\"http:\/\/www.cnbb.org.br\/cnbb-social-acao-social-da-igreja-e-uma-exigencia-da-fe\/solidariedade-revista-cnbb-social\/\"><img loading=\"lazy\" decoding=\"async\" class=\"size-medium wp-image-218341 alignright\" src=\"http:\/\/www.cnbb.org.br\/wp-content\/uploads\/sites\/32\/2019\/04\/solidariedade-revista-cnbb-social-300x104.jpg\" srcset=\"http:\/\/www.cnbb.org.br\/wp-content\/uploads\/sites\/32\/2019\/04\/solidariedade-revista-cnbb-social-300x104.jpg 300w, http:\/\/www.cnbb.org.br\/wp-content\/uploads\/sites\/32\/2019\/04\/solidariedade-revista-cnbb-social-768x266.jpg 768w, http:\/\/www.cnbb.org.br\/wp-content\/uploads\/sites\/32\/2019\/04\/solidariedade-revista-cnbb-social.jpg 928w\" alt=\"\" width=\"300\" height=\"104\"><\/a>Em comunh\u00e3o com a miss\u00e3o da Igreja, as Pastorais Sociais t\u00eam como seu prop\u00f3sito cuidar da vida e defend\u00ea-la, com fidelidade ao Evangelho. \u00c9 justamente neste processo que se vivencia a espiritualidade de uma Igreja samaritana e prof\u00e9tica. Samaritana pela exig\u00eancia do cuidado com a vida amea\u00e7ada; prof\u00e9tica pelo desafio de denunciar as estruturas negadoras da dignidade da vida humana.<\/p>\n<p>Objetivo Geral da Comiss\u00e3o: Contribuir, \u00e0 luz da Palavra de Deus e das DGAE, na promo\u00e7\u00e3o da pessoa e da comunidade, para que se tornem protagonistas, promotoras e defensoras da vida, transformando a sociedade em vista do Reino.<\/p>\n<p>&nbsp;<\/p>\n<ol>\n<li>\n<h4>Cultura e a Educa\u00e7\u00e3o<\/h4>\n<\/li>\n<\/ol>\n<p><a href=\"http:\/\/www.cnbb.org.br\/19o-encontro-nacional-da-pastoral-da-educacao-reunira-educadores-catolicos-de-todo-brasil\/educacao-2\/\"><img loading=\"lazy\" decoding=\"async\" class=\"size-medium wp-image-200741 alignleft\" src=\"http:\/\/www.cnbb.org.br\/wp-content\/uploads\/sites\/32\/2018\/09\/Educa%C3%A7%C3%A3o-2-300x200.jpg\" srcset=\"http:\/\/www.cnbb.org.br\/wp-content\/uploads\/sites\/32\/2018\/09\/Educa\u00e7\u00e3o-2-300x200.jpg 300w, http:\/\/www.cnbb.org.br\/wp-content\/uploads\/sites\/32\/2018\/09\/Educa\u00e7\u00e3o-2.jpg 626w\" alt=\"\" width=\"300\" height=\"200\"><\/a>A Comiss\u00e3o Episcopal Pastoral para Cultura e Educa\u00e7\u00e3o tem a miss\u00e3o de tornar Jesus Cristo contempor\u00e2neo ao mundo da cultura e da educa\u00e7\u00e3o no pa\u00eds. Esta miss\u00e3o \u00e9 cumprida a partir de duas linhas de atua\u00e7\u00e3o, quais sejam, forma\u00e7\u00e3o de agentes pastorais e articula\u00e7\u00e3o da presen\u00e7a de comiss\u00f5es nos regionais da CNBB. A Comiss\u00e3o possui quatro setores: Educa\u00e7\u00e3o, Cultura, Universidades e Ensino Religioso.<\/p>\n<p>Constituem p\u00fablico-alvo da Comiss\u00e3o: educadores, comunidade universit\u00e1ria, professores, estudantes, agentes de pastoral e atores no mundo da cultura e educa\u00e7\u00e3o, e dirigentes crist\u00e3os de empresas.<\/p>\n<ol>\n<li>\n<h4>Vida e Fam\u00edlia<\/h4>\n<\/li>\n<\/ol>\n<p><a href=\"http:\/\/www.cnbb.org.br\/vaticano-divulga-mensagem-para-o-49-dia-mundial-das-comunicacoes-sociais\/papa_familia\/\"><img loading=\"lazy\" decoding=\"async\" class=\"size-medium wp-image-184578 alignright\" src=\"http:\/\/www.cnbb.org.br\/wp-content\/uploads\/sites\/32\/2018\/04\/Papa_familia-300x264.jpg\" srcset=\"http:\/\/www.cnbb.org.br\/wp-content\/uploads\/sites\/32\/2018\/04\/Papa_familia-300x264.jpg 300w, http:\/\/www.cnbb.org.br\/wp-content\/uploads\/sites\/32\/2018\/04\/Papa_familia.jpg 446w\" alt=\"\" width=\"300\" height=\"264\"><\/a>A Comiss\u00e3o Episcopal Pastoral para a Vida e a Fam\u00edlia (CEPVF) que est\u00e1 a servi\u00e7o da miss\u00e3o da Igreja no Brasil, na perspectiva das DGAE, deixando-se de forma especial interpelar pela 5\u00aa urg\u00eancia \u2013 Igreja a servi\u00e7o da vida plena \u2013 , buscou desenvolver durante o ano de 2018 diversos projetos e atividades na busca de promover a cultura de valoriza\u00e7\u00e3o da vida desde a fecunda\u00e7\u00e3o at\u00e9 o t\u00e9rmino natural; bem como promover a fam\u00edlia, como dom precioso e recurso indispens\u00e1vel para a pessoa e a sociedade.<\/p>\n<p>Com uma metodologia firmada na busca da comunh\u00e3o e da participa\u00e7\u00e3o dos diversos agentes da pastoral familiar do Brasil, bem como dos demais crist\u00e3os presentes nos movimentos, servi\u00e7os, institutos e novas comunidades voltados para a evangeliza\u00e7\u00e3o das fam\u00edlias, desenvolveu diversas atividades que conduziram um crescimento na consci\u00eancia de valoriza\u00e7\u00e3o, promo\u00e7\u00e3o e defesa da fam\u00edlia e da vida.<\/p>\n<p>Atrav\u00e9s da Comiss\u00e3o Nacional da Pastoral Familiar (CNPF), organismo vinculado \u00e0 CNBB, a Comiss\u00e3o realiza suas atividades permanentes, tais como o servi\u00e7o de assessoria aos Regionais, Dioceses e Par\u00f3quias da Igreja no Brasil; a condu\u00e7\u00e3o da Secretaria Executiva Nacional da Pastoral Familiar (SECREN), a coordena\u00e7\u00e3o das atividades da Assessoria Pedag\u00f3gica e do Instituto Nacional da Fam\u00edlia e da Pastoral Familiar (INAPAF); a elabora\u00e7\u00e3o de subs\u00eddios de forma\u00e7\u00e3o de evangeliza\u00e7\u00e3o das fam\u00edlias e de forma\u00e7\u00e3o de agentes de pastoral; a manuten\u00e7\u00e3o do seu portal na internet (www.cnpf.org.br) e da p\u00e1gina de Facebook (www.facebook.com\/PastoralFamiliarCNBB).<\/p>\n<ol>\n<li>\n<h4>Comunica\u00e7\u00e3o Social<\/h4>\n<\/li>\n<\/ol>\n<p><a href=\"http:\/\/www.cnbb.org.br\/apresentado-tema-do-dia-mundial-das-comunicacoes-sociais-2016\/diadascomunicacoes\/\"><img loading=\"lazy\" decoding=\"async\" class=\"size-medium wp-image-172911 alignright\" src=\"http:\/\/www.cnbb.org.br\/wp-content\/uploads\/sites\/32\/2018\/04\/diadascomunicacoes-300x189.jpg\" srcset=\"http:\/\/www.cnbb.org.br\/wp-content\/uploads\/sites\/32\/2018\/04\/diadascomunicacoes-300x189.jpg 300w, http:\/\/www.cnbb.org.br\/wp-content\/uploads\/sites\/32\/2018\/04\/diadascomunicacoes.jpg 640w\" alt=\"\" width=\"300\" height=\"189\"><\/a>A Comiss\u00e3o Episcopal Pastoral para a Comunica\u00e7\u00e3o possui car\u00e1ter de servi\u00e7o, apoio e comunh\u00e3o no planejamento, na organiza\u00e7\u00e3o e articula\u00e7\u00e3o de programas e projetos de comunica\u00e7\u00e3o da Igreja no Brasil. Anima o agir comunicativo da Igreja em suas v\u00e1rias dimens\u00f5es fortalecendo o sinergismo entre as diversas iniciativas na \u00e1rea da comunica\u00e7\u00e3o. Estimula a presen\u00e7a da Igreja nas m\u00eddias por meio de encontros e subs\u00eddios formativos para agentes da Pastoral da Comunica\u00e7\u00e3o.<\/p>\n<p>&nbsp;<\/p>\n<ol>\n<li>\n<h4>Juventude<\/h4>\n<\/li>\n<\/ol>\n<p><a href=\"http:\/\/www.cnbb.org.br\/papa-francisco-os-jovens-e-o-sinodo-mensagem-humilde-e-inclusiva-para-motivar-a-juventude\/papa-jovens2\/\"><img loading=\"lazy\" decoding=\"async\" class=\"size-medium wp-image-201629 alignleft\" src=\"http:\/\/www.cnbb.org.br\/wp-content\/uploads\/sites\/32\/2018\/10\/Papa.jovens2-300x200.jpg\" srcset=\"http:\/\/www.cnbb.org.br\/wp-content\/uploads\/sites\/32\/2018\/10\/Papa.jovens2-300x200.jpg 300w, http:\/\/www.cnbb.org.br\/wp-content\/uploads\/sites\/32\/2018\/10\/Papa.jovens2.jpg 740w\" alt=\"\" width=\"300\" height=\"200\"><\/a>A Comiss\u00e3o Episcopal Pastoral para a Juventude (CEPJ), criada na 49\u00aa Assembleia Geral da CNBB, se empenha na organiza\u00e7\u00e3o e anima\u00e7\u00e3o da a\u00e7\u00e3o evangelizadora da Igreja junto aos jovens, favorecendo projetos e mecanismos para o amadurecimento integral do jovem na sua voca\u00e7\u00e3o de disc\u00edpulo mission\u00e1rio de Jesus Cristo. Ela \u00e9 a primeira respons\u00e1vel pela Pastoral Juvenil no pa\u00eds e acompanha mais sistematicamente os seguintes grupos organizados: a Coordena\u00e7\u00e3o Nacional da Pastoral Juvenil (Movimentos, novas Comunidades, Pastorais da Juventude, Congrega\u00e7\u00f5es e Grupos Jovens Paroquiais), a Equipe Jovem de Comunica\u00e7\u00e3o e os Bispos referenciais da juventude dos18 Regionais da CNBB.<\/p>\n<p>A Equipe de Subs\u00eddios \u00e9 formada por adultos. Em vista da valoriza\u00e7\u00e3o e forma\u00e7\u00e3o de todas as express\u00f5es juvenis, a CEPJ tamb\u00e9m promove encontros envolvendo jovens e adultos das Congrega\u00e7\u00f5es Religiosas, Pastorais da Juventude, dos Movimentos Eclesiais, das Novas Comunidades, al\u00e9m de trabalhos conjuntos com outros servi\u00e7os eclesiais: catequese, pastoral da educa\u00e7\u00e3o, pastoral vocacional, pastoral mission\u00e1ria etc.<\/p>\n<p>Com informa\u00e7\u00f5es e fotos do site oficial da CNBB<\/p>\n","protected":false},"excerpt":{"rendered":"<p>A 57\u00aa Assembleia Geral da Confer\u00eancia Nacional dos Bispos do Brasil (CNBB) aborda na manh\u00e3 desta quinta-feira, a miss\u00e3o das Comiss\u00f5es Episcopais Pastorais da confer\u00eancia. Este \u00e9 um dos v\u00e1rios temas que est\u00e3o na pauta deste segundo dia do encontro anual dos bispos, em Aparecida (SP). As doze Comiss\u00f5es Episcopais Pastorais da CNBB, de acordo&nbsp;<\/p>\n<p><a class=\"btn btn-style\" href=\"https:\/\/portalcatolico.net\/portal\/missao-das-comissoes-episcopais-pastorais-da-cnbb-e-pauta-deste-segundo-dia-da-57a-ag\/\">Continue Reading<\/a><\/p>\n","protected":false},"author":2,"featured_media":64316,"comment_status":"open","ping_status":"open","sticky":false,"template":"","format":"standard","meta":{"footnotes":""},"categories":[2],"tags":[],"class_list":["post-64315","post","type-post","status-publish","format-standard","has-post-thumbnail","hentry","category-eventos"],"_links":{"self":[{"href":"https:\/\/portalcatolico.net\/portal\/wp-json\/wp\/v2\/posts\/64315","targetHints":{"allow":["GET"]}}],"collection":[{"href":"https:\/\/portalcatolico.net\/portal\/wp-json\/wp\/v2\/posts"}],"about":[{"href":"https:\/\/portalcatolico.net\/portal\/wp-json\/wp\/v2\/types\/post"}],"author":[{"embeddable":true,"href":"https:\/\/portalcatolico.net\/portal\/wp-json\/wp\/v2\/users\/2"}],"replies":[{"embeddable":true,"href":"https:\/\/portalcatolico.net\/portal\/wp-json\/wp\/v2\/comments?post=64315"}],"version-history":[{"count":1,"href":"https:\/\/portalcatolico.net\/portal\/wp-json\/wp\/v2\/posts\/64315\/revisions"}],"predecessor-version":[{"id":64317,"href":"https:\/\/portalcatolico.net\/portal\/wp-json\/wp\/v2\/posts\/64315\/revisions\/64317"}],"wp:featuredmedia":[{"embeddable":true,"href":"https:\/\/portalcatolico.net\/portal\/wp-json\/wp\/v2\/media\/64316"}],"wp:attachment":[{"href":"https:\/\/portalcatolico.net\/portal\/wp-json\/wp\/v2\/media?parent=64315"}],"wp:term":[{"taxonomy":"category","embeddable":true,"href":"https:\/\/portalcatolico.net\/portal\/wp-json\/wp\/v2\/categories?post=64315"},{"taxonomy":"post_tag","embeddable":true,"href":"https:\/\/portalcatolico.net\/portal\/wp-json\/wp\/v2\/tags?post=64315"}],"curies":[{"name":"wp","href":"https:\/\/api.w.org\/{rel}","templated":true}]}}