{"id":64297,"date":"2019-04-30T12:44:12","date_gmt":"2019-04-30T15:44:12","guid":{"rendered":"http:\/\/portalcatolico.net\/portal\/?p=64297"},"modified":"2019-04-30T21:45:59","modified_gmt":"2019-05-01T00:45:59","slug":"a-forania-norte-da-diocese-de-itabuna-organiza-a-pastoral-da-comunicacao","status":"publish","type":"post","link":"https:\/\/portalcatolico.net\/portal\/a-forania-norte-da-diocese-de-itabuna-organiza-a-pastoral-da-comunicacao\/","title":{"rendered":"A Forania Norte da Diocese de Itabuna organiza a Pastoral da Comunica\u00e7\u00e3o"},"content":{"rendered":"<p>Durante a manh\u00e3 do \u00faltimo domingo, 28 de abril, na Par\u00f3quia Santa&nbsp;Ant\u00f4nio na cidade de&nbsp; Firmino Alves (BA), na casa Paroquial, reuniram-se&nbsp;representantes dos munic\u00edpios pertencentes \u00e0 Forania Norte para&nbsp;organizar oficialmente a Pastoral da Comunica\u00e7\u00e3o (PASCOM).<br \/>\nForam enviados dois membros de cada munic\u00edpio pertencentes \u00e0 forania. Os&nbsp;escolhidos para serem respons\u00e1veis pela pastoral foram os seguintes:&nbsp;Caroline Ribeiro (Par\u00f3quia Santa Ant\u00f4nio de Itoror\u00f3), Val\u00e9ria Almeida&nbsp;(Par\u00f3quia Senhor Deus Menino de Ibicara\u00ed) e Jos\u00e9 Alberto (Par\u00f3quia&nbsp;Senhora Santana de Floresta Azul).<\/p>\n<p>O diretor espiritual e respons\u00e1vel&nbsp;pela PASCOM na Forania \u00e9 o Pe. Jos\u00e9&nbsp; Augusto, p\u00e1roco da Par\u00f3quia Santa&nbsp;Terezinha na cidade de&nbsp; Potiragu\u00e1 (BA).<br \/>\nOs enviados das Par\u00f3quias ficaram satisfeitos com as informa\u00e7\u00f5es&nbsp;recebidas e assumiram o compromisso de vivenciar a PASCOM como eixo&nbsp;transversal de todas as Pastorais da Igreja.<\/p>\n<p>Texto e fotos: Faronia Norte.<\/p>\n<p>Adapta\u00e7\u00e3o de texto: Portal Cat\u00f3lico.<\/p>\n","protected":false},"excerpt":{"rendered":"<p>Durante a manh\u00e3 do \u00faltimo domingo, 28 de abril, na Par\u00f3quia Santa&nbsp;Ant\u00f4nio na cidade de&nbsp; Firmino Alves (BA), na casa Paroquial, reuniram-se&nbsp;representantes dos munic\u00edpios pertencentes \u00e0 Forania Norte para&nbsp;organizar oficialmente a Pastoral da Comunica\u00e7\u00e3o (PASCOM). Foram enviados dois membros de cada munic\u00edpio pertencentes \u00e0 forania. Os&nbsp;escolhidos para serem respons\u00e1veis pela pastoral foram os seguintes:&nbsp;Caroline Ribeiro&nbsp;<\/p>\n<p><a class=\"btn btn-style\" href=\"https:\/\/portalcatolico.net\/portal\/a-forania-norte-da-diocese-de-itabuna-organiza-a-pastoral-da-comunicacao\/\">Continue Reading<\/a><\/p>\n","protected":false},"author":2,"featured_media":64298,"comment_status":"open","ping_status":"open","sticky":false,"template":"","format":"standard","meta":{"footnotes":""},"categories":[4],"tags":[],"class_list":["post-64297","post","type-post","status-publish","format-standard","has-post-thumbnail","hentry","category-destaques"],"_links":{"self":[{"href":"https:\/\/portalcatolico.net\/portal\/wp-json\/wp\/v2\/posts\/64297","targetHints":{"allow":["GET"]}}],"collection":[{"href":"https:\/\/portalcatolico.net\/portal\/wp-json\/wp\/v2\/posts"}],"about":[{"href":"https:\/\/portalcatolico.net\/portal\/wp-json\/wp\/v2\/types\/post"}],"author":[{"embeddable":true,"href":"https:\/\/portalcatolico.net\/portal\/wp-json\/wp\/v2\/users\/2"}],"replies":[{"embeddable":true,"href":"https:\/\/portalcatolico.net\/portal\/wp-json\/wp\/v2\/comments?post=64297"}],"version-history":[{"count":1,"href":"https:\/\/portalcatolico.net\/portal\/wp-json\/wp\/v2\/posts\/64297\/revisions"}],"predecessor-version":[{"id":64299,"href":"https:\/\/portalcatolico.net\/portal\/wp-json\/wp\/v2\/posts\/64297\/revisions\/64299"}],"wp:featuredmedia":[{"embeddable":true,"href":"https:\/\/portalcatolico.net\/portal\/wp-json\/wp\/v2\/media\/64298"}],"wp:attachment":[{"href":"https:\/\/portalcatolico.net\/portal\/wp-json\/wp\/v2\/media?parent=64297"}],"wp:term":[{"taxonomy":"category","embeddable":true,"href":"https:\/\/portalcatolico.net\/portal\/wp-json\/wp\/v2\/categories?post=64297"},{"taxonomy":"post_tag","embeddable":true,"href":"https:\/\/portalcatolico.net\/portal\/wp-json\/wp\/v2\/tags?post=64297"}],"curies":[{"name":"wp","href":"https:\/\/api.w.org\/{rel}","templated":true}]}}