{"id":64291,"date":"2019-04-29T21:37:10","date_gmt":"2019-04-30T00:37:10","guid":{"rendered":"http:\/\/portalcatolico.net\/portal\/?p=64291"},"modified":"2019-04-29T21:37:10","modified_gmt":"2019-04-30T00:37:10","slug":"acao-de-gracas-e-gratidao-no-fim-de-mandato-da-presidencia-da-cnbb","status":"publish","type":"post","link":"https:\/\/portalcatolico.net\/portal\/acao-de-gracas-e-gratidao-no-fim-de-mandato-da-presidencia-da-cnbb\/","title":{"rendered":"A\u00e7\u00e3o de gra\u00e7as e gratid\u00e3o no fim de mandato da presid\u00eancia da CNBB"},"content":{"rendered":"<p>A atual presid\u00eancia da Confer\u00eancia Nacional dos Bispos do Brasil (CNBB) conclui nesta 57\u00aa Assembleia Geral da entidade o seu mandato de quatro anos. Em entrevista \u00e0 revista Bote F\u00e9, que dever\u00e1 ser entregue aos bispos durante a assembleia, o presidente da CNBB, cardeal Sergio da Rocha, afirmou que a conclus\u00e3o do per\u00edodo \u00e0 frente da confer\u00eancia episcopal ocorre \u201ccom sentimentos de a\u00e7\u00e3o de gra\u00e7as a Deus e de gratid\u00e3o a todos os que t\u00eam contribu\u00eddo para que a CNBB realize fielmente a sua miss\u00e3o\u201d.<\/p>\n<div id=\"attachment_218867\" class=\"wp-caption aligncenter\" style=\"width: 725px;\"><a href=\"http:\/\/www.cnbb.org.br\/acao-de-gracas-e-gratidao-no-fim-de-mandato-da-presidencia-da-cnbb\/presidencia-cnbb-2015-2019\/\"><img loading=\"lazy\" decoding=\"async\" class=\" wp-image-218867\" src=\"http:\/\/www.cnbb.org.br\/wp-content\/uploads\/sites\/32\/2019\/04\/Presid%C3%AAncia-CNBB-2015-2019-300x201.png\" srcset=\"http:\/\/www.cnbb.org.br\/wp-content\/uploads\/sites\/32\/2019\/04\/Presid\u00eancia-CNBB-2015-2019-300x201.png 300w, http:\/\/www.cnbb.org.br\/wp-content\/uploads\/sites\/32\/2019\/04\/Presid\u00eancia-CNBB-2015-2019-768x515.png 768w, http:\/\/www.cnbb.org.br\/wp-content\/uploads\/sites\/32\/2019\/04\/Presid\u00eancia-CNBB-2015-2019-1024x687.png 1024w, http:\/\/www.cnbb.org.br\/wp-content\/uploads\/sites\/32\/2019\/04\/Presid\u00eancia-CNBB-2015-2019.png 1578w\" alt=\"\" width=\"725\" height=\"486\" aria-describedby=\"caption-attachment-218867\"><\/a><\/p>\n<p id=\"caption-attachment-218867\" class=\"wp-caption-text\"><em>Presid\u00eancia da CNBB em uma das visitas anuais ao Papa Francisco | L\u2019Osservatore Romano<\/em><\/p>\n<\/div>\n<p>Os tr\u00eas bispos que comp\u00f5em a Presid\u00eancia da CNBB desde 2015 avaliaram algumas atividades, ressaltando aspectos de sua atua\u00e7\u00e3o durante o quadri\u00eanio.<\/p>\n<p>O cardeal Sergio da Rocha come\u00e7ou elencando os trabalhos de conserva\u00e7\u00e3o e reforma do patrim\u00f4nio imobili\u00e1rio da CNBB, como a reforma da sede oficial, a constru\u00e7\u00e3o da sede provis\u00f3ria da CNBB, que abrigar\u00e1 as atividades do Centro Cultural Mission\u00e1rio (CCM), e do edif\u00edcio sede das Edi\u00e7\u00f5es CNBB. Em Roma, dom Sergio citou as obras de reforma da capela e do pr\u00e9dio do Pontif\u00edcio Col\u00e9gio Pio Brasileiro.<\/p>\n<p>Sobre o processo de reforma na sede da CNBB Matriz, o bispo auxiliar de Bras\u00edlia (DF) e secret\u00e1rio-geral da CNBB, dom Leonardo Steiner, agradeceu aos colaboradores do Secretariado-Geral o empenho e a disponibilidade durante a mudan\u00e7a para o pr\u00e9dio da sede provis\u00f3ria e depois com a adapta\u00e7\u00e3o aos novos espa\u00e7os. \u201cDa parte tamb\u00e9m de dom Sergio e de dom Murilo, eu queria tamb\u00e9m deixar uma palavra de gratid\u00e3o. N\u00f3s somos profundamente agradecidos\u201d, disse dom Leonardo durante a \u00faltima missa com os colaboradores da sede.<\/p>\n<div id=\"attachment_218868\" class=\"wp-caption alignleft\" style=\"width: 733px;\"><a href=\"http:\/\/www.cnbb.org.br\/acao-de-gracas-e-gratidao-no-fim-de-mandato-da-presidencia-da-cnbb\/presidencia-lancamento-no-traducao-da-biblia\/\"><img loading=\"lazy\" decoding=\"async\" class=\" wp-image-218868\" src=\"http:\/\/www.cnbb.org.br\/wp-content\/uploads\/sites\/32\/2019\/04\/45986714001_3ca1c4fcb3_b-300x169.jpg\" srcset=\"http:\/\/www.cnbb.org.br\/wp-content\/uploads\/sites\/32\/2019\/04\/45986714001_3ca1c4fcb3_b-300x169.jpg 300w, http:\/\/www.cnbb.org.br\/wp-content\/uploads\/sites\/32\/2019\/04\/45986714001_3ca1c4fcb3_b-768x432.jpg 768w, http:\/\/www.cnbb.org.br\/wp-content\/uploads\/sites\/32\/2019\/04\/45986714001_3ca1c4fcb3_b.jpg 1024w\" alt=\"\" width=\"733\" height=\"413\" aria-describedby=\"caption-attachment-218868\"><\/a><\/p>\n<p id=\"caption-attachment-218868\" class=\"wp-caption-text\"><em>Presid\u00eancia da CNBB no lan\u00e7amento da nova tradu\u00e7\u00e3o da B\u00edblia | Foto: CNBB\/Daniel Flores<\/em><\/p>\n<\/div>\n<p>Na avalia\u00e7\u00e3o de dom Murilo Krieger, \u201cagora, h\u00e1 melhores condi\u00e7\u00f5es de trabalho para quem est\u00e1 \u00e0 frente da Confer\u00eancia em seus diversos campos\u201d.<\/p>\n<p><strong>Documentos<\/strong><br \/>\nNo \u00e2mbito da documenta\u00e7\u00e3o a servi\u00e7o da Igreja no Brasil, continuou dom Sergio, o destaque fica para a revis\u00e3o e a aprova\u00e7\u00e3o das \u201cDiretrizes para a forma\u00e7\u00e3o dos presb\u00edteros da Igreja no Brasil\u201d, do Estatuto da CNBB e das Orienta\u00e7\u00f5es pastorais para a prote\u00e7\u00e3o dos menores. \u201cAl\u00e9m disso, a publica\u00e7\u00e3o da vers\u00e3o oficial da B\u00edblia e a nova tradu\u00e7\u00e3o dos Documentos do Conc\u00edlio Vaticano II\u201d. As atividades tamb\u00e9m foram lembradas por dom Murilo, salientando ainda a revis\u00e3o dos Livros Lit\u00fargicos (Missal e Leituras).<\/p>\n<p><strong>Comunh\u00e3o episcopal<\/strong><br \/>\nO presidente da CNBB tamb\u00e9m destaca a valoriza\u00e7\u00e3o das inst\u00e2ncias de comunh\u00e3o e participa\u00e7\u00e3o da confer\u00eancia, como a Assembleia Geral, o Conselho Permanente e o Conselho Episcopal Pastoral (Consep). Nas decis\u00f5es tomadas e nos pronunciamentos emitidos (notas, declara\u00e7\u00f5es, mensagens), \u201cprocuramos sempre respeit\u00e1-los e valoriz\u00e1-los, ao m\u00e1ximo, ao longo do quadri\u00eanio, assim como os Regionais da CNBB\u201d.<\/p>\n<p><a href=\"http:\/\/www.cnbb.org.br\/cerca-de-500-profissionais-se-mobilizaram-para-garantir-realizacao-da-56a-ag\/foto-56ag\/\"><img loading=\"lazy\" decoding=\"async\" class=\"size-medium wp-image-188419 alignleft\" src=\"http:\/\/www.cnbb.org.br\/wp-content\/uploads\/sites\/32\/2018\/04\/Foto-56AG-300x200.jpg\" srcset=\"http:\/\/www.cnbb.org.br\/wp-content\/uploads\/sites\/32\/2018\/04\/Foto-56AG-300x200.jpg 300w, http:\/\/www.cnbb.org.br\/wp-content\/uploads\/sites\/32\/2018\/04\/Foto-56AG-768x511.jpg 768w, http:\/\/www.cnbb.org.br\/wp-content\/uploads\/sites\/32\/2018\/04\/Foto-56AG.jpg 1000w\" alt=\"\" width=\"300\" height=\"200\"><\/a>Em rela\u00e7\u00e3o aos Regionais, dom Sergio destacou os encontros \u201creunindo bispos da Amaz\u00f4nia e o encontro dos bispos do Nordeste\u201d.<\/p>\n<p>As assembleias gerais da CNBB tamb\u00e9m foram lembradas. Dom Murilo Krieger ressaltou \u201cA cuidadosa prepara\u00e7\u00e3o\u201d do encontro anual dos bispos, o que \u201cdeu tranquilidade aos trabalhos desses momentos t\u00e3o importantes na vida da Igreja no Brasil\u201d.<\/p>\n<p><strong>Postura sociopol\u00edtica<\/strong><br \/>\nDurante o \u00faltimo quadri\u00eanio, o Brasil passou por fortes tens\u00f5es no \u00e2mbito sociopol\u00edtico. Dom Sergio destaca postura da CNBB nestes \u201cmomentos de crise e desafios no \u00e2mbito social e pol\u00edtico, ocorridos neste quadri\u00eanio, como o impeachment, p\u00f3s-impeachment, as Reformas propostas pelo Governo brasileiro e o per\u00edodo eleitoral, por exemplo: \u201ca CNBB cumpriu seu papel prof\u00e9tico, atenta \u00e0 realidade brasileira, na fidelidade a Doutrina Social da Igreja, procurando sempre preservar a unidade do Episcopado e cultivando a comunh\u00e3o com o Papa, que s\u00e3o finalidades da Confer\u00eancia Episcopal\u201d.<\/p>\n<p>O vice-presidente da CNBB, dom Murilo Krieger, ainda ressalta o di\u00e1logo com as autoridades constitu\u00eddas do Pa\u00eds, \u201cna busca de defender valores que nem sempre estavam sendo levado em conta nas diversas esferas de poder\u201d. De acordo com ele, isso serviu \u201cpara nos mostrar o grande prest\u00edgio de que a CNBB goza nos principais centros de decis\u00e3o do Pa\u00eds\u201d.<\/p>\n<p><strong>Anos tem\u00e1ticos<br \/>\n<\/strong>Durante o quadri\u00eanio foram realizados anos tem\u00e1ticos pela Igreja no Brasil que tiveram colabora\u00e7\u00e3o da Presid\u00eancia da CNBB: Ano Santo da Miseric\u00f3rdia; Ano Mariano, com os 300 anos de Aparecida; o Ano Nacional do Laicato; e o Jubileu do Conc\u00edlio Vaticano II. (CNBB)<\/p>\n","protected":false},"excerpt":{"rendered":"<p>A atual presid\u00eancia da Confer\u00eancia Nacional dos Bispos do Brasil (CNBB) conclui nesta 57\u00aa Assembleia Geral da entidade o seu mandato de quatro anos. Em entrevista \u00e0 revista Bote F\u00e9, que dever\u00e1 ser entregue aos bispos durante a assembleia, o presidente da CNBB, cardeal Sergio da Rocha, afirmou que a conclus\u00e3o do per\u00edodo \u00e0 frente&nbsp;<\/p>\n<p><a class=\"btn btn-style\" href=\"https:\/\/portalcatolico.net\/portal\/acao-de-gracas-e-gratidao-no-fim-de-mandato-da-presidencia-da-cnbb\/\">Continue Reading<\/a><\/p>\n","protected":false},"author":2,"featured_media":64292,"comment_status":"open","ping_status":"open","sticky":false,"template":"","format":"standard","meta":{"footnotes":""},"categories":[3],"tags":[],"class_list":["post-64291","post","type-post","status-publish","format-standard","has-post-thumbnail","hentry","category-noticias_regionais"],"_links":{"self":[{"href":"https:\/\/portalcatolico.net\/portal\/wp-json\/wp\/v2\/posts\/64291","targetHints":{"allow":["GET"]}}],"collection":[{"href":"https:\/\/portalcatolico.net\/portal\/wp-json\/wp\/v2\/posts"}],"about":[{"href":"https:\/\/portalcatolico.net\/portal\/wp-json\/wp\/v2\/types\/post"}],"author":[{"embeddable":true,"href":"https:\/\/portalcatolico.net\/portal\/wp-json\/wp\/v2\/users\/2"}],"replies":[{"embeddable":true,"href":"https:\/\/portalcatolico.net\/portal\/wp-json\/wp\/v2\/comments?post=64291"}],"version-history":[{"count":1,"href":"https:\/\/portalcatolico.net\/portal\/wp-json\/wp\/v2\/posts\/64291\/revisions"}],"predecessor-version":[{"id":64293,"href":"https:\/\/portalcatolico.net\/portal\/wp-json\/wp\/v2\/posts\/64291\/revisions\/64293"}],"wp:featuredmedia":[{"embeddable":true,"href":"https:\/\/portalcatolico.net\/portal\/wp-json\/wp\/v2\/media\/64292"}],"wp:attachment":[{"href":"https:\/\/portalcatolico.net\/portal\/wp-json\/wp\/v2\/media?parent=64291"}],"wp:term":[{"taxonomy":"category","embeddable":true,"href":"https:\/\/portalcatolico.net\/portal\/wp-json\/wp\/v2\/categories?post=64291"},{"taxonomy":"post_tag","embeddable":true,"href":"https:\/\/portalcatolico.net\/portal\/wp-json\/wp\/v2\/tags?post=64291"}],"curies":[{"name":"wp","href":"https:\/\/api.w.org\/{rel}","templated":true}]}}