{"id":64257,"date":"2019-04-26T07:23:16","date_gmt":"2019-04-26T10:23:16","guid":{"rendered":"http:\/\/portalcatolico.net\/portal\/?p=64257"},"modified":"2019-04-28T07:24:31","modified_gmt":"2019-04-28T10:24:31","slug":"cnbb-prepara-assembleia-geral-para-maio-de-2019","status":"publish","type":"post","link":"https:\/\/portalcatolico.net\/portal\/cnbb-prepara-assembleia-geral-para-maio-de-2019\/","title":{"rendered":"CNBB prepara Assembleia Geral para maio de 2019"},"content":{"rendered":"<div class=\"util\">\n<div class=\"utiln\">\n<div class=\"noticiaAtivo\">\n<div class=\"propNoti ajustafonte\">\n<p>Na \u00faltima ter\u00e7a-feira, 20\/04, a Confer\u00eancia Nacional dos Bispos do Brasil (CNBB) realizou a 97\u00aa Reuni\u00e3o Ordin\u00e1ria do Conselho Permanente e teve como destaque central a organiza\u00e7\u00e3o da 57\u00aa Assembleia Geral da CNBB. Com data marcada para acontecer entre os dias 1 e 10 de maio de 2019, a Assembleia acontecer\u00e1 como de costume em Aparecida (SP) e ter\u00e1 como objetivo central atualizar as Diretrizes Gerais da A\u00e7\u00e3o Evangelizadora da Igreja no Brasil para o per\u00edodo de 2019 a 2023.<\/p>\n<p>A equipe de reda\u00e7\u00e3o, composta por bispos e peritos, e coordenada pelo arcebispo de S\u00e3o Luiz (MA), Dom Jos\u00e9 Belis\u00e1rio da Silva, j\u00e1 se reuniu duas vezes. O resultado desta produ\u00e7\u00e3o ser\u00e1 apresentado aos bispos do Conselho Permanente. O Conselho Permanente, \u00e9 constitu\u00eddo pela presid\u00eancia, presidentes das comiss\u00f5es episcopais e membros eleitos dos conselhos episcopais regionais.<\/p>\n<p>Os membros do Conselho Permanente tamb\u00e9m votar\u00e3o o texto \u2018Minist\u00e9rio e Celebra\u00e7\u00e3o da Palavra\u2019, fruto da jun\u00e7\u00e3o do trabalho de duas comiss\u00f5es especiais de trabalho. A atualiza\u00e7\u00e3o das orienta\u00e7\u00f5es para a celebra\u00e7\u00e3o da Palavra tem como base o Documento 52 da CNBB, aprovado durante a 32\u00aa Assembleia Geral da CNBB, em 1994.<\/p>\n<p>Al\u00e9m da organiza\u00e7\u00e3o da 57\u00aa Assembleia Geral da CNBB, o Conselho Permanente, que ficar\u00e1 reunido at\u00e9 o dia 22 de novembro, lan\u00e7ar\u00e1 na quarta-feira, 21, uma nova tradu\u00e7\u00e3o oficial da B\u00edblia. A nova tradu\u00e7\u00e3o, que servir\u00e1 de refer\u00eancia para a Igreja no Brasil, \u00e9 o resultado de 11 anos de trabalho. Como recomenda o Conc\u00edlio Vaticano II, a tradu\u00e7\u00e3o se baseia nos textos originais hebraicos, aramaicos e gregos, cotejados com a Nova Vulgata \u2013 a tradu\u00e7\u00e3o oficial cat\u00f3lica. Esta nova vers\u00e3o ser\u00e1 usada nas futuras publica\u00e7\u00f5es oficiais da Igreja no Brasil (lecion\u00e1rios lit\u00fargicos, documentos).<\/p>\n<p>O presidente da CNBB,<strong>&nbsp;cardeal S\u00e9rgio da Rocha<\/strong>, e os padres sinodais brasileiros que integram o Conselho Permanente, tamb\u00e9m far\u00e3o um repasse da<strong>&nbsp;XV Assembleia Geral Ordin\u00e1ria do S\u00ednodo dos Bispos<\/strong>, realizada em Roma, de 03 a 28 de outubro deste ano, cujo tema foi a juventude. O S\u00ednodo 2019, cujo tema \u00e9 a Amaz\u00f4nia, tamb\u00e9m ser\u00e1 objeto de estudos e encaminhamentos do conselho.<\/p>\n<p>A 97\u00aa Reuni\u00e3o Ordin\u00e1ria do Conselho Permanente tamb\u00e9m se dedicar\u00e1 a outros assuntos: an\u00e1lise de conjuntura brasileira, reforma do pr\u00e9dio sede, comunicado das comiss\u00f5es e seus servi\u00e7os, a migra\u00e7\u00e3o em Roraima e o Plano Caminhos de Solidariedade, elei\u00e7\u00e3o do Secret\u00e1rio do Centro Cultura Mission\u00e1rio (CCM) da CNBB.<\/p>\n<p>Fonte: Can\u00e7\u00e3o Nova<\/p>\n<div class=\"clear\">&nbsp;<\/div>\n<\/div>\n<div class=\"clear\">&nbsp;<\/div>\n<\/div>\n<div class=\"divulgacao\">\n<div class=\"imprimir\">&nbsp;<\/div>\n<div class=\"indicar\">&nbsp;<\/div>\n<div class=\"face\">&nbsp;<\/div>\n<\/div>\n<\/div>\n<\/div>\n","protected":false},"excerpt":{"rendered":"<p>Na \u00faltima ter\u00e7a-feira, 20\/04, a Confer\u00eancia Nacional dos Bispos do Brasil (CNBB) realizou a 97\u00aa Reuni\u00e3o Ordin\u00e1ria do Conselho Permanente e teve como destaque central a organiza\u00e7\u00e3o da 57\u00aa Assembleia Geral da CNBB. Com data marcada para acontecer entre os dias 1 e 10 de maio de 2019, a Assembleia acontecer\u00e1 como de costume em&nbsp;<\/p>\n<p><a class=\"btn btn-style\" href=\"https:\/\/portalcatolico.net\/portal\/cnbb-prepara-assembleia-geral-para-maio-de-2019\/\">Continue Reading<\/a><\/p>\n","protected":false},"author":2,"featured_media":64258,"comment_status":"open","ping_status":"open","sticky":false,"template":"","format":"standard","meta":{"footnotes":""},"categories":[3],"tags":[],"class_list":["post-64257","post","type-post","status-publish","format-standard","has-post-thumbnail","hentry","category-noticias_regionais"],"_links":{"self":[{"href":"https:\/\/portalcatolico.net\/portal\/wp-json\/wp\/v2\/posts\/64257","targetHints":{"allow":["GET"]}}],"collection":[{"href":"https:\/\/portalcatolico.net\/portal\/wp-json\/wp\/v2\/posts"}],"about":[{"href":"https:\/\/portalcatolico.net\/portal\/wp-json\/wp\/v2\/types\/post"}],"author":[{"embeddable":true,"href":"https:\/\/portalcatolico.net\/portal\/wp-json\/wp\/v2\/users\/2"}],"replies":[{"embeddable":true,"href":"https:\/\/portalcatolico.net\/portal\/wp-json\/wp\/v2\/comments?post=64257"}],"version-history":[{"count":1,"href":"https:\/\/portalcatolico.net\/portal\/wp-json\/wp\/v2\/posts\/64257\/revisions"}],"predecessor-version":[{"id":64259,"href":"https:\/\/portalcatolico.net\/portal\/wp-json\/wp\/v2\/posts\/64257\/revisions\/64259"}],"wp:featuredmedia":[{"embeddable":true,"href":"https:\/\/portalcatolico.net\/portal\/wp-json\/wp\/v2\/media\/64258"}],"wp:attachment":[{"href":"https:\/\/portalcatolico.net\/portal\/wp-json\/wp\/v2\/media?parent=64257"}],"wp:term":[{"taxonomy":"category","embeddable":true,"href":"https:\/\/portalcatolico.net\/portal\/wp-json\/wp\/v2\/categories?post=64257"},{"taxonomy":"post_tag","embeddable":true,"href":"https:\/\/portalcatolico.net\/portal\/wp-json\/wp\/v2\/tags?post=64257"}],"curies":[{"name":"wp","href":"https:\/\/api.w.org\/{rel}","templated":true}]}}