{"id":64236,"date":"2019-04-27T12:51:58","date_gmt":"2019-04-27T15:51:58","guid":{"rendered":"http:\/\/portalcatolico.net\/portal\/?p=64236"},"modified":"2019-04-27T12:53:32","modified_gmt":"2019-04-27T15:53:32","slug":"exortacao-christus-vivit-estes-sao-os-12-jovens-santos-do-papa-francisco","status":"publish","type":"post","link":"https:\/\/portalcatolico.net\/portal\/exortacao-christus-vivit-estes-sao-os-12-jovens-santos-do-papa-francisco\/","title":{"rendered":"Exorta\u00e7\u00e3o \u201cChristus vivit\u201d: estes s\u00e3o os 12 jovens santos do Papa Francisco"},"content":{"rendered":"<p>\u201cO cora\u00e7\u00e3o da Igreja tamb\u00e9m est\u00e1 cheio de jovens santos que deram a vida por Cristo, muitos deles ao mart\u00edrio.\u201d \u00c9 o que o Papa Francisco reconhece no segundo cap\u00edtulo do Christus vivit, a exorta\u00e7\u00e3o apost\u00f3lica p\u00f3s-sinodal aos jovens e a todo o povo de Deus.<\/p>\n<p>Para Francisco, \u201ceram belos reflexos do jovem Cristo que brilham para nos estimular e nos tirar da sonol\u00eancia\u201d. A seguir, apresentamos a voc\u00eas 12 jovens, de diferentes momentos da hist\u00f3ria, que \u201cviviam a santidade cada um \u00e0 sua maneira\u201d, que \u201cn\u00e3o conheciam a vida adulta e nos deixaram o testemunho de outra maneira de viver a juventude\u201d, segundo reconhece Francisco.&nbsp;<strong>Estes s\u00e3o&nbsp;<\/strong><strong>os 12 jo<\/strong><strong>vens santos do papa:<\/strong><\/p>\n<p><strong>1. S\u00e3o Sebasti\u00e3o<\/strong><\/p>\n<p><a class=\"fancyboxforwp\" href=\"http:\/\/jovensconectados.org.br\/wp-content\/uploads\/2019\/04\/Santos-do-Papa-8.png\" data-fancybox=\"gallery\"><img loading=\"lazy\" decoding=\"async\" class=\"aligncenter size-full wp-image-49881\" src=\"http:\/\/jovensconectados.org.br\/wp-content\/uploads\/2019\/04\/Santos-do-Papa-8.png\" sizes=\"auto, (max-width: 604px) 100vw, 604px\" srcset=\"http:\/\/jovensconectados.org.br\/wp-content\/uploads\/2019\/04\/Santos-do-Papa-8.png 604w, http:\/\/jovensconectados.org.br\/wp-content\/uploads\/2019\/04\/Santos-do-Papa-8-300x112.png 300w, http:\/\/jovensconectados.org.br\/wp-content\/uploads\/2019\/04\/Santos-do-Papa-8-150x56.png 150w\" alt=\"\" width=\"604\" height=\"225\"><\/a><br \/>\n\u201cNo terceiro s\u00e9culo, S\u00e3o Sebasti\u00e3o era um jovem capit\u00e3o da guarda pretoriana. Eles dizem que ele falou sobre Cristo em todos os lugares e tentou converter seus companheiros, at\u00e9 que ele foi ordenado a renunciar \u00e0 sua f\u00e9. Como ele n\u00e3o aceitou, eles lan\u00e7aram uma chuva de flechas sobre ele, mas ele sobreviveu e continuou a anunciar Cristo sem medo. Finalmente, eles o a\u00e7oitaram at\u00e9 a morte \u201c.<\/p>\n<p><strong>2. S\u00e3o Francisco de Assis<\/strong><\/p>\n<p><a class=\"fancyboxforwp\" href=\"http:\/\/jovensconectados.org.br\/wp-content\/uploads\/2019\/04\/Santos-do-Papa-7.png\" data-fancybox=\"gallery\"><img loading=\"lazy\" decoding=\"async\" class=\"aligncenter size-full wp-image-49880\" src=\"http:\/\/jovensconectados.org.br\/wp-content\/uploads\/2019\/04\/Santos-do-Papa-7.png\" sizes=\"auto, (max-width: 604px) 100vw, 604px\" srcset=\"http:\/\/jovensconectados.org.br\/wp-content\/uploads\/2019\/04\/Santos-do-Papa-7.png 604w, http:\/\/jovensconectados.org.br\/wp-content\/uploads\/2019\/04\/Santos-do-Papa-7-300x112.png 300w, http:\/\/jovensconectados.org.br\/wp-content\/uploads\/2019\/04\/Santos-do-Papa-7-150x56.png 150w\" alt=\"\" width=\"604\" height=\"225\"><\/a><br \/>\n\u201cS\u00e3o Francisco de Assis, sendo muito jovem e cheio de sonhos, ouviu o chamado de Jesus para ser pobre como ele e para restaurar a Igreja com o seu testemunho. Ele renunciou a tudo com alegria e \u00e9 o santo da fraternidade universal, o irm\u00e3o de todos, que louvou o Senhor por suas criaturas. Ele morreu em 1226. \u201c<\/p>\n<p><strong>3. Santa Joana d\u2019Arc<\/strong><\/p>\n<p><a class=\"fancyboxforwp\" href=\"http:\/\/jovensconectados.org.br\/wp-content\/uploads\/2019\/04\/Santos-do-Papa-5.png\" data-fancybox=\"gallery\"><img loading=\"lazy\" decoding=\"async\" class=\"aligncenter size-full wp-image-49878\" src=\"http:\/\/jovensconectados.org.br\/wp-content\/uploads\/2019\/04\/Santos-do-Papa-5.png\" sizes=\"auto, (max-width: 604px) 100vw, 604px\" srcset=\"http:\/\/jovensconectados.org.br\/wp-content\/uploads\/2019\/04\/Santos-do-Papa-5.png 604w, http:\/\/jovensconectados.org.br\/wp-content\/uploads\/2019\/04\/Santos-do-Papa-5-300x112.png 300w, http:\/\/jovensconectados.org.br\/wp-content\/uploads\/2019\/04\/Santos-do-Papa-5-150x56.png 150w\" alt=\"\" width=\"604\" height=\"225\"><\/a><br \/>\n\u201cSanta Joana d\u2019Arc nasceu em 1412. Era uma jovem camponesa que, apesar de jovem, lutou para defender a Fran\u00e7a dos invasores. Incompreendido por sua apar\u00eancia e seu modo de viver a f\u00e9, ela morreu na fogueira. \u201c<\/p>\n<p><strong>4. Beato Andrew Ph\u00fb Y\u00ean<\/strong><\/p>\n<p><a class=\"fancyboxforwp\" href=\"http:\/\/jovensconectados.org.br\/wp-content\/uploads\/2019\/04\/Santos-do-Papa-6.png\" data-fancybox=\"gallery\"><img loading=\"lazy\" decoding=\"async\" class=\"aligncenter size-full wp-image-49879\" src=\"http:\/\/jovensconectados.org.br\/wp-content\/uploads\/2019\/04\/Santos-do-Papa-6.png\" sizes=\"auto, (max-width: 604px) 100vw, 604px\" srcset=\"http:\/\/jovensconectados.org.br\/wp-content\/uploads\/2019\/04\/Santos-do-Papa-6.png 604w, http:\/\/jovensconectados.org.br\/wp-content\/uploads\/2019\/04\/Santos-do-Papa-6-300x112.png 300w, http:\/\/jovensconectados.org.br\/wp-content\/uploads\/2019\/04\/Santos-do-Papa-6-150x56.png 150w\" alt=\"\" width=\"604\" height=\"225\"><\/a><br \/>\n\u201cO Beato Andrew Ph\u00fb Y\u00ean era um jovem vietnamita do s\u00e9culo XVII. Ele foi catequista e ajudou os mission\u00e1rios. Ele foi feito prisioneiro por sua f\u00e9 e, por n\u00e3o querer renunciar, foi assassinado. Ele morreu dizendo: \u2018Jesus\u2019 \u201c.<\/p>\n<p><strong>5. Santa Catarina Tekakwitha<\/strong><\/p>\n<p><a class=\"fancyboxforwp\" href=\"http:\/\/jovensconectados.org.br\/wp-content\/uploads\/2019\/04\/Santos-do-Papa-3.png\" data-fancybox=\"gallery\"><img loading=\"lazy\" decoding=\"async\" class=\"aligncenter size-full wp-image-49876\" src=\"http:\/\/jovensconectados.org.br\/wp-content\/uploads\/2019\/04\/Santos-do-Papa-3.png\" sizes=\"auto, (max-width: 604px) 100vw, 604px\" srcset=\"http:\/\/jovensconectados.org.br\/wp-content\/uploads\/2019\/04\/Santos-do-Papa-3.png 604w, http:\/\/jovensconectados.org.br\/wp-content\/uploads\/2019\/04\/Santos-do-Papa-3-300x112.png 300w, http:\/\/jovensconectados.org.br\/wp-content\/uploads\/2019\/04\/Santos-do-Papa-3-150x56.png 150w\" alt=\"\" width=\"604\" height=\"225\"><\/a><br \/>\n\u201cNo s\u00e9culo XVII, Santa Catarina Tekakwitha, uma jovem leiga nativa da Am\u00e9rica do Norte, sofreu persegui\u00e7\u00e3o por sua f\u00e9 e fugiu de caminhar mais de 300 quil\u00f4metros por densas florestas. Ele se consagrou a Deus e morreu dizendo: \u2018Jesus, eu te amo!\u2019 \u201c.<\/p>\n<p><strong>6. S\u00e3o Domingos S\u00e1vio<\/strong><\/p>\n<p><a class=\"fancyboxforwp\" href=\"http:\/\/jovensconectados.org.br\/wp-content\/uploads\/2019\/04\/Santos-do-Papa-4.png\" data-fancybox=\"gallery\"><img loading=\"lazy\" decoding=\"async\" class=\"aligncenter size-full wp-image-49877\" src=\"http:\/\/jovensconectados.org.br\/wp-content\/uploads\/2019\/04\/Santos-do-Papa-4.png\" sizes=\"auto, (max-width: 604px) 100vw, 604px\" srcset=\"http:\/\/jovensconectados.org.br\/wp-content\/uploads\/2019\/04\/Santos-do-Papa-4.png 604w, http:\/\/jovensconectados.org.br\/wp-content\/uploads\/2019\/04\/Santos-do-Papa-4-300x112.png 300w, http:\/\/jovensconectados.org.br\/wp-content\/uploads\/2019\/04\/Santos-do-Papa-4-150x56.png 150w\" alt=\"\" width=\"604\" height=\"225\"><\/a><br \/>\n\u201cS\u00e3o Domingos S\u00e1vio ofereceu a Maria todos os seus sofrimentos. Quando S\u00e3o Jo\u00e3o Bosco lhe ensinou que a santidade significa ser sempre feliz, ele abriu o cora\u00e7\u00e3o para uma alegria contagiante. Ele tentou estar perto de seus companheiros mais marginalizados e doentes. Ele morreu em 1857 com a idade de quatorze anos, dizendo: \u2018Que maravilha estou vendo!\u2019 \u201c.<\/p>\n<p><strong>7. Santa Teresa do Menino Jesus<\/strong><\/p>\n<p><a class=\"fancyboxforwp\" href=\"http:\/\/jovensconectados.org.br\/wp-content\/uploads\/2019\/04\/Santos-do-Papa-1.png\" data-fancybox=\"gallery\"><img loading=\"lazy\" decoding=\"async\" class=\"aligncenter size-full wp-image-49874\" src=\"http:\/\/jovensconectados.org.br\/wp-content\/uploads\/2019\/04\/Santos-do-Papa-1.png\" sizes=\"auto, (max-width: 604px) 100vw, 604px\" srcset=\"http:\/\/jovensconectados.org.br\/wp-content\/uploads\/2019\/04\/Santos-do-Papa-1.png 604w, http:\/\/jovensconectados.org.br\/wp-content\/uploads\/2019\/04\/Santos-do-Papa-1-300x112.png 300w, http:\/\/jovensconectados.org.br\/wp-content\/uploads\/2019\/04\/Santos-do-Papa-1-150x56.png 150w\" alt=\"\" width=\"604\" height=\"225\"><\/a><br \/>\n\u201cSanta Teresa do Menino Jesus nasceu em 1873. Aos 15 anos, atrav\u00e9s de muitas dificuldades, conseguiu entrar em um convento carmelita. Ele viveu o caminho da total confian\u00e7a no amor do Senhor e prop\u00f4s nutrir com a sua ora\u00e7\u00e3o o fogo do amor que move a Igreja \u201c.<\/p>\n<p><strong>8. Beato Ceferino Namuncur\u00e1<\/strong><\/p>\n<p><a class=\"fancyboxforwp\" href=\"http:\/\/jovensconectados.org.br\/wp-content\/uploads\/2019\/04\/Santos-do-Papa-10.png\" data-fancybox=\"gallery\"><img loading=\"lazy\" decoding=\"async\" class=\"aligncenter size-full wp-image-49884\" src=\"http:\/\/jovensconectados.org.br\/wp-content\/uploads\/2019\/04\/Santos-do-Papa-10.png\" sizes=\"auto, (max-width: 604px) 100vw, 604px\" srcset=\"http:\/\/jovensconectados.org.br\/wp-content\/uploads\/2019\/04\/Santos-do-Papa-10.png 604w, http:\/\/jovensconectados.org.br\/wp-content\/uploads\/2019\/04\/Santos-do-Papa-10-300x112.png 300w, http:\/\/jovensconectados.org.br\/wp-content\/uploads\/2019\/04\/Santos-do-Papa-10-150x56.png 150w\" alt=\"\" width=\"604\" height=\"225\"><\/a><br \/>\n\u201cO beato Ceferino Namuncur\u00e1 era um jovem argentino, filho de um proeminente chefe dos povos nativos. Tornou-se seminarista salesiano, cheio de vontade de voltar \u00e0 sua tribo para trazer Jesus Cristo. Ele morreu em 1905. \u201d<\/p>\n<p><strong>9. Beato&nbsp;Isidoro Bakanja<\/strong><\/p>\n<p><a class=\"fancyboxforwp\" href=\"http:\/\/jovensconectados.org.br\/wp-content\/uploads\/2019\/04\/Santos-do-Papa-11.png\" data-fancybox=\"gallery\"><img loading=\"lazy\" decoding=\"async\" class=\"aligncenter size-full wp-image-49885\" src=\"http:\/\/jovensconectados.org.br\/wp-content\/uploads\/2019\/04\/Santos-do-Papa-11.png\" sizes=\"auto, (max-width: 604px) 100vw, 604px\" srcset=\"http:\/\/jovensconectados.org.br\/wp-content\/uploads\/2019\/04\/Santos-do-Papa-11.png 604w, http:\/\/jovensconectados.org.br\/wp-content\/uploads\/2019\/04\/Santos-do-Papa-11-300x112.png 300w, http:\/\/jovensconectados.org.br\/wp-content\/uploads\/2019\/04\/Santos-do-Papa-11-150x56.png 150w\" alt=\"\" width=\"604\" height=\"225\"><\/a><br \/>\n\u201cAben\u00e7oado Beato&nbsp;Isidoro Bakanja era um leigo no Congo que deu testemunho de sua f\u00e9. Ele foi torturado por um longo tempo por propor o cristianismo para outros jovens. Ele morreu perdoando seu carrasco em 1909. \u201c<\/p>\n<p><strong>10. Beato Pier Giorgio Frassati<\/strong><\/p>\n<p><a class=\"fancyboxforwp\" href=\"http:\/\/jovensconectados.org.br\/wp-content\/uploads\/2019\/04\/Santos-do-Papa-2.png\" data-fancybox=\"gallery\"><img loading=\"lazy\" decoding=\"async\" class=\"aligncenter size-full wp-image-49875\" src=\"http:\/\/jovensconectados.org.br\/wp-content\/uploads\/2019\/04\/Santos-do-Papa-2.png\" sizes=\"auto, (max-width: 604px) 100vw, 604px\" srcset=\"http:\/\/jovensconectados.org.br\/wp-content\/uploads\/2019\/04\/Santos-do-Papa-2.png 604w, http:\/\/jovensconectados.org.br\/wp-content\/uploads\/2019\/04\/Santos-do-Papa-2-300x112.png 300w, http:\/\/jovensconectados.org.br\/wp-content\/uploads\/2019\/04\/Santos-do-Papa-2-150x56.png 150w\" alt=\"\" width=\"604\" height=\"225\"><\/a><br \/>\n\u201cBeato Pier Giorgio Frassati, morto em 1925,\u201d era um jovem com uma alegria contagiante, uma alegria que tamb\u00e9m superou tantas dificuldades em sua vida. Ele disse que estava tentando devolver o amor de Jesus que recebeu em comunh\u00e3o, visitando e ajudando os pobres \u201c.<\/p>\n<p><strong>11. Beato&nbsp;Marcel Callo&nbsp;<\/strong><\/p>\n<p><a class=\"fancyboxforwp\" href=\"http:\/\/jovensconectados.org.br\/wp-content\/uploads\/2019\/04\/Santos-do-Papa-12.png\" data-fancybox=\"gallery\"><img loading=\"lazy\" decoding=\"async\" class=\"aligncenter size-full wp-image-49886\" src=\"http:\/\/jovensconectados.org.br\/wp-content\/uploads\/2019\/04\/Santos-do-Papa-12.png\" sizes=\"auto, (max-width: 604px) 100vw, 604px\" srcset=\"http:\/\/jovensconectados.org.br\/wp-content\/uploads\/2019\/04\/Santos-do-Papa-12.png 604w, http:\/\/jovensconectados.org.br\/wp-content\/uploads\/2019\/04\/Santos-do-Papa-12-300x112.png 300w, http:\/\/jovensconectados.org.br\/wp-content\/uploads\/2019\/04\/Santos-do-Papa-12-150x56.png 150w\" alt=\"\" width=\"604\" height=\"225\"><\/a><br \/>\n\u201cBem-aventurados Marcel Callo era um jovem franc\u00eas que morreu em 1945. \u00c1ustria foi preso em um campo de concentra\u00e7\u00e3o onde eles confortou a f\u00e9 de seus companheiros cativos no meio de trabalho duro\u201d.<\/p>\n<p><strong>12. Beata Chiara Badano<\/strong><\/p>\n<p><a class=\"fancyboxforwp\" href=\"http:\/\/jovensconectados.org.br\/wp-content\/uploads\/2019\/04\/Santos-do-Papa-9.png\" data-fancybox=\"gallery\"><img loading=\"lazy\" decoding=\"async\" class=\"aligncenter size-full wp-image-49883\" src=\"http:\/\/jovensconectados.org.br\/wp-content\/uploads\/2019\/04\/Santos-do-Papa-9.png\" sizes=\"auto, (max-width: 604px) 100vw, 604px\" srcset=\"http:\/\/jovensconectados.org.br\/wp-content\/uploads\/2019\/04\/Santos-do-Papa-9.png 604w, http:\/\/jovensconectados.org.br\/wp-content\/uploads\/2019\/04\/Santos-do-Papa-9-300x112.png 300w, http:\/\/jovensconectados.org.br\/wp-content\/uploads\/2019\/04\/Santos-do-Papa-9-150x56.png 150w\" alt=\"\" width=\"604\" height=\"225\"><\/a><\/p>\n<p>\u201cA jovem Beata Chiara Badano, que morreu em 1990\u2033, experimentou como a dor pode ser transfigurada pelo amor [\u2026]. A chave para sua paz e alegria era a total confian\u00e7a no Senhor e a aceita\u00e7\u00e3o da doen\u00e7a como uma express\u00e3o misteriosa de sua vontade para seu pr\u00f3prio bem e o dos outros. \u2018\u201d<\/p>\n<p><strong>Qual \u00e9 o seu santo de devo\u00e7\u00e3o? Os santos s\u00e3o os nossos amigos do C\u00e9u!<\/strong><\/p>\n<p>Fonte:Jovensconectados<\/p>\n","protected":false},"excerpt":{"rendered":"<p>\u201cO cora\u00e7\u00e3o da Igreja tamb\u00e9m est\u00e1 cheio de jovens santos que deram a vida por Cristo, muitos deles ao mart\u00edrio.\u201d \u00c9 o que o Papa Francisco reconhece no segundo cap\u00edtulo do Christus vivit, a exorta\u00e7\u00e3o apost\u00f3lica p\u00f3s-sinodal aos jovens e a todo o povo de Deus. Para Francisco, \u201ceram belos reflexos do jovem Cristo que&nbsp;<\/p>\n<p><a class=\"btn btn-style\" href=\"https:\/\/portalcatolico.net\/portal\/exortacao-christus-vivit-estes-sao-os-12-jovens-santos-do-papa-francisco\/\">Continue Reading<\/a><\/p>\n","protected":false},"author":2,"featured_media":64237,"comment_status":"open","ping_status":"open","sticky":false,"template":"","format":"standard","meta":{"footnotes":""},"categories":[69],"tags":[],"class_list":["post-64236","post","type-post","status-publish","format-standard","has-post-thumbnail","hentry","category-artigos"],"_links":{"self":[{"href":"https:\/\/portalcatolico.net\/portal\/wp-json\/wp\/v2\/posts\/64236","targetHints":{"allow":["GET"]}}],"collection":[{"href":"https:\/\/portalcatolico.net\/portal\/wp-json\/wp\/v2\/posts"}],"about":[{"href":"https:\/\/portalcatolico.net\/portal\/wp-json\/wp\/v2\/types\/post"}],"author":[{"embeddable":true,"href":"https:\/\/portalcatolico.net\/portal\/wp-json\/wp\/v2\/users\/2"}],"replies":[{"embeddable":true,"href":"https:\/\/portalcatolico.net\/portal\/wp-json\/wp\/v2\/comments?post=64236"}],"version-history":[{"count":2,"href":"https:\/\/portalcatolico.net\/portal\/wp-json\/wp\/v2\/posts\/64236\/revisions"}],"predecessor-version":[{"id":64240,"href":"https:\/\/portalcatolico.net\/portal\/wp-json\/wp\/v2\/posts\/64236\/revisions\/64240"}],"wp:featuredmedia":[{"embeddable":true,"href":"https:\/\/portalcatolico.net\/portal\/wp-json\/wp\/v2\/media\/64237"}],"wp:attachment":[{"href":"https:\/\/portalcatolico.net\/portal\/wp-json\/wp\/v2\/media?parent=64236"}],"wp:term":[{"taxonomy":"category","embeddable":true,"href":"https:\/\/portalcatolico.net\/portal\/wp-json\/wp\/v2\/categories?post=64236"},{"taxonomy":"post_tag","embeddable":true,"href":"https:\/\/portalcatolico.net\/portal\/wp-json\/wp\/v2\/tags?post=64236"}],"curies":[{"name":"wp","href":"https:\/\/api.w.org\/{rel}","templated":true}]}}