{"id":64233,"date":"2019-05-02T18:06:52","date_gmt":"2019-05-02T21:06:52","guid":{"rendered":"http:\/\/portalcatolico.net\/portal\/?p=64233"},"modified":"2019-05-02T18:36:03","modified_gmt":"2019-05-02T21:36:03","slug":"novenario-e-festa-em-louvor-a-nossa-senhora-de-fatima-acontece-em-maio","status":"publish","type":"post","link":"https:\/\/portalcatolico.net\/portal\/novenario-e-festa-em-louvor-a-nossa-senhora-de-fatima-acontece-em-maio\/","title":{"rendered":"Noven\u00e1rio e Festa em louvor \u00e0 Nossa Senhora de F\u00e1tima acontece em Maio!"},"content":{"rendered":"<p style=\"text-align: left;\">A Par\u00f3quia Nossa Senhora de F\u00e1tima, situada na Avenida Juraci Magalh\u00e3es,&nbsp;no bairro de F\u00e1tima, em Itabuna (BA) realizar\u00e1 de 04 a 13 de maio, o&nbsp;noven\u00e1rio e festa de sua padroeira Nossa Senhora de F\u00e1tima&nbsp; que ter\u00e1&nbsp;como&nbsp; tema central: &#8220;Nossa Senhora de F\u00e1tima, inspira\u00e7\u00e3o para uma&nbsp;&nbsp; a\u00e7\u00e3o&nbsp;mission\u00e1ria &#8221; e o lema:&#8221; Fazei tudo que ELE vos disser&#8221; (Jo. 2,5).<br \/>\nA par\u00f3quia Nossa Senhora de F\u00e1tima tem como p\u00e1roco, o padre Nicolau&nbsp;Klak.<br \/>\nAs&nbsp; missas acontecem todas os dias, \u00e0s 6h30. \u00c0s 18h, tem a Reza do Ter\u00e7o&nbsp;e \u00e0s 19h, a&nbsp; Novena.<\/p>\n<p>&nbsp; &nbsp; &nbsp; &nbsp; &nbsp; &nbsp; &nbsp; &nbsp; &nbsp; &nbsp; &nbsp; &nbsp; &nbsp; &nbsp; &nbsp; &nbsp; &nbsp; &nbsp; &nbsp; &nbsp; &nbsp; &nbsp; &nbsp; &nbsp; &nbsp; &nbsp; &nbsp; &nbsp; &nbsp; &nbsp; &nbsp;Confira a programa\u00e7\u00e3o:<\/p>\n<p><strong>1\u00aa NOITE 04\/05 \u2013 S\u00e1bado<\/strong><br \/>\nTEMA: Igreja em estado permanente de miss\u00e3o.<br \/>\nResp.: Apostolado da Ora\u00e7\u00e3o, Mej e Fam\u00edlia Luso Brasileira.<br \/>\nConvidados: Par\u00f3quias Santo Ant\u00f4nio e Senhor do Bonfim.<br \/>\nPe. Euvaldo Santana\/Paroquia de Santo Ant\u00f4nio da cidade de Itoror\u00f3<\/p>\n<p><strong>2\u00aa NOITE \u2013 05\/05 \u2013 Domingo<\/strong><br \/>\nTEMA: Eucaristia fonte e meta da vida Crist\u00e3.<br \/>\nConvidado: Pe. Nicolau \/ Di\u00e1cono permanente Othon Dantas.<br \/>\nResp: Pastoral da Crian\u00e7a, Comunidade S\u00e3o Vicente de Paulo e Vicentinos,&nbsp;<br \/>\nIrm\u00e3 dos pobres De Santa Catarina de Sena e Congrega\u00e7\u00e3o de Nossa Senhora&nbsp;<br \/>\ndos humildes.<\/p>\n<p><strong>3\u00aa NOITE 06\/05 &#8211; Segunda-feira<\/strong><br \/>\nTEMA: Ser Mission\u00e1rio e levar Jesus e Maria a todos os povos.<br \/>\nConvidado: Par\u00f3quia Santa In\u00eas e Par\u00f3quia Nossa Senhora Aparecida<br \/>\nResp.: Grupo S\u00e3o Miguel, Grupo S\u00e3o Francisco.<br \/>\nPe. Junior\/Paroquia Santa In\u00eas de Itabuna .<\/p>\n<p><strong>4\u00ba NOITE \u2013 07\/05 &#8211; Ter\u00e7a-feira<\/strong><br \/>\nTEMA: Fam\u00edlia: projeto de Deus, a servi\u00e7o da Evangeliza\u00e7\u00e3o.<br \/>\nConvidado: Par\u00f3quia Catedral e Par\u00f3quia Nossa Senhora da Concei\u00e7\u00e3o.<br \/>\nResp.: Equipe de Nossa Senhora, Pastoral Familiar e ECC.<br \/>\nPadre Gilvan Oliveira\/Catedral de S\u00e3o Jos\u00e9<\/p>\n<p><strong>5\u00aa NOITE \u2013 08\/05 &#8211; Quarta-feira<\/strong><br \/>\nTEMA: A exemplo de Maria, anunciaremos a Boa Nova.<br \/>\nConvidado: Par\u00f3quia Nossa Senhora das Vit\u00f3rias e Par\u00f3quia S\u00e3o Judas&nbsp;<br \/>\nTadeu.<br \/>\nResp.: Homens do ter\u00e7o, Caminho Neocatecumenato e Pascom.<br \/>\nPadre Nerivaldo Azevedo\/Par\u00f3quia de S\u00e3o Jos\u00e9 de Una<\/p>\n<p><strong>6\u00aa NOITE \u2013 09\/05 &#8211; Quinta-feira<\/strong><br \/>\nTEMA: Por uma Igreja servidora, pr\u00f3xima e solid\u00e1ria.<br \/>\nConvidado: Par\u00f3quia Santa Maria Madalena e Par\u00f3quia Santa Rita de&nbsp;<br \/>\nC\u00e1ssia.<br \/>\nResp.: Grupo Boa Semente e Pastoral Dizimo.<br \/>\nPadre Tony Val\u00e9rio \/Par\u00f3quia Santa Maria Madalena de Itabuna<\/p>\n<p><strong>7\u00aa NOITE \u2013 10\/05 \u2013 Sexta \u2013 feira<\/strong><br \/>\nTEMA: A inicia\u00e7\u00e3o Crist\u00e3 caminho ao Reino de Deus.<br \/>\nConvidado: Par\u00f3quia Santa Maria Goretti.<br \/>\nResp.: Pastoral da Catequese e Pastoral do Batismo.<br \/>\nPadre Adilson Santana\/Par\u00f3quia Santa Maria Goretti de Itabuna<\/p>\n<p><strong>8\u00aa NOITE \u2013 11\/05 \u2013 S\u00e1bado<\/strong><br \/>\nTEMA: Juventude e sua a\u00e7\u00e3o transformadora na Igreja e no mundo.<br \/>\nConvidado: Par\u00f3quia Nossa Senhora da Piedade<br \/>\nResp.: Setor Juventude e Comunidade S\u00e3o Jo\u00e3o Batista.<br \/>\nPadre Frei Ivanilton Oliveira\/Par\u00f3quia Nossa Senhora da Piedade de&nbsp;<br \/>\nItabuna<\/p>\n<p><strong>9\u00aa NOITE \u2013 12\/05 \u2013 Domingo<\/strong><br \/>\nTEMA: Maria, m\u00e3e da igreja e das fam\u00edlias.<br \/>\nConvidado: Dom Ceslau Stanula, Bispo em\u00e9rito da diocese de Itabuna.<br \/>\nResp.: Legi\u00e3o de Maria (Adulto e Juvenil), Congrega\u00e7\u00e3o Mariana,&nbsp;<br \/>\nComunidade N. S. do Carmo e M\u00e3e Rainha.<\/p>\n<p><strong>Missa Festiva \u2013 13\/05<\/strong><br \/>\nResp.: Comiss\u00e3o da festa e Pastoral da Liturgia.<br \/>\nDom Carlos Alberto dos Santos bispo da Diocese de Itabuna<br \/>\nAs informa\u00e7\u00f5es: Pascom-Pastoral da Comunica\u00e7\u00e3o<\/p>\n<p>Edi\u00e7\u00e3o e adapta\u00e7\u00e3o de texto:Portal Cat\u00f3lico<\/p>\n","protected":false},"excerpt":{"rendered":"<p>A Par\u00f3quia Nossa Senhora de F\u00e1tima, situada na Avenida Juraci Magalh\u00e3es,&nbsp;no bairro de F\u00e1tima, em Itabuna (BA) realizar\u00e1 de 04 a 13 de maio, o&nbsp;noven\u00e1rio e festa de sua padroeira Nossa Senhora de F\u00e1tima&nbsp; que ter\u00e1&nbsp;como&nbsp; tema central: &#8220;Nossa Senhora de F\u00e1tima, inspira\u00e7\u00e3o para uma&nbsp;&nbsp; a\u00e7\u00e3o&nbsp;mission\u00e1ria &#8221; e o lema:&#8221; Fazei tudo que ELE vos&nbsp;<\/p>\n<p><a class=\"btn btn-style\" href=\"https:\/\/portalcatolico.net\/portal\/novenario-e-festa-em-louvor-a-nossa-senhora-de-fatima-acontece-em-maio\/\">Continue Reading<\/a><\/p>\n","protected":false},"author":2,"featured_media":64234,"comment_status":"open","ping_status":"open","sticky":false,"template":"","format":"standard","meta":{"footnotes":""},"categories":[1],"tags":[],"class_list":["post-64233","post","type-post","status-publish","format-standard","has-post-thumbnail","hentry","category-agenda"],"_links":{"self":[{"href":"https:\/\/portalcatolico.net\/portal\/wp-json\/wp\/v2\/posts\/64233","targetHints":{"allow":["GET"]}}],"collection":[{"href":"https:\/\/portalcatolico.net\/portal\/wp-json\/wp\/v2\/posts"}],"about":[{"href":"https:\/\/portalcatolico.net\/portal\/wp-json\/wp\/v2\/types\/post"}],"author":[{"embeddable":true,"href":"https:\/\/portalcatolico.net\/portal\/wp-json\/wp\/v2\/users\/2"}],"replies":[{"embeddable":true,"href":"https:\/\/portalcatolico.net\/portal\/wp-json\/wp\/v2\/comments?post=64233"}],"version-history":[{"count":2,"href":"https:\/\/portalcatolico.net\/portal\/wp-json\/wp\/v2\/posts\/64233\/revisions"}],"predecessor-version":[{"id":64318,"href":"https:\/\/portalcatolico.net\/portal\/wp-json\/wp\/v2\/posts\/64233\/revisions\/64318"}],"wp:featuredmedia":[{"embeddable":true,"href":"https:\/\/portalcatolico.net\/portal\/wp-json\/wp\/v2\/media\/64234"}],"wp:attachment":[{"href":"https:\/\/portalcatolico.net\/portal\/wp-json\/wp\/v2\/media?parent=64233"}],"wp:term":[{"taxonomy":"category","embeddable":true,"href":"https:\/\/portalcatolico.net\/portal\/wp-json\/wp\/v2\/categories?post=64233"},{"taxonomy":"post_tag","embeddable":true,"href":"https:\/\/portalcatolico.net\/portal\/wp-json\/wp\/v2\/tags?post=64233"}],"curies":[{"name":"wp","href":"https:\/\/api.w.org\/{rel}","templated":true}]}}