{"id":64222,"date":"2019-04-25T19:21:41","date_gmt":"2019-04-25T22:21:41","guid":{"rendered":"http:\/\/portalcatolico.net\/portal\/?p=64222"},"modified":"2019-04-25T19:27:31","modified_gmt":"2019-04-25T22:27:31","slug":"via-da-alegria","status":"publish","type":"post","link":"https:\/\/portalcatolico.net\/portal\/via-da-alegria\/","title":{"rendered":"Via da alegria"},"content":{"rendered":"<p>Marcado pela alegria da Ressurrei\u00e7\u00e3o de Jesus, vive-se o especial tempo da P\u00e1scoa. Singular oportunidade para vencer tristezas, decep\u00e7\u00f5es, desencontros que obscurecem o reconhecimento do sentido da vida, essencialmente destinada \u00e0 experi\u00eancia da alegria. Isso porque o cora\u00e7\u00e3o humano n\u00e3o consegue manter-se saud\u00e1vel quando se deixa ocupar pelo mal. Referencial \u00e9 a experi\u00eancia dos primeiros disc\u00edpulos de Jesus, que ficaram envoltos nas trevas da decep\u00e7\u00e3o e da tristeza, mas reencontraram o caminho da esperan\u00e7a. Um movimento de convers\u00e3o que, ainda hoje, deve inspirar cada pessoa, quando adoecimentos graves da interioridade incidem na vida pessoal e no desempenho cidad\u00e3o. A cura passa por uma transforma\u00e7\u00e3o radical a partir da for\u00e7a da alegria, alavanca para levantar o ca\u00eddo, recuperar o doente, amparar o desolado, sustentar qualificada presen\u00e7a no contexto de fam\u00edlias, institui\u00e7\u00f5es, religi\u00f5es. E os Evangelhos s\u00e3o claros ao indicar a fonte que sustenta o cora\u00e7\u00e3o dos disc\u00edpulos: eles se alegraram por ver o Senhor.<\/p>\n<p>A Palavra de Deus descreve com riqueza de detalhes esse momento: olhos entumecidos com l\u00e1grimas de alegria, ao verem o Senhor Ressuscitado. Assim, as portas fechadas pelo medo, onde se encontravam trancados os disc\u00edpulos envolvidos pela tristeza, se escancararam. Neles foi infundida a for\u00e7a maior que vem da presen\u00e7a do Cristo Vivo e a alegria duradoura e verdadeira do amor. Renovados, os disc\u00edpulos sa\u00edram mundo afora, com inigual\u00e1vel disposi\u00e7\u00e3o, para anunciar a Boa Nova. Suportaram at\u00e9 mesmo o mart\u00edrio, fi\u00e9is \u00e0 miss\u00e3o de entrela\u00e7ar vidas e cora\u00e7\u00f5es, oferecendo a todos a oportunidade para tamb\u00e9m beberem nesta fonte de amor &#8211; a presen\u00e7a do Cristo Vivo e Vitorioso. E, assim, os disc\u00edpulos conseguiram apresentar ao mundo o Caminho: a verdade, o amor e a f\u00e9 &#8211; a via da alegria.<\/p>\n<p>Mas muitos, em busca de felicidade, pegam o caminho equivocado. Seguem itiner\u00e1rios aparentemente f\u00e1ceis que levam apenas \u00e0 superficialidade. Acabam por sucumbir diante do vazio existencial e, n\u00e3o raramente, desistem de viver. Consequentemente, tantos jovens, crian\u00e7as e at\u00e9 mesmo pessoas amadurecidas tornam-se incapazes de reconhecer a vida como dom. Uma grave situa\u00e7\u00e3o, que resulta dos modos inapropriados de se procurar a alegria, a felicidade, a partir das l\u00f3gicas de uma sociedade consumista: prioriza-se o que \u00e9 fugaz e superficial, relativizam-se valores absolutos. Op\u00e7\u00e3o perigosa que conduz a frustra\u00e7\u00f5es e, consequentemente, cria o ambiente prop\u00edcio para as diferentes formas de viol\u00eancias. A pr\u00f3pria vida, que deve ser respeitada e defendida desde o momento primeiro, na fecunda\u00e7\u00e3o, at\u00e9 o \u00faltimo, com o decl\u00ednio natural, \u00e9 desconsiderada. Ignora-se a sua sacralidade.<\/p>\n<p>Com isso, ao inv\u00e9s da desejada aproxima\u00e7\u00e3o, h\u00e1 progressivo distanciamento da via da alegria. E um ciclo perverso se estabelece, marcado pela falta de ideias nobres capazes de solucionar problemas contempor\u00e2neos, garantir mais civilidade e desenvolvimento integral para toda a sociedade. Vale recordar o que diz o Papa Francisco na abertura de sua exorta\u00e7\u00e3o apost\u00f3lica sobre o an\u00fancio do Evangelho no mundo atual: \u201cA Alegria do Evangelho&nbsp;enche o cora\u00e7\u00e3o e a vida inteira daqueles que se encontram com Jesus. Todos que se deixam salvar por Ele s\u00e3o libertados do pecado, da tristeza, do vazio interior, do isolamento. Com Jesus Cristo, renasce sem cessar a alegria.\u201d<\/p>\n<p>H\u00e1, pois, uma via da alegria que se renova e se comunica. O grande risco do mundo atual, com sua m\u00faltipla e avassaladora oferta de consumo, sublinha o Papa Francisco, \u00e9 uma tristeza individualista que brota do cora\u00e7\u00e3o comodista e mesquinho, cada vez mais habituado \u00e0 busca desordenada de prazeres superficiais e a uma consci\u00eancia que enjaula o ser humano no isolamento. As pessoas n\u00e3o podem se aprisionar aos pr\u00f3prios interesses, incapacitando-se para enxergar o outro, o pobre, para ouvir a voz de Deus e experimentar a doce alegria de seu amor, deixando esfriar o entusiasmo para fazer o bem, adverte o Papa Francisco.<\/p>\n<p>\u00c9 preciso que todos tomem consci\u00eancia: o cora\u00e7\u00e3o tem uma via da alegria, que ultrapassa as simples sensa\u00e7\u00f5es ou as afinidades a partir de interesses de determinados grupos. O alicerce da aut\u00eantica felicidade \u00e9 o profundo e respeitoso sentido da vida, constru\u00eddo a partir do reconhecimento do inestim\u00e1vel valor de cada pessoa. Infelizmente, o mundo contempor\u00e2neo parece estar na contram\u00e3o da aut\u00eantica via da alegria. Sem reconhecer o valor do outro, especialmente dos que enfrentam a pobreza, a humanidade aproxima-se do colapso. E \u00e9 preciso aproveitar este tempo da P\u00e1scoa para a necess\u00e1ria transforma\u00e7\u00e3o humana. O Filho Amado de Deus-Pai se oferece na cruz, morre e ressuscita pela salva\u00e7\u00e3o do mundo \u2013 \u00e9 a vit\u00f3ria da vida sobre a morte. Um acontecimento que deve inspirar, em todos os lugares, as amizades solid\u00e1rias, educando principalmente crian\u00e7as e jovens para o compromisso com a sociedade e o bem-comum; para a cultura da vida, capaz de transformar os ambientes de viol\u00eancia com suas tristes hist\u00f3rias, suic\u00eddios, homic\u00eddios e delinqu\u00eancias.<\/p>\n<p><em>N\u00e3o bastam mudan\u00e7as na economia ou nos sistemas para se alcan\u00e7ar felicidade duradoura. Conhecer e seguir Cristo, a partir de uma espiritualidade que se desdobra em caridade, altru\u00edsmo e qualificado exerc\u00edcio da cidadania, \u00e9 o que permite conectar o cora\u00e7\u00e3o humano, permanentemente, com a verdadeira via da alegria.<\/em><\/p>\n<p>Foto:Divulga\u00e7\u00e3o<\/p>\n<p><em>Dom Walmor Oliveira de Azevedo \u2013&nbsp;Arcebispo metropolitano de Belo Horizonte (MG)<\/em><\/p>\n","protected":false},"excerpt":{"rendered":"<p>Marcado pela alegria da Ressurrei\u00e7\u00e3o de Jesus, vive-se o especial tempo da P\u00e1scoa. Singular oportunidade para vencer tristezas, decep\u00e7\u00f5es, desencontros que obscurecem o reconhecimento do sentido da vida, essencialmente destinada \u00e0 experi\u00eancia da alegria. Isso porque o cora\u00e7\u00e3o humano n\u00e3o consegue manter-se saud\u00e1vel quando se deixa ocupar pelo mal. Referencial \u00e9 a experi\u00eancia dos primeiros&nbsp;<\/p>\n<p><a class=\"btn btn-style\" href=\"https:\/\/portalcatolico.net\/portal\/via-da-alegria\/\">Continue Reading<\/a><\/p>\n","protected":false},"author":2,"featured_media":64225,"comment_status":"open","ping_status":"open","sticky":false,"template":"","format":"standard","meta":{"footnotes":""},"categories":[69],"tags":[],"class_list":["post-64222","post","type-post","status-publish","format-standard","has-post-thumbnail","hentry","category-artigos"],"_links":{"self":[{"href":"https:\/\/portalcatolico.net\/portal\/wp-json\/wp\/v2\/posts\/64222","targetHints":{"allow":["GET"]}}],"collection":[{"href":"https:\/\/portalcatolico.net\/portal\/wp-json\/wp\/v2\/posts"}],"about":[{"href":"https:\/\/portalcatolico.net\/portal\/wp-json\/wp\/v2\/types\/post"}],"author":[{"embeddable":true,"href":"https:\/\/portalcatolico.net\/portal\/wp-json\/wp\/v2\/users\/2"}],"replies":[{"embeddable":true,"href":"https:\/\/portalcatolico.net\/portal\/wp-json\/wp\/v2\/comments?post=64222"}],"version-history":[{"count":3,"href":"https:\/\/portalcatolico.net\/portal\/wp-json\/wp\/v2\/posts\/64222\/revisions"}],"predecessor-version":[{"id":64227,"href":"https:\/\/portalcatolico.net\/portal\/wp-json\/wp\/v2\/posts\/64222\/revisions\/64227"}],"wp:featuredmedia":[{"embeddable":true,"href":"https:\/\/portalcatolico.net\/portal\/wp-json\/wp\/v2\/media\/64225"}],"wp:attachment":[{"href":"https:\/\/portalcatolico.net\/portal\/wp-json\/wp\/v2\/media?parent=64222"}],"wp:term":[{"taxonomy":"category","embeddable":true,"href":"https:\/\/portalcatolico.net\/portal\/wp-json\/wp\/v2\/categories?post=64222"},{"taxonomy":"post_tag","embeddable":true,"href":"https:\/\/portalcatolico.net\/portal\/wp-json\/wp\/v2\/tags?post=64222"}],"curies":[{"name":"wp","href":"https:\/\/api.w.org\/{rel}","templated":true}]}}