{"id":64219,"date":"2019-04-25T00:10:40","date_gmt":"2019-04-25T03:10:40","guid":{"rendered":"http:\/\/portalcatolico.net\/portal\/?p=64219"},"modified":"2019-04-24T22:11:43","modified_gmt":"2019-04-25T01:11:43","slug":"vem-ai-o-maior-encontro-diocesano-de-formacao","status":"publish","type":"post","link":"https:\/\/portalcatolico.net\/portal\/vem-ai-o-maior-encontro-diocesano-de-formacao\/","title":{"rendered":"Vem a\u00ed o maior Encontro Diocesano de Forma\u00e7\u00e3o!"},"content":{"rendered":"<p>Prepare- se para o maior EDF da RCC Diocese de Itabuna, no sul da Bahia. Procure o&nbsp;coordenador de seu grupo de ora\u00e7\u00e3o de sua par\u00f3quia de origem e fa\u00e7a sua&nbsp; inscri\u00e7\u00e3o. O evento acontecer\u00e1 nos dias 18 e 19 de maio no col\u00e9gio CAIC,&nbsp;que fica no bairro Jardim Primavera em Itabuna.<br \/>\nSer\u00e3o momentos especiais de muita partilha, prega\u00e7\u00e3o, ora\u00e7\u00e3o, louvor, missa, forma\u00e7\u00e3o, workshop&nbsp; e muita&nbsp;f\u00e9.<\/p>\n<p>Em breve, mais informa\u00e7\u00f5es sobre este evento estar\u00e3o dispon\u00edveis aqui.<\/p>\n","protected":false},"excerpt":{"rendered":"<p>Prepare- se para o maior EDF da RCC Diocese de Itabuna, no sul da Bahia. Procure o&nbsp;coordenador de seu grupo de ora\u00e7\u00e3o de sua par\u00f3quia de origem e fa\u00e7a sua&nbsp; inscri\u00e7\u00e3o. O evento acontecer\u00e1 nos dias 18 e 19 de maio no col\u00e9gio CAIC,&nbsp;que fica no bairro Jardim Primavera em Itabuna. Ser\u00e3o momentos especiais de&nbsp;<\/p>\n<p><a class=\"btn btn-style\" href=\"https:\/\/portalcatolico.net\/portal\/vem-ai-o-maior-encontro-diocesano-de-formacao\/\">Continue Reading<\/a><\/p>\n","protected":false},"author":2,"featured_media":64220,"comment_status":"open","ping_status":"open","sticky":false,"template":"","format":"standard","meta":{"footnotes":""},"categories":[1],"tags":[],"class_list":["post-64219","post","type-post","status-publish","format-standard","has-post-thumbnail","hentry","category-agenda"],"_links":{"self":[{"href":"https:\/\/portalcatolico.net\/portal\/wp-json\/wp\/v2\/posts\/64219","targetHints":{"allow":["GET"]}}],"collection":[{"href":"https:\/\/portalcatolico.net\/portal\/wp-json\/wp\/v2\/posts"}],"about":[{"href":"https:\/\/portalcatolico.net\/portal\/wp-json\/wp\/v2\/types\/post"}],"author":[{"embeddable":true,"href":"https:\/\/portalcatolico.net\/portal\/wp-json\/wp\/v2\/users\/2"}],"replies":[{"embeddable":true,"href":"https:\/\/portalcatolico.net\/portal\/wp-json\/wp\/v2\/comments?post=64219"}],"version-history":[{"count":1,"href":"https:\/\/portalcatolico.net\/portal\/wp-json\/wp\/v2\/posts\/64219\/revisions"}],"predecessor-version":[{"id":64221,"href":"https:\/\/portalcatolico.net\/portal\/wp-json\/wp\/v2\/posts\/64219\/revisions\/64221"}],"wp:featuredmedia":[{"embeddable":true,"href":"https:\/\/portalcatolico.net\/portal\/wp-json\/wp\/v2\/media\/64220"}],"wp:attachment":[{"href":"https:\/\/portalcatolico.net\/portal\/wp-json\/wp\/v2\/media?parent=64219"}],"wp:term":[{"taxonomy":"category","embeddable":true,"href":"https:\/\/portalcatolico.net\/portal\/wp-json\/wp\/v2\/categories?post=64219"},{"taxonomy":"post_tag","embeddable":true,"href":"https:\/\/portalcatolico.net\/portal\/wp-json\/wp\/v2\/tags?post=64219"}],"curies":[{"name":"wp","href":"https:\/\/api.w.org\/{rel}","templated":true}]}}