{"id":64212,"date":"2019-04-23T09:29:49","date_gmt":"2019-04-23T12:29:49","guid":{"rendered":"http:\/\/portalcatolico.net\/portal\/?p=64212"},"modified":"2019-04-23T21:30:10","modified_gmt":"2019-04-24T00:30:10","slug":"dizimo-dom-de-deus-e-servicos-ao-reino","status":"publish","type":"post","link":"https:\/\/portalcatolico.net\/portal\/dizimo-dom-de-deus-e-servicos-ao-reino\/","title":{"rendered":"D\u00edzimo Dom de Deus e servi\u00e7os ao reino"},"content":{"rendered":"<p style=\"font-weight: 400;\">Meus irm\u00e3os dizimistas, como s\u00e3o ricos os testemunhos que nossa igreja oferece de pessoas que se colocam a servi\u00e7o da vida, buscando construir o reino do Pai. M\u00e1s &nbsp;sabemos tamb\u00e9m que este bem precioso, hoje vem sendo desprezada e at\u00e9 eliminada, por diversas formas destrutivas. Por\u00e9m uma das exig\u00eancias de Deus \u00e9 o respeito e a promo\u00e7\u00e3o da vida em todas as suas formas.<\/p>\n<p style=\"font-weight: 400;\">Frente a tal situa\u00e7\u00e3o, nunca podemos perder a esperan\u00e7a pois ela n\u00e3o apenas \u00e9 uma virtude humana, e sim dom do Senhor da vida. Anunciar a mesma esperan\u00e7a que n\u00e3o decepcione jamais, eis o grande dom crist\u00e3o, Jesus Cristo ressuscitado \u00e9 a certeza.&nbsp;<\/p>\n<p style=\"font-weight: 400;\">Nossa vit\u00f3ria final. \u00c9 por ele que assumimos o testemunho pelo d\u00edzimo, fruto consciente de amor e gratid\u00e3o ao Senhor Deus. Motivado por este amor, lan\u00e7amos novo olhar sobre a nossa devolu\u00e7\u00e3o dizimal e descobrimos que n\u00e3o \u00e9 favor, nem esmola \u00e0 igreja e aos irm\u00e3os carentes, trata-se de ades\u00e3o fiel ao Criador que nos ama e instrumento para demonstrar nossa capacidade de doar-nos para uma causa maior.<\/p>\n<p style=\"font-weight: 400;\">&nbsp;&nbsp;&nbsp;&nbsp;&nbsp;&nbsp;&nbsp; Em Dt. 14, 28-29 \u00e9 lan\u00e7ado um desafio \u00e0 comunidade para que utilize os recursos do d\u00edzimo em defesa dos pequenos e sofredores. Ao devolver demonstramos nosso desejo de construir novas rela\u00e7\u00f5es na comunidade, baseado no amor puro e verdadeiro, justi\u00e7a e partilha. Porque quando deixamos de lado o ego\u00edsmo e o poder dos bens material percebemos que o Senhor aben\u00e7oa cada ato que realizamos, o nosso trabalho cresce e o mais importante, nada nos falta; &#8221; O Senhor seu Deus aben\u00e7oar\u00e1 voc\u00ea em todo trabalho que voc\u00ea realizar &#8221; ( Dt 14,29 ).<\/p>\n<p style=\"font-weight: 400;\">&nbsp;&nbsp;&nbsp;&nbsp;&nbsp;&nbsp; Ser igreja num contexto marcado pela exclus\u00e3o, pela fartura mal distribu\u00edda, pelo ego\u00edsmo que&nbsp; cria a indiferen\u00e7a pelo carente o dizimo se torna uma op\u00e7\u00e3o prof\u00e9tica do compromisso com Deus, que tudo criou para todos os filhos (a). Pois tudo o que devolvemos na casa do Pai volta multiplicado como ben\u00e7\u00e3o para a comunidade, para os irm\u00e3os carentes e para a obra mission\u00e1ria.<\/p>\n<p style=\"font-weight: 400;\">&#8221; Felizes os que s\u00e3o misericordiosos, porque encontrar\u00e3o &nbsp;miseric\u00f3rdia &#8220;)Mt 5,7)<\/p>\n<p style=\"font-weight: 400;\">Texto:Pastoral do Dizimo\/Par\u00f3quia Santa Rita de C\u00e1ssia de Itabuna(BA)<\/p>\n","protected":false},"excerpt":{"rendered":"<p>Meus irm\u00e3os dizimistas, como s\u00e3o ricos os testemunhos que nossa igreja oferece de pessoas que se colocam a servi\u00e7o da vida, buscando construir o reino do Pai. M\u00e1s &nbsp;sabemos tamb\u00e9m que este bem precioso, hoje vem sendo desprezada e at\u00e9 eliminada, por diversas formas destrutivas. Por\u00e9m uma das exig\u00eancias de Deus \u00e9 o respeito e&nbsp;<\/p>\n<p><a class=\"btn btn-style\" href=\"https:\/\/portalcatolico.net\/portal\/dizimo-dom-de-deus-e-servicos-ao-reino\/\">Continue Reading<\/a><\/p>\n","protected":false},"author":2,"featured_media":64213,"comment_status":"open","ping_status":"open","sticky":false,"template":"","format":"standard","meta":{"footnotes":""},"categories":[69],"tags":[],"class_list":["post-64212","post","type-post","status-publish","format-standard","has-post-thumbnail","hentry","category-artigos"],"_links":{"self":[{"href":"https:\/\/portalcatolico.net\/portal\/wp-json\/wp\/v2\/posts\/64212","targetHints":{"allow":["GET"]}}],"collection":[{"href":"https:\/\/portalcatolico.net\/portal\/wp-json\/wp\/v2\/posts"}],"about":[{"href":"https:\/\/portalcatolico.net\/portal\/wp-json\/wp\/v2\/types\/post"}],"author":[{"embeddable":true,"href":"https:\/\/portalcatolico.net\/portal\/wp-json\/wp\/v2\/users\/2"}],"replies":[{"embeddable":true,"href":"https:\/\/portalcatolico.net\/portal\/wp-json\/wp\/v2\/comments?post=64212"}],"version-history":[{"count":1,"href":"https:\/\/portalcatolico.net\/portal\/wp-json\/wp\/v2\/posts\/64212\/revisions"}],"predecessor-version":[{"id":64214,"href":"https:\/\/portalcatolico.net\/portal\/wp-json\/wp\/v2\/posts\/64212\/revisions\/64214"}],"wp:featuredmedia":[{"embeddable":true,"href":"https:\/\/portalcatolico.net\/portal\/wp-json\/wp\/v2\/media\/64213"}],"wp:attachment":[{"href":"https:\/\/portalcatolico.net\/portal\/wp-json\/wp\/v2\/media?parent=64212"}],"wp:term":[{"taxonomy":"category","embeddable":true,"href":"https:\/\/portalcatolico.net\/portal\/wp-json\/wp\/v2\/categories?post=64212"},{"taxonomy":"post_tag","embeddable":true,"href":"https:\/\/portalcatolico.net\/portal\/wp-json\/wp\/v2\/tags?post=64212"}],"curies":[{"name":"wp","href":"https:\/\/api.w.org\/{rel}","templated":true}]}}