{"id":64206,"date":"2019-04-24T21:18:25","date_gmt":"2019-04-25T00:18:25","guid":{"rendered":"http:\/\/portalcatolico.net\/portal\/?p=64206"},"modified":"2019-04-23T21:18:54","modified_gmt":"2019-04-24T00:18:54","slug":"paroquia-em-itabuna-prepara-triduo-em-louvor-a-sao-jose-operario","status":"publish","type":"post","link":"https:\/\/portalcatolico.net\/portal\/paroquia-em-itabuna-prepara-triduo-em-louvor-a-sao-jose-operario\/","title":{"rendered":"Par\u00f3quia em Itabuna prepara Tr\u00edduo em louvor \u00e0 S\u00e3o Jos\u00e9 Oper\u00e1rio"},"content":{"rendered":"<p>\u00c9 com muita alegria que a Par\u00f3quia de Nossa Senhora da Concei\u00e7\u00e3o do&nbsp;bairro Ferradas, em Itabuna (BA), convida voc\u00ea, familiares e amigos e sua fam\u00edlia amigos para&nbsp;participarem da festa em honra a S\u00e3o Jos\u00e9 Oper\u00e1rio, padroeiro do&nbsp;Condom\u00ednio S\u00e3o Jos\u00e9. O Tr\u00edduo&nbsp; tem in\u00edcio dia 28 de abril e segue at\u00e9 o&nbsp;&nbsp;dia 30 de abril, com as&nbsp;celebra\u00e7\u00f5es sempre \u00e0s 19h.<\/p>\n<p>As festividades se encerrar\u00e3o no dia 01\/05, Festa do Trabalhador.<\/p>\n<p>O evento ser\u00e1 realizado na pra\u00e7a principal do Condom\u00ednio, com o tema: &#8220;Ser Igreja contribuindo com a sociedade&#8221;.<\/p>\n<p>O Condom\u00ednio S\u00e3o&nbsp;Jos\u00e9 fica localizado entre o bairro de Rua de Palha em Ferradas, na BR&nbsp;415 ,entre Itabuna e Ibicara\u00ed.<\/p>\n<p>Participe deste&nbsp; momento de reflex\u00e3o louvor e ora\u00e7\u00e3o para continuar&nbsp;&nbsp;mais este ato de amor e f\u00e9 crist\u00e3.<\/p>\n<p><strong>Dia festivo- 01 de maio<\/strong><br \/>\n9h missa solene<br \/>\n10h prociss\u00e3o<br \/>\n10h30 b\u00ean\u00e7\u00e3o do Sant\u00edssimo Sacramento<\/p>\n<p>Informa\u00e7\u00f5es da Comunidade e edi\u00e7\u00e3o de texto:Portal Cat\u00f3lico<\/p>\n","protected":false},"excerpt":{"rendered":"<p>\u00c9 com muita alegria que a Par\u00f3quia de Nossa Senhora da Concei\u00e7\u00e3o do&nbsp;bairro Ferradas, em Itabuna (BA), convida voc\u00ea, familiares e amigos e sua fam\u00edlia amigos para&nbsp;participarem da festa em honra a S\u00e3o Jos\u00e9 Oper\u00e1rio, padroeiro do&nbsp;Condom\u00ednio S\u00e3o Jos\u00e9. O Tr\u00edduo&nbsp; tem in\u00edcio dia 28 de abril e segue at\u00e9 o&nbsp;&nbsp;dia 30 de abril, com&nbsp;<\/p>\n<p><a class=\"btn btn-style\" href=\"https:\/\/portalcatolico.net\/portal\/paroquia-em-itabuna-prepara-triduo-em-louvor-a-sao-jose-operario\/\">Continue Reading<\/a><\/p>\n","protected":false},"author":2,"featured_media":64207,"comment_status":"open","ping_status":"open","sticky":false,"template":"","format":"standard","meta":{"footnotes":""},"categories":[1],"tags":[],"class_list":["post-64206","post","type-post","status-publish","format-standard","has-post-thumbnail","hentry","category-agenda"],"_links":{"self":[{"href":"https:\/\/portalcatolico.net\/portal\/wp-json\/wp\/v2\/posts\/64206","targetHints":{"allow":["GET"]}}],"collection":[{"href":"https:\/\/portalcatolico.net\/portal\/wp-json\/wp\/v2\/posts"}],"about":[{"href":"https:\/\/portalcatolico.net\/portal\/wp-json\/wp\/v2\/types\/post"}],"author":[{"embeddable":true,"href":"https:\/\/portalcatolico.net\/portal\/wp-json\/wp\/v2\/users\/2"}],"replies":[{"embeddable":true,"href":"https:\/\/portalcatolico.net\/portal\/wp-json\/wp\/v2\/comments?post=64206"}],"version-history":[{"count":1,"href":"https:\/\/portalcatolico.net\/portal\/wp-json\/wp\/v2\/posts\/64206\/revisions"}],"predecessor-version":[{"id":64208,"href":"https:\/\/portalcatolico.net\/portal\/wp-json\/wp\/v2\/posts\/64206\/revisions\/64208"}],"wp:featuredmedia":[{"embeddable":true,"href":"https:\/\/portalcatolico.net\/portal\/wp-json\/wp\/v2\/media\/64207"}],"wp:attachment":[{"href":"https:\/\/portalcatolico.net\/portal\/wp-json\/wp\/v2\/media?parent=64206"}],"wp:term":[{"taxonomy":"category","embeddable":true,"href":"https:\/\/portalcatolico.net\/portal\/wp-json\/wp\/v2\/categories?post=64206"},{"taxonomy":"post_tag","embeddable":true,"href":"https:\/\/portalcatolico.net\/portal\/wp-json\/wp\/v2\/tags?post=64206"}],"curies":[{"name":"wp","href":"https:\/\/api.w.org\/{rel}","templated":true}]}}