{"id":64203,"date":"2019-04-23T21:14:15","date_gmt":"2019-04-24T00:14:15","guid":{"rendered":"http:\/\/portalcatolico.net\/portal\/?p=64203"},"modified":"2019-04-23T21:14:15","modified_gmt":"2019-04-24T00:14:15","slug":"paroquia-de-jitauna-celebra-80-anos-de-fundacao","status":"publish","type":"post","link":"https:\/\/portalcatolico.net\/portal\/paroquia-de-jitauna-celebra-80-anos-de-fundacao\/","title":{"rendered":"Par\u00f3quia de Jita\u00fana celebra 80 anos de funda\u00e7\u00e3o!"},"content":{"rendered":"<p>A Par\u00f3quia Nossa Senhora da Concei\u00e7\u00e3o, na cidade de Jita\u00fana (BA), pertencente&nbsp;\u00e0 diocese de Jequi\u00e9, est\u00e1 completando oitenta anos no dia 27 de abril, e para comemorar esse marco especial, ser\u00e1 realizada um Tr\u00edduo em prepara\u00e7\u00e3o para a grande festa.<\/p>\n<p>O Tr\u00edduo vai acontecer nos dias 25,26 e 27 de&nbsp;abril, \u00e0s 19h30.<\/p>\n<p>No dia 27, acontece um grande show com o cantor e compositor Artur Giovanni.<\/p>\n<p>O evento religioso acontecer\u00e1&nbsp; na Pra\u00e7a Albino&nbsp;Cajahyba, ap\u00f3s a santa missa.<\/p>\n<p>No dia 28, vai acontecer uma Missa em a\u00e7\u00e3o de gra\u00e7as pelo Jubileu dos 80 anos., na Matriz de Nossa Senhora da Concei\u00e7\u00e3o \u00e0s 10h, sob a presid\u00eancia de Dom Jos\u00e9 Ruy Gon\u00e7alves Lopes, OFM.Cap, e concelebra\u00e7\u00e3o de Pe. Estev\u00e3o Leal e Pe. William Menezes.<\/p>\n<p>Vale ressaltar que a par\u00f3quia foi criada em&nbsp;1939.<\/p>\n<p>Mat\u00e9ria e edi\u00e7\u00e3o de texto:Portal Cat\u00f3lico.Net<\/p>\n","protected":false},"excerpt":{"rendered":"<p>A Par\u00f3quia Nossa Senhora da Concei\u00e7\u00e3o, na cidade de Jita\u00fana (BA), pertencente&nbsp;\u00e0 diocese de Jequi\u00e9, est\u00e1 completando oitenta anos no dia 27 de abril, e para comemorar esse marco especial, ser\u00e1 realizada um Tr\u00edduo em prepara\u00e7\u00e3o para a grande festa. O Tr\u00edduo vai acontecer nos dias 25,26 e 27 de&nbsp;abril, \u00e0s 19h30. No dia 27,&nbsp;<\/p>\n<p><a class=\"btn btn-style\" href=\"https:\/\/portalcatolico.net\/portal\/paroquia-de-jitauna-celebra-80-anos-de-fundacao\/\">Continue Reading<\/a><\/p>\n","protected":false},"author":2,"featured_media":64204,"comment_status":"open","ping_status":"open","sticky":false,"template":"","format":"standard","meta":{"footnotes":""},"categories":[1],"tags":[],"class_list":["post-64203","post","type-post","status-publish","format-standard","has-post-thumbnail","hentry","category-agenda"],"_links":{"self":[{"href":"https:\/\/portalcatolico.net\/portal\/wp-json\/wp\/v2\/posts\/64203","targetHints":{"allow":["GET"]}}],"collection":[{"href":"https:\/\/portalcatolico.net\/portal\/wp-json\/wp\/v2\/posts"}],"about":[{"href":"https:\/\/portalcatolico.net\/portal\/wp-json\/wp\/v2\/types\/post"}],"author":[{"embeddable":true,"href":"https:\/\/portalcatolico.net\/portal\/wp-json\/wp\/v2\/users\/2"}],"replies":[{"embeddable":true,"href":"https:\/\/portalcatolico.net\/portal\/wp-json\/wp\/v2\/comments?post=64203"}],"version-history":[{"count":1,"href":"https:\/\/portalcatolico.net\/portal\/wp-json\/wp\/v2\/posts\/64203\/revisions"}],"predecessor-version":[{"id":64205,"href":"https:\/\/portalcatolico.net\/portal\/wp-json\/wp\/v2\/posts\/64203\/revisions\/64205"}],"wp:featuredmedia":[{"embeddable":true,"href":"https:\/\/portalcatolico.net\/portal\/wp-json\/wp\/v2\/media\/64204"}],"wp:attachment":[{"href":"https:\/\/portalcatolico.net\/portal\/wp-json\/wp\/v2\/media?parent=64203"}],"wp:term":[{"taxonomy":"category","embeddable":true,"href":"https:\/\/portalcatolico.net\/portal\/wp-json\/wp\/v2\/categories?post=64203"},{"taxonomy":"post_tag","embeddable":true,"href":"https:\/\/portalcatolico.net\/portal\/wp-json\/wp\/v2\/tags?post=64203"}],"curies":[{"name":"wp","href":"https:\/\/api.w.org\/{rel}","templated":true}]}}