{"id":64198,"date":"2019-04-23T06:24:49","date_gmt":"2019-04-23T09:24:49","guid":{"rendered":"http:\/\/portalcatolico.net\/portal\/?p=64198"},"modified":"2019-04-24T21:39:30","modified_gmt":"2019-04-25T00:39:30","slug":"terco-dos-homens-comemora-treze-anos-de-evangelizacao-em-paroquia-de-itabuna","status":"publish","type":"post","link":"https:\/\/portalcatolico.net\/portal\/terco-dos-homens-comemora-treze-anos-de-evangelizacao-em-paroquia-de-itabuna\/","title":{"rendered":"Ter\u00e7o dos Homens comemora treze anos de evangeliza\u00e7\u00e3o em par\u00f3quia de Itabuna"},"content":{"rendered":"<p>Os membros do Ter\u00e7o dos Homens da Par\u00f3quia de Santa Rita de C\u00e1ssia,&nbsp;&nbsp;situada no bairro S\u00e3o Caetano, em Itabuna (BA), convidam voc\u00ea e sua fam\u00edlia para&nbsp;participar do anivers\u00e1rio de treze anos do Ter\u00e7o dos Homens, que ser\u00e1 celebrado neste&nbsp;s\u00e1bado, 27 de abril, \u00e0s 18h, com a Reza do ter\u00e7o e \u00e0s 19h, com a santa missa.<\/p>\n<p>&nbsp;&#8220;Evangelizar e resgatar vidas!&#8221;. Estes s\u00e3o os principais ideais do Ter\u00e7o&nbsp;dos Homens que a cada encontro vem ganhando mais adeptos nas par\u00f3quias&nbsp;de Itabuna e por todo o Brasil.<\/p>\n<p>Vale lembrar que a presen\u00e7a masculina&nbsp;nas igrejas s\u00e3o de extrema import\u00e2ncia para a forma\u00e7\u00e3o de fam\u00edlias em&nbsp;seio crist\u00e3o.<\/p>\n<p>Participe dessa grande celebra\u00e7\u00e3o!<\/p>\n<p>Mat\u00e9ria e edi\u00e7\u00e3o de texto:Portal Cat\u00f3lico.Net<\/p>\n","protected":false},"excerpt":{"rendered":"<p>Os membros do Ter\u00e7o dos Homens da Par\u00f3quia de Santa Rita de C\u00e1ssia,&nbsp;&nbsp;situada no bairro S\u00e3o Caetano, em Itabuna (BA), convidam voc\u00ea e sua fam\u00edlia para&nbsp;participar do anivers\u00e1rio de treze anos do Ter\u00e7o dos Homens, que ser\u00e1 celebrado neste&nbsp;s\u00e1bado, 27 de abril, \u00e0s 18h, com a Reza do ter\u00e7o e \u00e0s 19h, com a santa&nbsp;<\/p>\n<p><a class=\"btn btn-style\" href=\"https:\/\/portalcatolico.net\/portal\/terco-dos-homens-comemora-treze-anos-de-evangelizacao-em-paroquia-de-itabuna\/\">Continue Reading<\/a><\/p>\n","protected":false},"author":2,"featured_media":64199,"comment_status":"open","ping_status":"open","sticky":false,"template":"","format":"standard","meta":{"footnotes":""},"categories":[1],"tags":[],"class_list":["post-64198","post","type-post","status-publish","format-standard","has-post-thumbnail","hentry","category-agenda"],"_links":{"self":[{"href":"https:\/\/portalcatolico.net\/portal\/wp-json\/wp\/v2\/posts\/64198","targetHints":{"allow":["GET"]}}],"collection":[{"href":"https:\/\/portalcatolico.net\/portal\/wp-json\/wp\/v2\/posts"}],"about":[{"href":"https:\/\/portalcatolico.net\/portal\/wp-json\/wp\/v2\/types\/post"}],"author":[{"embeddable":true,"href":"https:\/\/portalcatolico.net\/portal\/wp-json\/wp\/v2\/users\/2"}],"replies":[{"embeddable":true,"href":"https:\/\/portalcatolico.net\/portal\/wp-json\/wp\/v2\/comments?post=64198"}],"version-history":[{"count":4,"href":"https:\/\/portalcatolico.net\/portal\/wp-json\/wp\/v2\/posts\/64198\/revisions"}],"predecessor-version":[{"id":64215,"href":"https:\/\/portalcatolico.net\/portal\/wp-json\/wp\/v2\/posts\/64198\/revisions\/64215"}],"wp:featuredmedia":[{"embeddable":true,"href":"https:\/\/portalcatolico.net\/portal\/wp-json\/wp\/v2\/media\/64199"}],"wp:attachment":[{"href":"https:\/\/portalcatolico.net\/portal\/wp-json\/wp\/v2\/media?parent=64198"}],"wp:term":[{"taxonomy":"category","embeddable":true,"href":"https:\/\/portalcatolico.net\/portal\/wp-json\/wp\/v2\/categories?post=64198"},{"taxonomy":"post_tag","embeddable":true,"href":"https:\/\/portalcatolico.net\/portal\/wp-json\/wp\/v2\/tags?post=64198"}],"curies":[{"name":"wp","href":"https:\/\/api.w.org\/{rel}","templated":true}]}}