{"id":64077,"date":"2019-04-14T14:10:39","date_gmt":"2019-04-14T17:10:39","guid":{"rendered":"http:\/\/portalcatolico.net\/portal\/?p=64077"},"modified":"2019-04-14T14:10:39","modified_gmt":"2019-04-14T17:10:39","slug":"frei-damiao-o-capuchinho-que-evangelizou-o-nordeste-brasileiro-e-e-agora-veneravel","status":"publish","type":"post","link":"https:\/\/portalcatolico.net\/portal\/frei-damiao-o-capuchinho-que-evangelizou-o-nordeste-brasileiro-e-e-agora-veneravel\/","title":{"rendered":"Frei Dami\u00e3o: O capuchinho que evangelizou o nordeste brasileiro e \u00e9 agora Vener\u00e1vel"},"content":{"rendered":"<p>Entre os sete decretos assinados pelo Papa Francisco que reconhecem as virtudes heroicas de novos Vener\u00e1veis est\u00e1 tamb\u00e9m o de Frei Dami\u00e3o de Bozzano, capuchinho que evangelizou o Nordeste brasileiro e dizia ser apenas um mensageiro de Deus.<\/p>\n<p>Frei Dami\u00e3o nasceu em Bozzano, na It\u00e1lia, em 5 de novembro de 1898, tendo recebido o nome de Pio Gianotti. Era o segundo dos cinco filhos do casal de camponeses Felice e Maria Giannotti, de s\u00f3lida forma\u00e7\u00e3o cat\u00f3lica.<\/p>\n<p>Ainda aos 10 anos, ap\u00f3s ser crismado, come\u00e7ou a expressar os primeiros sinais de voca\u00e7\u00e3o e, aos 13 anos, ingressou no Semin\u00e1rio Ser\u00e1fico de Camigliano, da Ordem dos Frades Menores Capuchinhos, em 17 de mar\u00e7o de 1911.<\/p>\n<p>Aos 17 anos, em julho de 1915, emitiu os primeiros votos e recebeu o nome de Frei Dami\u00e3o de Bozzano. Entretanto, precisou interromper os seus estudos de Filosofia ap\u00f3s ser convocado, em setembro de 1918, para o servi\u00e7o militar na Primeira Guerra Mundial.<\/p>\n<p>Retornou ao Convento ao fim da Guerra e emitiu sua profiss\u00e3o perp\u00e9tua. Em 1920, foi estudar Teologia na Pontif\u00edcia Universidade Gregoriana, em Roma.<\/p>\n<p>Frei Dami\u00e3o foi ordenado sacerdote em 25 de agosto de 1923, na&nbsp;igreja&nbsp;do antigo Col\u00e9gio S\u00e3o Louren\u00e7o de Br\u00edndisi, em Roma. E, em 1931, foi enviado ao Brasil, onde chegou em 17 de junho, tendo se estabelecido no Convento Nossa Senhora da Penha, em Recife (PE). Ap\u00f3s esta chegada, foram 66 anos dedicados \u00e0s Santas Miss\u00f5es.<\/p>\n<p>As Santas Miss\u00f5es eram vistas como \u201ctempo forte de gra\u00e7a e convers\u00e3o\u201d, que costumavam durar de segunda-feira a domingo. Durante esta semana mission\u00e1ria, o frade proclamava a Palavra de Deus em uma cidade, por isso, afirmava ser apenas um mensageiro de Deus.<\/p>\n<p>As Santas Miss\u00f5es contavam com serm\u00f5es, catequeses, encontros espec\u00edficos com homens, mulheres, jovens, crian\u00e7as, visitava os doentes, os presos. Al\u00e9m disso, dedicava-se ao sacramento da Reconcilia\u00e7\u00e3o, atendendo confiss\u00f5es por mais de 12 horas por dia, orientando os cora\u00e7\u00f5es para Cristo.<\/p>\n<p>Com os anos, adquiriu uma deforma\u00e7\u00e3o na coluna que o deixou encurvado, provocando dificuldades na fala e na respira\u00e7\u00e3o. Al\u00e9m disso, durante muito tempo, sofre de erisipela, devido \u00e0 m\u00e1 circula\u00e7\u00e3o sangu\u00ednea.<\/p>\n<p>Em 1990, sofreu uma embolia pulmonar, por isso, a partir de ent\u00e3o, diminuiu o ritmo das Santas Miss\u00f5es, passando apenas para os finais de semana. Mas, sua sa\u00fade se agravou em 1997, ano em que realizou sua \u00faltima Santa Miss\u00e3o na cidade de Capoeiras (PE), no m\u00eas de fevereiro.<\/p>\n<p>Em 12 de maio de 1997, foi internado no Real Hospital Portugu\u00eas, na capital pernambucana, onde foi visto realizando aquele que foi chamada \u201csua \u00faltima miss\u00e3o\u201d, rezou o ter\u00e7o com o povo em uma das salas do hospital.<\/p>\n<p>No dia seguinte, 13 de maio, sofreu um derrame cerebral e foi levado para a UTI, vindo a falecer em 31 de maio de 1997, aos 98 anos. Seu corpo foi enterrado na capela de Nossa Senhora das Gra\u00e7as, de quem era devoto, no Convento S\u00e3o F\u00e9lix, em Recife.<\/p>\n<p>Frei Dami\u00e3o de Bozzano \/ Foto: www.capuchinhos.org.br<\/p>\n<p>Por Natalia Zimbr\u00e3o\/ACI Digital<\/p>\n","protected":false},"excerpt":{"rendered":"<p>Entre os sete decretos assinados pelo Papa Francisco que reconhecem as virtudes heroicas de novos Vener\u00e1veis est\u00e1 tamb\u00e9m o de Frei Dami\u00e3o de Bozzano, capuchinho que evangelizou o Nordeste brasileiro e dizia ser apenas um mensageiro de Deus. Frei Dami\u00e3o nasceu em Bozzano, na It\u00e1lia, em 5 de novembro de 1898, tendo recebido o nome&nbsp;<\/p>\n<p><a class=\"btn btn-style\" href=\"https:\/\/portalcatolico.net\/portal\/frei-damiao-o-capuchinho-que-evangelizou-o-nordeste-brasileiro-e-e-agora-veneravel\/\">Continue Reading<\/a><\/p>\n","protected":false},"author":2,"featured_media":64078,"comment_status":"open","ping_status":"open","sticky":false,"template":"","format":"standard","meta":{"footnotes":""},"categories":[69],"tags":[],"class_list":["post-64077","post","type-post","status-publish","format-standard","has-post-thumbnail","hentry","category-artigos"],"_links":{"self":[{"href":"https:\/\/portalcatolico.net\/portal\/wp-json\/wp\/v2\/posts\/64077","targetHints":{"allow":["GET"]}}],"collection":[{"href":"https:\/\/portalcatolico.net\/portal\/wp-json\/wp\/v2\/posts"}],"about":[{"href":"https:\/\/portalcatolico.net\/portal\/wp-json\/wp\/v2\/types\/post"}],"author":[{"embeddable":true,"href":"https:\/\/portalcatolico.net\/portal\/wp-json\/wp\/v2\/users\/2"}],"replies":[{"embeddable":true,"href":"https:\/\/portalcatolico.net\/portal\/wp-json\/wp\/v2\/comments?post=64077"}],"version-history":[{"count":1,"href":"https:\/\/portalcatolico.net\/portal\/wp-json\/wp\/v2\/posts\/64077\/revisions"}],"predecessor-version":[{"id":64079,"href":"https:\/\/portalcatolico.net\/portal\/wp-json\/wp\/v2\/posts\/64077\/revisions\/64079"}],"wp:featuredmedia":[{"embeddable":true,"href":"https:\/\/portalcatolico.net\/portal\/wp-json\/wp\/v2\/media\/64078"}],"wp:attachment":[{"href":"https:\/\/portalcatolico.net\/portal\/wp-json\/wp\/v2\/media?parent=64077"}],"wp:term":[{"taxonomy":"category","embeddable":true,"href":"https:\/\/portalcatolico.net\/portal\/wp-json\/wp\/v2\/categories?post=64077"},{"taxonomy":"post_tag","embeddable":true,"href":"https:\/\/portalcatolico.net\/portal\/wp-json\/wp\/v2\/tags?post=64077"}],"curies":[{"name":"wp","href":"https:\/\/api.w.org\/{rel}","templated":true}]}}